{"id":17279,"date":"2013-10-04T20:46:56","date_gmt":"2013-10-04T18:46:56","guid":{"rendered":"http:\/\/vpmedias.fr\/?p=17279"},"modified":"2013-10-07T18:09:31","modified_gmt":"2013-10-07T16:09:31","slug":"linterview-agreable-de-julienef-mini-interview","status":"publish","type":"post","link":"https:\/\/vpmedias.fr\/?p=17279","title":{"rendered":"L&rsquo;interview agr\u00e9able de Julienlef (mini-interview)"},"content":{"rendered":"<p><em>Une petite anecdote ? Non, vous ne voulez pas ? Dommage, parce que vous n&rsquo;avez pas le choix ! <!--more--><\/em><\/p>\n<p><em>Julienlef m&rsquo;a contact\u00e9 pour passer un petit quart d&rsquo;heure agr\u00e9able dans mon bureau r\u00e9serv\u00e9 \u00e0 \u00ab\u00a0cet\u00a0\u00bb effet. Etant donn\u00e9 qu&rsquo;il m&rsquo;a contact\u00e9 durant l&rsquo;entre-deux tours je lui ai propos\u00e9 de faire l&rsquo;interview soit en vitesse maintenant, soit apr\u00e8s les r\u00e9sultats du second tour. Il a choisit les deux, ce bougre ! Voil\u00e0 donc une premi\u00e8re interview agr\u00e9able de Julienlef. La seconde sera de taille normale, celle-ci \u00e9tant exclusivement ax\u00e9 sur les pr\u00e9sidentielles (pas seulement celles en cours en revanche).\u00a0<\/em><\/p>\n<p><strong>Kerlinn : Bonjour Julienlef et bienvenue dans ce bureau d&rsquo;interview. Merci d&rsquo;avoir fait le d\u00e9placement. Mets-toi donc \u00e0 ton aise, installes-toi, fais comme chez toi ! Besoin de quelque chose, \u00e0 boire ?<\/strong><\/p>\n<p>Julienlef : Coin Coin ! Ce bureau est tr\u00e8s chaleureux. C&rsquo;est avec plaisir que j&rsquo;ai fait le d\u00e9placement (du 2\u00e8me \u00e9tage au sous sol, c&rsquo;est pas loin :D).<br \/>\nPour moi, \u00e7a sera une grenadine, s&rsquo;il te pla\u00eet.<\/p>\n<p><strong>K : Voil\u00e0 pour toiii ! Nous allons rapidement parler des pr\u00e9sidentielles, si tu le veux bien ; et nous nous attarderons plus longuement sur ton parcours dans une prochaine interview, apr\u00e8s les pr\u00e9sidentielles.<\/strong><br \/>\n<strong>Je peux voir que tu soutiens Jacquesdefranc aux pr\u00e9sidentielles. Alors que l&rsquo;on annon\u00e7ait un score qui entre 14 et 17% pour lui, il a obtenu 23%, arriver premier du premier tour et se qualifie donc ais\u00e9ment pour le second. Que penser de cela ?<\/strong><\/p>\n<p>J : Cela fait longtemps que l&rsquo; \u00ab\u00a0outsider\u00a0\u00bb -peu importe la campagne- fait un score honorable. Il fallait se douter qu&rsquo;un jour, il allait passer le premier tour. J&rsquo;esp\u00e8re que ce ne sera pas la derni\u00e8re fois. Cependant, Druuna m\u00e9ritait aussi sa place au second tour.<\/p>\n<p><strong>K : As-tu \u00e9t\u00e9 actif pour sa campagne ? Si oui, en quoi ?<\/strong><\/p>\n<p>J : Oui j&rsquo;ai \u00e9t\u00e9 actif dans sa campagne, j&rsquo;ai vot\u00e9 pour lui, c&rsquo;est d\u00e9j\u00e0 bien :)<\/p>\n<p><strong>K : Penses-tu avoir une place au Gouvernement si Jacquesdefranc est \u00e9lu ?<\/strong><\/p>\n<p>J : J&rsquo;ai demand\u00e9 de ne pas \u00eatre au Gouvernement. Je pense que je ne pourrais pas assumer un second mandat de Ministre, \u00e0 la suite. J&rsquo;ai un projet pour mon dernier multi (Jujulienlef), \u00e7a va me prendre du temps.<\/p>\n<p><strong>K : Si ce n&rsquo;\u00e9tait pas Jacquesdefranc, qui aimerais-tu voir parmi tous les candidats du premier tour, en tant que pr\u00e9sident ?<\/strong><\/p>\n<p>J : En toute franchise, Druuna m\u00e9ritait d&rsquo;avoir plus de voix. Cependant, Kenpachii ou Emolga ont un tr\u00e8s bon potentiel.<\/p>\n<p><strong>K : Comptes-tu te pr\u00e9senter un jour aux pr\u00e9sidentielles ?<\/strong><\/p>\n<p>J : Un jour peut-\u00eatre, le jour o\u00f9 ma candidature deviendra une \u00e9vidence. Mon troisi\u00e8me compte va me prendre pas mal de temps, donc c&rsquo;est pas pour le moment.<br \/>\nEt puis Pr\u00e9sident ou non, rien ne m&#8217;emp\u00eache de d\u00e9conner et de m&rsquo;amuser avec vous.<\/p>\n<p><strong>K : Eh bien merci beaucoup d&rsquo;\u00eatre venu&#8230; Et \u00e0 bient\u00f4t, puisque nous devons nous revoir !\u00a0<\/strong><\/p>\n<p>J : La prochaine fois, je te rapporterais un cadeau ;) Bisous baveux !<\/p>\n<p><em>Prochainement, une plus longue interview agr\u00e9able de Julienlef et une autre de Hotre.<\/em><\/p>\n","protected":false},"excerpt":{"rendered":"<p>Une petite anecdote ? Non, vous ne voulez pas ? Dommage, parce que vous n&rsquo;avez pas le choix !<\/p>\n","protected":false},"author":66,"featured_media":17238,"comment_status":"open","ping_status":"open","sticky":false,"template":"","format":"standard","meta":{"site-container-style":"default","site-container-layout":"default","site-sidebar-layout":"default","disable-article-header":"default","disable-site-header":"default","disable-site-footer":"default","disable-content-area-spacing":"default","footnotes":""},"categories":[4],"tags":[],"class_list":["post-17279","post","type-post","status-publish","format-standard","has-post-thumbnail","hentry","category-2-vpmc"],"_links":{"self":[{"href":"https:\/\/vpmedias.fr\/index.php?rest_route=\/wp\/v2\/posts\/17279","targetHints":{"allow":["GET"]}}],"collection":[{"href":"https:\/\/vpmedias.fr\/index.php?rest_route=\/wp\/v2\/posts"}],"about":[{"href":"https:\/\/vpmedias.fr\/index.php?rest_route=\/wp\/v2\/types\/post"}],"author":[{"embeddable":true,"href":"https:\/\/vpmedias.fr\/index.php?rest_route=\/wp\/v2\/users\/66"}],"replies":[{"embeddable":true,"href":"https:\/\/vpmedias.fr\/index.php?rest_route=%2Fwp%2Fv2%2Fcomments&post=17279"}],"version-history":[{"count":4,"href":"https:\/\/vpmedias.fr\/index.php?rest_route=\/wp\/v2\/posts\/17279\/revisions"}],"predecessor-version":[{"id":17294,"href":"https:\/\/vpmedias.fr\/index.php?rest_route=\/wp\/v2\/posts\/17279\/revisions\/17294"}],"wp:featuredmedia":[{"embeddable":true,"href":"https:\/\/vpmedias.fr\/index.php?rest_route=\/wp\/v2\/media\/17238"}],"wp:attachment":[{"href":"https:\/\/vpmedias.fr\/index.php?rest_route=%2Fwp%2Fv2%2Fmedia&parent=17279"}],"wp:term":[{"taxonomy":"category","embeddable":true,"href":"https:\/\/vpmedias.fr\/index.php?rest_route=%2Fwp%2Fv2%2Fcategories&post=17279"},{"taxonomy":"post_tag","embeddable":true,"href":"https:\/\/vpmedias.fr\/index.php?rest_route=%2Fwp%2Fv2%2Ftags&post=17279"}],"curies":[{"name":"wp","href":"https:\/\/api.w.org\/{rel}","templated":true}]}}