{"id":17322,"date":"2013-10-13T21:11:36","date_gmt":"2013-10-13T19:11:36","guid":{"rendered":"http:\/\/vpmedias.fr\/?p=17322"},"modified":"2013-10-15T14:20:07","modified_gmt":"2013-10-15T12:20:07","slug":"linterview-agreable-de-julienlef","status":"publish","type":"post","link":"https:\/\/vpmedias.fr\/?p=17322","title":{"rendered":"L&rsquo;interview agr\u00e9able de Julienlef"},"content":{"rendered":"<p><em>Apr\u00e8s la mini-interview agr\u00e9able de Julienlef, il a tellement appr\u00e9ci\u00e9, qu&rsquo;il a d\u00e9cid\u00e9 de revenir pour la s\u00e9ance prolong\u00e9e.<!--more--><\/em><\/p>\n<p><strong>Kerlinn : Re-bienvenue dans ce bureau agr\u00e9able, mon cher Julienlef ! Maintenant que tu le connais, je ne t&rsquo;invites plus \u00e0 prendre place, nous passons \u00e0 l&rsquo;\u00e9tape sup\u00e9rieure ; cette \u00e9tape est bien \u00e9videmment de nouvelles questions ! Quelque chose peux t&rsquo;aider \u00e0 subir ces questions, les supporter ?<\/strong><\/p>\n<p>Julienlef : Re-merci de m&rsquo;accueillir dans ton magnifique bureau. J&rsquo;aimerais bien avoir un verre d&rsquo;eau bien fra\u00eeche, de l&rsquo;eau des montagnes bien s\u00fbr, des Alpes plus pr\u00e9cisement, celle du sommet pas de la vall\u00e9e&#8230; Non, enfin de compte je n&rsquo;ai pas soif :P<\/p>\n<p><strong>K : Cette fois-ci peux-tu te pr\u00e9senter aux lecteurs ? Tes multis, partis, ton parcours sur VPM, tes nominations, distinctions, gains, tes grands potos&#8230; ?<\/strong><\/p>\n<p>J : Non &#8230; OK ! Pose ton fusil !<br \/> Je suis Julienlef, sur VPM depuis le 03\/03\/2012. J&rsquo;ai \u00e9t\u00e9 au New World Parti, j&rsquo;ai fond\u00e9 L&rsquo;Essor Commun, j&rsquo;ai rejoins les Cafards et je suis aujourd&rsquo;hui chez les Canards. Sur le m\u00eame cmpte, j&rsquo;ai \u00e9t\u00e9 Ministre, soutient de nombreux pr\u00e9sidents, journaliste, pompier, policier, plombier et&#8230; chauffeur de taxi. Sur mon second compte (cr\u00e9\u00e9 lors de ma nomination de ministre) m&rsquo;a servit pour contacter les nouve aux et j&rsquo;ai rejoint THE COME BACK. Enfin, avec mon troisi\u00e8me compte, je compte faire un tour des Partis de VPM (pendant un long moment). Mes amis sont les canards, ex-cafards, vachettes, licornes, chats-canards, chats, poissons et VPMiens :)<\/p>\n<p><strong>K : Jacquesdefranc a \u00e9t\u00e9 \u00e9lu pr\u00e9sident de VPM il y a quelques jours. Un commentaire ?<\/strong><\/p>\n<p>J : J&rsquo;esp\u00e8re que les actions seront \u00e0 la hauteur de l&rsquo;espoir que nous a donn\u00e9 le candidat et l&rsquo;\u00e9quipe. Comme je l&rsquo;ai dit, son \u00e9lection a retard\u00e9 la mort de VPM mais pour combien de temps ? J&rsquo;attends de voir, et je serais le premier \u00e0 dire ce que je pense.<\/p>\n<p><strong>K : Appr\u00e9cies-tu l&rsquo;\u00e9quipe minist\u00e9rielle ?<\/strong><\/p>\n<p>J : Une \u00e9quipe qui s&rsquo;\u00e9tait pas mal dessin\u00e9 au cours de la campagne, il n&rsquo;y a pas beaucoup de jeunes, c&rsquo;est dommage. J&rsquo;esp\u00e8re que le travail d&rsquo;\u00e9quipe sera au rendez-vous<\/p>\n<p><strong>K : Jacquesdefranc a offert un poste \u00e0 emolga et adriop, deux candidats qui ont indiqu\u00e9s \u00e0 leurs \u00e9lecteurs de se reporter sur lui. Que penser de cela ?<\/strong><\/p>\n<p>J : Cette pratique ne peut \u00eatre que regrettable, donner un poste pour un repport, au lieu de donner un poste pour un engagement au sein de la communaut\u00e9. Cela ne me pla\u00eet pas du tout, j&rsquo;appr\u00e9cie Emolga et Adriop, seulement je pense que d&rsquo;autre m\u00e9ritaient ces places<\/p>\n<p><strong>K : As-tu pr\u00e9vu quelques petites choses pour le mandat de Jacquesdefranc ?<\/strong><\/p>\n<p>J : De la soupe \u00e0 la tomate ? Je plaisante. PENDANT le mandat de JdF j&rsquo;ai des projets mais POUR le mandat de JdF je n&rsquo;en ai pas. J&rsquo;ai pr\u00e9vu, cependant, de participer aux animations , c&rsquo;est d\u00e9j\u00e0 bien :)<\/p>\n<p><strong>K : Quels sont donc ces projets ?<\/strong><\/p>\n<p>J :\u00a0Relever VPM&#8230; comme il le peut.<br \/> Il avait la carrure pour \u00eatre dans un gouvernement mais pas \u00e0 sa t\u00eate.<\/p>\n<p><strong>K : Tu fais partie de VPMonde, un m\u00e9dia externe \u00e0 VPM, tel que VPM\u00e9dias. Qu&rsquo;est-ce que tu y fais exactement ?<\/strong><\/p>\n<p>J : Je faisais partie du VPMonde, aujourd&rsquo;hui je suis sur VPM\u00e9dias. Lors de l&rsquo;ancienne version, j&rsquo;\u00e9tais responsable de la mise en forme et du site. J&rsquo;avais organis\u00e9 les VPMincrustes (interviews de nouveaux joueurs).<\/p>\n<p><strong>K : De qui est constitu\u00e9 l&rsquo;\u00e9quipe ?<\/strong><\/p>\n<p>J : L&rsquo;\u00e9quipe du VPMonde est aujourd&rsquo;hui compos\u00e9e de Spendzst et de &#8230; Spendzst (a)<\/p>\n<p><strong>K : Quelles am\u00e9liorations souhaiterais-tu apporter \u00e0 ce site ?<\/strong><\/p>\n<p>J : Je conseillerais \u00e0 Spendzst de faire attention; attention \u00e0 rester neutre.<\/p>\n<p><strong>K : Avez-vous couvert les pr\u00e9sidentielles ?<\/strong><\/p>\n<p>J : Le VPMonde a essay\u00e9 de couvrire les pr\u00e9sis en cr\u00e9ant une multitude de sondage, en multipliant les \u00e9dition sp\u00e9ciales&#8230; J&rsquo;ai peur que les VPMiens fassent une overdose<\/p>\n<p><strong>K : Spendzst a organis\u00e9 le d\u00e9bat pr\u00e9sidentiel aux c\u00f4t\u00e9s de Magne. Un mot \u00e0 ce sujet ?<\/strong><\/p>\n<p>J : D\u00e9ception. L&rsquo;organisation du d\u00e9bat \u00e9tait catastrophique et il a ensuite remix\u00e9 le d\u00e9bat \u00e0 sa sauce. Je l&rsquo;avoue, j&rsquo;ai lu le d\u00e9bat sur VPM\u00e9dias, il \u00e9tait enti\u00e9 et bien mis en page.<\/p>\n<p><strong>K : Parlons un petit peu du Retour du Canard D\u00e9cha\u00een\u00e9. On a vu ces derniers temps, une foule de canards envahir le forum, envoy\u00e9s par Magne, Rzewenski et un petit peu moi-m\u00eame. Pourquoi n&rsquo;as-tu pas particip\u00e9 ?<\/strong><\/p>\n<p>J : Je venais juste d&rsquo;arriver. Cependant lors de l&rsquo;Universit\u00e9 des Canards, j&rsquo;ai post\u00e9 un discours (disponible sur le forum des canards). Je serais plus canard dans les jours \u00e0 venir ;)<\/p>\n<p><strong>K : Ne penses-tu pas que cela a pu nuire \u00e0 la r\u00e9putation des Canards ?<\/strong><\/p>\n<p>J : Au contraire, il ne faut pas se prendre au s\u00e9rieux, p\u00e9tons un coup. Ce flood permet de r\u00e9animer le forum et de faire promouvoir ce magnifique animal qu&rsquo;est le canard.<\/p>\n<p><strong>K : Que penser de l&rsquo;auto-proclamation de Magne en tant que nouveau pape ?<\/strong><\/p>\n<p>J : VIVE MAGNE Ier ! GLOIRE AU PAPE ! &#8230; *tend la main pour avoir son billet*<\/p>\n<p><strong>K : Quelque chose \u00e0 ajouter ?<\/strong><\/p>\n<p>J : JOUEZ ! Ne vous prenez pas la t\u00eate ! Humorisitque = Dr\u00f4le =\/= Relou Merci Kerlinn pour l&rsquo;interview :)<\/p>\n<p><strong>K : Eh bien merci de t&rsquo;\u00eatre d\u00e9plac\u00e9 \u00e0 nouveau, d&rsquo;avoir \u00e0 nouveau mont\u00e9 quelques \u00e9tages ! Au plaisir de te croiser dans les couloirs du Canard !<\/strong><\/p>\n","protected":false},"excerpt":{"rendered":"<p>Apr\u00e8s la mini-interview agr\u00e9able de Julienlef, il a tellement appr\u00e9ci\u00e9, qu&rsquo;il a d\u00e9cid\u00e9 de revenir pour la s\u00e9ance prolong\u00e9e.<\/p>\n","protected":false},"author":66,"featured_media":17238,"comment_status":"open","ping_status":"open","sticky":false,"template":"","format":"standard","meta":{"site-container-style":"default","site-container-layout":"default","site-sidebar-layout":"default","disable-article-header":"default","disable-site-header":"default","disable-site-footer":"default","disable-content-area-spacing":"default","footnotes":""},"categories":[4],"tags":[],"class_list":["post-17322","post","type-post","status-publish","format-standard","has-post-thumbnail","hentry","category-2-vpmc"],"_links":{"self":[{"href":"https:\/\/vpmedias.fr\/index.php?rest_route=\/wp\/v2\/posts\/17322","targetHints":{"allow":["GET"]}}],"collection":[{"href":"https:\/\/vpmedias.fr\/index.php?rest_route=\/wp\/v2\/posts"}],"about":[{"href":"https:\/\/vpmedias.fr\/index.php?rest_route=\/wp\/v2\/types\/post"}],"author":[{"embeddable":true,"href":"https:\/\/vpmedias.fr\/index.php?rest_route=\/wp\/v2\/users\/66"}],"replies":[{"embeddable":true,"href":"https:\/\/vpmedias.fr\/index.php?rest_route=%2Fwp%2Fv2%2Fcomments&post=17322"}],"version-history":[{"count":4,"href":"https:\/\/vpmedias.fr\/index.php?rest_route=\/wp\/v2\/posts\/17322\/revisions"}],"predecessor-version":[{"id":17324,"href":"https:\/\/vpmedias.fr\/index.php?rest_route=\/wp\/v2\/posts\/17322\/revisions\/17324"}],"wp:featuredmedia":[{"embeddable":true,"href":"https:\/\/vpmedias.fr\/index.php?rest_route=\/wp\/v2\/media\/17238"}],"wp:attachment":[{"href":"https:\/\/vpmedias.fr\/index.php?rest_route=%2Fwp%2Fv2%2Fmedia&parent=17322"}],"wp:term":[{"taxonomy":"category","embeddable":true,"href":"https:\/\/vpmedias.fr\/index.php?rest_route=%2Fwp%2Fv2%2Fcategories&post=17322"},{"taxonomy":"post_tag","embeddable":true,"href":"https:\/\/vpmedias.fr\/index.php?rest_route=%2Fwp%2Fv2%2Ftags&post=17322"}],"curies":[{"name":"wp","href":"https:\/\/api.w.org\/{rel}","templated":true}]}}