{"id":17361,"date":"2013-10-27T23:35:43","date_gmt":"2013-10-27T21:35:43","guid":{"rendered":"http:\/\/vpmedias.fr\/?p=17361"},"modified":"2013-10-27T23:35:43","modified_gmt":"2013-10-27T21:35:43","slug":"et-beh-vaut-mieux-en-rire","status":"publish","type":"post","link":"https:\/\/vpmedias.fr\/?p=17361","title":{"rendered":"Et beh vaut mieux en rire"},"content":{"rendered":"<p style=\"text-align: justify;\"><em>\u00ab\u00a0Une alliance vient d&rsquo;\u00eatre sign\u00e9e par les Rayvolutionnaires par la voix de Julienlef. Voici les closes du contrat<\/em><\/p>\n<p style=\"text-align: justify;\"><em>&#8211; Modernisation de l&rsquo;id\u00e9ologie<\/em><br \/>\n<em> &#8211; Renvoi de Chlochlos du Mouvement Rayvolutionnaire.<\/em><br \/>\n<em> &#8211; Mise en place d&rsquo;un nouveau leader Rayvolutionnaire.<\/em><br \/>\n<em> &#8211; D\u00e9ch\u00e9ance publique de Chlochlos par les Rayvolutionnaires.\u00a0\u00bb<\/em><\/p>\n<p style=\"text-align: justify;\">Ah la bonne blague, voici ce qu&rsquo;on peu lire sur Facebook. Tout d&rsquo;abord, je vais r\u00e9pondre point par point, \u00e0 cette blague.<\/p>\n<p style=\"text-align: justify;\">Tout d&rsquo;abord, aucune alliance n&rsquo;a \u00e9t\u00e9 sign\u00e9, \u00e9tant le leader des rayvolutionnaires depuis maintenant 2010, j&rsquo;affirme haut et fort que le mouvement, bien que \u00e9loign\u00e9 de certaines valeurs du pr\u00e9sident, soutient la le pr\u00e9sident JacquesDeFranc. Ainsi, vous noterez que Julienlef, n&rsquo;est pas le leader, il est certes une composante de notre mouvement. Cependant, je dicte, et il ex\u00e9cute, toute personne, souhaitant ne plus suivre la consigne donn\u00e9 durant la pr\u00e9sidentielle, qui est celle du soutien \u00e0 JdF doit quitter le mouvement.<\/p>\n<p style=\"text-align: justify;\">Ensuite, je vais revenir, sur \u00ab\u00a0modernisation de l&rsquo;id\u00e9ologie\u00a0\u00bb, je pense que si les rayvolutionnaires, souhaitent un jour \u00eatre cr\u00e9dibles, ils doivent \u00eatre en phase, avec les joueurs de vpm. Ainsi, une modernisation de l&rsquo;id\u00e9ologie d\u00e9j\u00e0 tr\u00e8s moderne, sera \u00e0 mon sens, une chute de la cr\u00e9dibilit\u00e9 du mouvement. Ainsi, nous pouvons voir que l&rsquo;id\u00e9e de l&rsquo;assembl\u00e9e nationale, fait son chemin dans les esprits, qu&rsquo;un ministre \u00e9lu fait aussi son chemin. De montrer une opposition au pr\u00e9sident est d\u00e9j\u00e0 en marche, avec la mise en place des tomates par exemple.<\/p>\n<p style=\"text-align: justify;\">Je vais revenir maintenant sur \u00ab\u00a0Renvoi de Chlochlos du Mouvement Rayvolutionnaire.\u00a0\u00bb et bien, chiche\u00a0? Je rappel que d\u00e9j\u00e0 plusieurs fois on a tent\u00e9 des man\u0153uvre contre moi, et pourtant, je suis toujours dans ce mouvement que j&rsquo;ai cr\u00e9\u00e9, en m&rsquo;opposant au dictateur Saphir, car ceux qui souhaitent mon renvoi, ne connaissent pas la p\u00e9riode douloureuse qu&rsquo;avait v\u00e9cu VPM.<br \/>\nParce que ceux qui souhaitent mon renvoi, n&rsquo;ont jamais manifester la moindre opposition virulente.<br \/>\nParce que ceux qui souhaitent mon renvoi, n&rsquo;ont jamais eu une opposition construite, au del\u00e0 de ce que j&rsquo;ai toujours propos\u00e9.<\/p>\n<p style=\"text-align: justify;\">Ensuite, \u00ab\u00a0Mise en place d&rsquo;un nouveau leader Rayvolutionnaire.\u00a0\u00bb pourquoi pas\u00a0? Mais, alors la d\u00e9mocratie, doit \u00eatre au c\u0153ur de ce processus, comme en 2012, o\u00f9 lors de primaires, les Vpmiens, m&rsquo;avaient donn\u00e9 une nouvelle l\u00e9gitimit\u00e9, avec 83 voix face \u00e0 Flutococo. Et alors, je serai candidat \u00e0 ma succession, et je suis confiant, quant au r\u00e9sultat qui suivrai.<\/p>\n<p style=\"text-align: justify;\">Enfin \u00ab\u00a0D\u00e9ch\u00e9ance publique de Chlochlos par les Rayvolutionnaires.\u00a0\u00bb Et bien, que de violence, que de violence\u00a0! Le but des rayvolutionnaire, n&rsquo;est pas le respect de la d\u00e9mocratie\u00a0? Et bien si, je le rappel ici. Alors, d\u00e9ch\u00e9ance publique, et bien organisons une \u00e9lection et nous verrons:)<\/p>\n","protected":false},"excerpt":{"rendered":"<p>\u00ab\u00a0Une alliance vient d&rsquo;\u00eatre sign\u00e9e par les Rayvolutionnaires par la voix de Julienlef. Voici les closes du contrat &#8211; Modernisation de l&rsquo;id\u00e9ologie &#8211; Renvoi de Chlochlos du Mouvement Rayvolutionnaire. &#8211; Mise en place d&rsquo;un nouveau leader Rayvolutionnaire. &#8211; D\u00e9ch\u00e9ance publique de Chlochlos par les Rayvolutionnaires.\u00a0\u00bb Ah la bonne blague, voici ce qu&rsquo;on peu lire sur [&hellip;]<\/p>\n","protected":false},"author":14,"featured_media":0,"comment_status":"open","ping_status":"open","sticky":false,"template":"","format":"standard","meta":{"site-container-style":"default","site-container-layout":"default","site-sidebar-layout":"default","disable-article-header":"default","disable-site-header":"default","disable-site-footer":"default","disable-content-area-spacing":"default","footnotes":""},"categories":[302],"tags":[],"class_list":["post-17361","post","type-post","status-publish","format-standard","hentry","category-5-la-tribune-libre"],"_links":{"self":[{"href":"https:\/\/vpmedias.fr\/index.php?rest_route=\/wp\/v2\/posts\/17361","targetHints":{"allow":["GET"]}}],"collection":[{"href":"https:\/\/vpmedias.fr\/index.php?rest_route=\/wp\/v2\/posts"}],"about":[{"href":"https:\/\/vpmedias.fr\/index.php?rest_route=\/wp\/v2\/types\/post"}],"author":[{"embeddable":true,"href":"https:\/\/vpmedias.fr\/index.php?rest_route=\/wp\/v2\/users\/14"}],"replies":[{"embeddable":true,"href":"https:\/\/vpmedias.fr\/index.php?rest_route=%2Fwp%2Fv2%2Fcomments&post=17361"}],"version-history":[{"count":2,"href":"https:\/\/vpmedias.fr\/index.php?rest_route=\/wp\/v2\/posts\/17361\/revisions"}],"predecessor-version":[{"id":17367,"href":"https:\/\/vpmedias.fr\/index.php?rest_route=\/wp\/v2\/posts\/17361\/revisions\/17367"}],"wp:attachment":[{"href":"https:\/\/vpmedias.fr\/index.php?rest_route=%2Fwp%2Fv2%2Fmedia&parent=17361"}],"wp:term":[{"taxonomy":"category","embeddable":true,"href":"https:\/\/vpmedias.fr\/index.php?rest_route=%2Fwp%2Fv2%2Fcategories&post=17361"},{"taxonomy":"post_tag","embeddable":true,"href":"https:\/\/vpmedias.fr\/index.php?rest_route=%2Fwp%2Fv2%2Ftags&post=17361"}],"curies":[{"name":"wp","href":"https:\/\/api.w.org\/{rel}","templated":true}]}}