{"id":17370,"date":"2013-10-30T17:52:39","date_gmt":"2013-10-30T15:52:39","guid":{"rendered":"http:\/\/vpmedias.fr\/?p=17370"},"modified":"2013-10-30T22:31:37","modified_gmt":"2013-10-30T20:31:37","slug":"linterview-agreable-de-sesseo","status":"publish","type":"post","link":"https:\/\/vpmedias.fr\/?p=17370","title":{"rendered":"L&rsquo;interview agr\u00e9able de Sesseo"},"content":{"rendered":"<p style=\"text-align: justify;\"><em>Apr\u00e8s une tr\u00e8s petite pause, mon bureau agr\u00e9able a rouvert ses portes et de nombreuses sont en train d&rsquo;y passer ou y sont pass\u00e9es. La premi\u00e8re d&rsquo;entre elle a \u00e9t\u00e9 Sesseo. <!--more-->Voici donc le bilan de cette nuit agit\u00e9e.<\/em><\/p>\n<p style=\"text-align: justify;\"><strong>Kerlinn : Bonjour et bienvenue dans ce bureau si agr\u00e9able qui est le mien ; pour cette interview agr\u00e9able dont tant raffole, mon cher Sesseo. Je t&rsquo;en prie, fais comme chez toi, mets-ton \u00e0 ton aise, je veux qu&rsquo;ici, tout le monde se sente le mieux du monde. Est-ce que quelque chose \u00e0 manger et\/ou \u00e0 boire t&rsquo;aiderait dans cette t\u00e2che ?<\/strong><\/p>\n<p style=\"text-align: justify;\">Sesseo : Bonjour Kerlinn ! En effet quel agr\u00e9able bureau que voil\u00e0, orn\u00e9 de photos de Jaquesdefranc, n\u00f4tre bien aim\u00e9 pr\u00e9sident, de n\u00f4tre illustre pape Magne et de notre championne nationale F\u00e9l\u00e9non\u2026 Et oui comme tu le sais, je raffole des plaisirs simples de la vie comme le loto ou la course \u00e0 reculons, ou bien le lancer de tomate, et pour m\u2019aider dans cette t\u00e2che rien de tel qu\u2019un bon Whisky import\u00e9 de la distillerie monumentale de notre grand et bien-aim\u00e9 pape Magne !<\/p>\n<p style=\"text-align: justify;\"><strong>K : Ah non ah non ! Ici il n&rsquo;y a que des photos tir\u00e9 du calendrier des Dieux du Stade et des magazines Playboy. L\u00e0 tu parles de mon autre bureau, celui que je r\u00e9serve aux personnes moches (a).\u00a0<\/strong><br \/>\n<strong>Voici donc un whisky pour toi !<\/strong><\/p>\n<p style=\"text-align: justify;\">S : Oh zut, j\u2019ai d\u00fb confondre notre superbe pr\u00e9sident avec un dieu du stade, et notre superbe Felenon avec le dernier poster central de *******, quelle affreuse confusion ! Allez, un bon whisky et tout repart (enfin presque) !<\/p>\n<p style=\"text-align: justify;\"><strong>K : Peux-tu te pr\u00e9senter \u00e0 nos lecteurs ? Tes multis, tes partis, ton parcours sur le jeu ?<\/strong><\/p>\n<p style=\"text-align: justify;\">S : (se relaxe sur son fauteuil en cuir noir, le cuir mmmm\u2026. Le bon cuir de vachette \u00e7a\u2026, et prend une pose pensive) Et bien je suis Sesseo, arriv\u00e9 par hasard une belle matin\u00e9e de juin 2012, en pleine r\u00e9vision pour le brevet. Mon premier parti fut l\u2019essor commun de Julienlef, rencontr\u00e9 gr\u00e2ce \u00e0 un autre vpmien que j\u2019avais rencontr\u00e9 sur un march\u00e9, Laurence. Ce fut une exp\u00e9rience g\u00e9niale, d\u2019autant que c\u2019est \u00e0 cet \u00e9poque que j\u2019ai commenc\u00e9 \u00e0 m\u2019impliquer dans la vie publique de VPM, en organisa des primaires Julienlef\/\/Laurence, qui ont d\u00e9bouch\u00e9 sur la victoire de cette derni\u00e8re, qui se pr\u00e9senta en septembre 2012. Mais revenons au parti, et suite \u00e0 des querelles internes \u00e0 l\u2019essor commun, je suis all\u00e9 rejoindre un parti soutient de Laurence ou je fus seul pendant 3 semaines, ce qui \u00e9tait ma foi (sirote un fond de whisky) un peu ennuyeux. Vient alors la c\u00e9l\u00e8bre ligue des partis du nouveau venu Spendszt, v\u00e9ritable arm\u00e9e mexicaine ou je fus malgr\u00e9 moi int\u00e9gr\u00e9. Evidemment vint le superbe combat des cheffes ou je pris position pour la f\u00eal\u00e9e ^w^ et qui finit par d\u00e9truire cet ouvrage diabolique mouahaha !!! Enfin je suis rest\u00e9 en ind\u00e9pendant dans mon parti personnel, baptis\u00e9 UDL, ou je recrutais des coll\u00e8gues de campagne motiv\u00e9, et riche aussi ^w^ (se ressert, bon whisky \u00e7a !). Mais vint \u00e9videmment les pr\u00e9sidentielles Catwoman, ou, directeur de campagne de Laurence, je luttais avec elle pour la cause des fans de Lady Gaga, qui au 1er tour fit 18%. C\u2019est alors qu\u2019avec quelques amis, Cocopol, Laurence et Askari, nous d\u00e9cid\u00e2mes de cr\u00e9er un m\u00e9dia ind\u00e9pendant, le CLUB VPM, qui \u00e9tait une \u00e9mission t\u00e9l\u00e9vis\u00e9e, avec des news, des rubriques humoristiques et des chroniques. Il eut un franc succ\u00e8s mais d\u00fb s\u2019arr\u00eater pour cause de conflits d\u2019int\u00e9r\u00eats (sombre histoire = ( ). C\u2019est \u00e9galement en m\u00eame temps que je rejoignis les Cafards S\u00e9duisants (et oui je bougeais beaucoup, j\u2019\u00e9tais jeune oulaaa), parti anim\u00e9 ou je fis la rencontre de Joecafard, Kenpachii et ou j\u2019ai commenc\u00e9 \u00e0 avoir une relation \u00e9troite avec Jaquesdefranc. C\u2019est \u00e9galement avec ce parti ou je remportai ma plus grande ville, Bordeaux, accompagn\u00e9 du pr\u00e9sident G\u00e9ostar, dont c\u2019est la ville de c\u0153ur ^^. Enfin vint les pr\u00e9sidentielles Rataxes, ou, d\u00e9\u00e7u de l\u2019ambiance du jeu qui se d\u00e9gradait, je d\u00e9cidai alors de quitter plusieurs mois VPM, jusqu\u2019en ao\u00fbt 2013, ou j\u2019int\u00e9grais le parti Occulte, jeune parti tenu par un jeune (aussi ^^) Snow. Et puis vint le temps des pr\u00e9sidentielles Jaquesdefranc ou je fis campagne pour notre pr\u00e9sident \uf04a\u2026 Ah nostalgie (boit un coup) ^^.<\/p>\n<p style=\"text-align: justify;\"><strong>K : Tu as soutenu Jacquesdefranc aux pr\u00e9c\u00e9dentes pr\u00e9sidentielles. D&rsquo;apr\u00e8s son d\u00e9but de mandat, penses-tu que c&rsquo;\u00e9tait un bon choix ?<\/strong><\/p>\n<p style=\"text-align: justify;\">S : Oui, et l\u2019on peut le constater, depuis que Jaquesdefranc est en poste, VPM est en train de repartir. Je ne dis pas que nous sommes tir\u00e9 d\u2019affaire, mais si on regarde on note bien que le nombre d\u2019actif et de connect\u00e9 a doubl\u00e9 voire tripl\u00e9 en un seul mois ! Egalement au niveau des partis, le recrutement a explos\u00e9, et on note l\u2019apparition d\u2019une nouvelle vague de jeune joueurs talentueux et investis, donc oui je pense que c\u2019\u00e9tait un bon choix pour le jeu et pour la communaut\u00e9, et l\u2019\u00e9quipe gouvernementale a \u00e9t\u00e9 finement choisie, tant \u00e0 la qualit\u00e9 de ses interventions qu\u2019a son investissement dans la partie animation.<\/p>\n<p style=\"text-align: justify;\"><strong>K : L&rsquo;as-tu aid\u00e9 dans sa campagne ?<\/strong><\/p>\n<p style=\"text-align: justify;\">S : Je m\u2019occupais des avatars et des th\u00e8mes visuels, et j\u2019ai pu faire plusieurs interventions sur la radio de la Spendsztouille, le VPMonde. Mais je me suis \u00e9galement occup\u00e9 de tractages, surtout juste avant le 1er tour, et j\u2019ai brief\u00e9 certains membres de notre \u00e9quipe ^^. Bien entendu j\u2019ai \u00e9t\u00e9 l\u2019un de ses principaux supporter avec Summerzik ou Boblecave, et je me suis aussi occup\u00e9 de la partie budget en proposant le bien-aim\u00e9 imp\u00f4t de 7,7% ^w^.<\/p>\n<p style=\"text-align: justify;\"><strong>K : Participes-tu \u00e0 ce mandat de quelque fa\u00e7on que ce soit ?<\/strong><\/p>\n<p style=\"text-align: justify;\">S : Oui, d\u00e9j\u00e0 avec cet imp\u00f4t de 7,7%, mais aussi en proposant de temps en temps de petites animations sympas \u00e0 jouer ^^, dont je pense en relancer bient\u00f4t (mais pas trop pour ne pas faire trop d\u2019ombre au gouvernement en ce d\u00e9but de mandat). Plus s\u00e9rieusement, je m\u2019entretiens assez r\u00e9guli\u00e8rement avec le pr\u00e9sident et son \u00e9quipe, bien que je ne sois pas ministre (boit cul-sec). En parall\u00e8le Jaquesdefranc m\u2019a confi\u00e9 les clefs des LibDems, regardez, les jaunes juste-l\u00e0, avec la mission de garder le mouvement au chaud en l\u2019attente du prochain congr\u00e8s en novembre ^^ (nous avons \u00e9t\u00e9 b\u00e9ni par Magne). A la mi-mandat je compte m\u2019investir diff\u00e9remment, mais je garde la surprise ^^.<\/p>\n<p style=\"text-align: justify;\"><strong>K : Une surprise ?! J&rsquo;aime pas les surprises ! Dis-nous tout !<\/strong><\/p>\n<p style=\"text-align: justify;\">S : Ah mais ^^. Je compte me rapprocher encore plus du gouvernement, mais quand je dis me rapprocher, \u00e7a a tout son sens ^^. Et je me lancerai peut-\u00eatre avec une radio, mais rien n\u2019est fait !<\/p>\n<p style=\"text-align: justify;\"><strong>K : Et la campagne pr\u00e9sidentielle, qu&rsquo;en as-tu pens\u00e9s ? Les candidats, leur programme ?<\/strong><\/p>\n<p style=\"text-align: justify;\">S : J\u2019ai \u00e9t\u00e9 agr\u00e9ablement surpris par l\u2019implication des jeunes pour cette \u00e9lection, notamment Emolga et Adriop, qui ont men\u00e9 une campagne assez professionnelle, et ont su s\u2019attirer pr\u00e8s de 20% des voix. M\u00eame si l\u2019ambiance \u00e9tait plut\u00f4t calme par rapport \u00e0 une pr\u00e9sidentielle lambda, on a pu d\u00e9couvrir de nouvelles forces politiques, et d\u2019autres ont pu s\u2019affirmer, comme les LibDems, et prendre le pouvoir. A vrai dire, cette pr\u00e9sidentielle est tr\u00e8s diff\u00e9rente de ce qu\u2019on avait connu depuis (oulaa) deux-trois ans, c\u2019est la premi\u00e8re fois qu\u2019un candidat qui ne soit pas canard acc\u00e8de au second tour face \u00e0 un saphiriste, une premi\u00e8re depuis MrBanana. J\u2019ai \u00e9galement trouv\u00e9 le projet de Druuna de parti pr\u00e9sidentiel assez int\u00e9ressant car innovant et original, et bien aim\u00e9 la campagne giRly de Kewi (car elle \u00e9tait joyeuse, sinon il faut r\u00e9affirmer l\u2019autorit\u00e9 des m\u00e2les nam\u00e9ho), qui nous a abandonn\u00e9 tristement (hommage \u00e0 cette grande joueuse et pr\u00e9sidente, miaou)\uf04c. Mais sinon c\u2019\u00e9tait une bonne campagne et je me suis bien amus\u00e9 aux c\u00f4t\u00e9s de Jaquesdefranc.<\/p>\n<p style=\"text-align: justify;\"><strong>K : Comptes-tu te pr\u00e9senter un jour aux pr\u00e9sidentielles ?<\/strong><\/p>\n<p style=\"text-align: justify;\">S : Pourquoi pas, m\u00eame si je n\u2019y songe pas vraiment pour l\u2019instant, mais aux prochaines \u00e9lections qui sait ce qui peut arriver, bien s\u00fbr je pense plut\u00f4t faire partie de l\u2019\u00e9quipe de soutient d\u2019un candidat, mais si l\u2019occasion se pr\u00e9sente, j\u2019irais, pour le fun :D.<\/p>\n<p style=\"text-align: justify;\"><strong>K : As-tu des projets, personnels ou non, pour ce mandat ?<\/strong><\/p>\n<p style=\"text-align: justify;\">S : Oui, je dois prendre cette satan\u00e9e ville de Dijon xD. Sinon, j\u2019esp\u00e8re continuer \u00e0 \u00eatre aux c\u00f4t\u00e9s de notre pr\u00e9sident et de l\u2019aider dans sa t\u00e2che, connaitre des secrets pr\u00e9sidentiels, c\u2019est toujours amusants mwahahahah ^w^. Et puis je dois m\u2019occuper de notre glorieuse secte pr\u00e9sidentielle, les Libres-D\u00e9mocrates !<\/p>\n<p style=\"text-align: justify;\"><strong>K : A ce qu&rsquo;il para\u00eet tu es le Pr\u00e9sident des LibDem ? En quel honneur, qui t&rsquo;as \u00e9lu ou nomm\u00e9 ?<\/strong><\/p>\n<p style=\"text-align: justify;\">S : Comme c\u2019est Jaquesdefranc et moi qui avions lanc\u00e9 le mouvement, il \u00e9tait donc normal que nous en partagions les responsabilit\u00e9s. Apr\u00e8s une joyeuse concertation, il m\u2019a accord\u00e9 sa b\u00e9n\u00e9diction pr\u00e9sidentielle et je suis donc de facto pr\u00e9sident des LibDems. (ouvre une seconde bouteille, finalement j\u2019aime les journalistes qui s\u2019approvisionnent chez Magne, pour la sainte cause \u00e9videmment)<\/p>\n<p style=\"text-align: justify;\"><strong>K : Peux-tu nous pr\u00e9senter ce mouvement ?<\/strong><\/p>\n<p style=\"text-align: justify;\">S : Oui ! Les Libres-D\u00e9mocrates, c\u2019est une association de gentils joueurs, anciens et nouveaux, tous unis derri\u00e8re une cause : la relance de VPM ! (prend une pose de papy qui raconte une histoire, fuyaa) Les LibDems est un mouvement qui est en fait beaucoup plus vieux que l&rsquo;on ne le croit. En effet, si on remonte le temps, on verra que le pr\u00e9sident Sarkasme \u00e9tait tr\u00e8s proche de nos id\u00e9aux actuels: c&rsquo;est \u00e0 dire l&rsquo;investissement dans le R\u00f4le-Play, les animations sur le forum et les march\u00e9s, mais aussi le souci des jeunes joueurs, de les int\u00e9grer et de leur faire atteindre les sommets, en ayant \u00e9galement une pr\u00e9occupation pour les anciens, garant de l&rsquo;ambiance de jeu, surtout les grandes gueules comme Felenon ^^. Ce mouvement fut incarn\u00e9 en Septembre 2012 par la candidature de Laurence (qui existe d\u00e9sormais avec le pseudo Ladystarla) et en septembre 2013 par notre actuel pr\u00e9sident. Notre but \u00e9tant la relance de la communaut\u00e9 jadis si folle et anim\u00e9e, mais en crise depuis plusieurs mois (enfin, depuis quelques semaines celle-ci renait, gr\u00e2ce \u00e0 l\u2019implication des jeunes dans la communaut\u00e9, trop longtemps marginalis\u00e9s).<\/p>\n<p style=\"text-align: justify;\"><strong>K : Alors que je suis sur le jeu depuis plus de trois ans, je n&rsquo;avais jamais entendu parler des LibDem (honte \u00e0 moi ?), comment cela se fait-il que Jacquesdefranc ne se soit pas pr\u00e9sent\u00e9 avec l&rsquo;\u00e9tiquette Libdem ?<\/strong><\/p>\n<p style=\"text-align: justify;\">S : Jaquesdefranc ne s\u2019est pas pr\u00e9sent\u00e9 avec l\u2019\u00e9tiquette LibDem, mais sur les avatars on y retrouve notre embl\u00e8me, la colombe. Nous voulions lancer le nom \u00ab LibDem \u00bb apr\u00e8s sa victoire. (boit un \u00e9ni\u00e8me verre)<\/p>\n<p style=\"text-align: justify;\"><strong>K : Vous aviez peur que cela puisse nuire \u00e0 la campagne \u00e9lectorale ?<\/strong><\/p>\n<p style=\"text-align: justify;\">S : Non pas vraiment mais nous voulions nous donner un peu de temps pour lancer le mouvement, car battus, nous l\u2019aurions lanc\u00e9 plus tard.<\/p>\n<p style=\"text-align: justify;\"><strong>K : Quand a \u00e9t\u00e9 fond\u00e9 le mouvement ?<\/strong><\/p>\n<p style=\"text-align: justify;\">S : Il a \u00e9t\u00e9 fond\u00e9 sous sa forme actuelle le 31 ao\u00fbt 2013, vers 20 heures (pr\u00e9cises !), alors que nous discutions sur skype, mais officiellement \u00e0 la mi-octobre 2013.<\/p>\n<p style=\"text-align: justify;\"><strong>K : Qui sont ses membres ?<\/strong><\/p>\n<p style=\"text-align: justify;\">S : Et bien la liste devrait \u00eatre clarifi\u00e9e lors du prochaine congr\u00e8s, mais nous avons d\u00e9j\u00e0 de nombreux soutiens, comme, bah d\u00e9j\u00e0 le pr\u00e9sident Jaquesdefranc et moi-m\u00eame, mais aussi Ladystarla, Summerzik, Popolytik, Aladdinsane, Lajurassienne, Boblecave, Hautnormand, pour ne citer qu\u2019eux, et nous avons eu la sympathique b\u00e9n\u00e9diction de Magne, qui du haut de son tr\u00f4ne papale est un de nos fid\u00e8les observateurs. Bien s\u00fbr nous avons encore beaucoup de soutiens anonymes, et je vais lancer une proc\u00e9dure d\u2019inscription au moment du congr\u00e8s comme je l\u2019ai annonc\u00e9 sur mon petit topic ^^.<\/p>\n<p style=\"text-align: justify;\"><strong>S : J&rsquo;ai entendu dire que vous alliez pr\u00e9senter un LibDem aux prochaines pr\u00e9sidentielles ?<\/strong><\/p>\n<p style=\"text-align: justify;\">S : C\u2019est fort possible, \u00e9tant donn\u00e9 que nous sommes un mouvement destin\u00e9 \u00e0 changer VPM, et Jaquesdefranc ne pourra pas rester \u00e9ternellement, il faudra donc lui trouver un rempla\u00e7ant. Pour \u00e7a des primaires feront l\u2019affaire, mais cela reste encore loin, donc \u00e7a reste encore assez confidentiel ^^.<\/p>\n<p style=\"text-align: justify;\"><strong>K : J&rsquo;ai entendu parler de toute une organisation, un organigramme&#8230; Quels postes voulez-vous faire occuper aux autres joueurs, \u00e0 part celui de pr\u00e9sident du mouvement ?<\/strong><\/p>\n<p style=\"text-align: justify;\">S : Eh bien le pr\u00e9sident reste dans son confortable fauteuil, annonce la date des \u00e9lections via sa charmante secr\u00e9taire (poste \u00e0 pourvoir, s\u00e9curit\u00e9 de l\u2019emploi assur\u00e9e !), se rend au travail avec chauffeur (bien pay\u00e9, poste \u00e0 pourvoir) dans la belle limo Bananusa X77 pay\u00e9 bien s\u00fbr aux frais du gouvernement qu\u2019il cotoie. Celui-ci va lancer des \u00e9lections pour le poste de leader du mouvement<\/p>\n<p style=\"text-align: justify;\"><strong>K : Quel joueur es-tu en campagne ?<\/strong><\/p>\n<p style=\"text-align: justify;\">S : D\u00e9moniaques mwahahahaha ^w^. Je suis assez patient, je joue sur la strat\u00e9gie et la dur\u00e9e, et je ne corromps seulement si \u00e7a m\u2019est vraiment profitable. Sinon j\u2019essaie de penser mes campagnes \u00e0 l\u2019avance, et de gagner progressivement des voix, m\u00eame si je n\u2019ai pas toujours un tr\u00e8s bon salaire ^^ (ou bien je paye trop de boissons aux march\u00e9s, qui sait ^^ ?).<\/p>\n<p style=\"text-align: justify;\"><strong>K : Peux-tu nous parler un petit peu de ton palmar\u00e8s ?<\/strong><\/p>\n<p style=\"text-align: justify;\">S : Ma plus grande ville reste \u00e0 ce jour Bordeaux, que j\u2019ai gagn\u00e9 en d\u00e9cembre dernier apr\u00e8s une campagne assez ardue. Mais comme je me suis rarement stabilis\u00e9 dans un parti, mes autres victoires restes assez modestes, quelques mairies-adjointes ou conseils municipaux en plus de petites mairies, mais je compte prendre Dijon un de ces jours ! (finit son verre d\u2019une traite)<\/p>\n<p style=\"text-align: justify;\"><strong>K : As-tu quelque chose \u00e0 ajouter ?<\/strong><\/p>\n<p style=\"text-align: justify;\">S : Oui, je voudrais f\u00e9liciter Felenon en personne pour \u00eatre devenu \u00e0 nouveau, du moins l\u2019espace de quelques instants, le joueurs #1 seule dans son parti, c\u2019est un joueur qui n\u2019en finira pas d\u2019\u00e9tonner ^^. Je pr\u00e9pare aussi une grande animation pour le mois de novembre-d\u00e9cembre, assez longue, que je posterai bient\u00f4t\uf04a.<\/p>\n<p style=\"text-align: justify;\"><strong>K : Peux-tu nous en dire un petit peu plus \u00e0 ce sujet ?<\/strong><\/p>\n<p style=\"text-align: justify;\">S : Cette animation se d\u00e9roulera en plusieurs \u00e9pisodes, et fera appel \u00e0 l\u2019imagination et au sens du RP des vpmiens, dans un concept encore jamais vu ! D\u2019ailleurs je mendie une enveloppe au pr\u00e9sident, en \u00e9change de menus services, comme je l\u2019ai fait pour mon jeu des syllabes :).<\/p>\n<p style=\"text-align: justify;\"><strong>K : Eh bien, ravi de t&rsquo;avoir re\u00e7u dans ce bureau mon cher. Je t&rsquo;en prie, tu peux te rhabiller, nous en avons termin\u00e9 pour aujourd&rsquo;hui ! (a) A bient\u00f4t !\u00a0<\/strong><\/p>\n<p style=\"text-align: justify;\">S : Et bien je te remercie Kerlinn de m\u2019avoir accueilli ici dans ce si beau bureau avec cet excellent whisky, je prends h\u00e2te de me v\u00eatir et je te dis \u00e0 bient\u00f4t. (Monte dans sa limousine pay\u00e9e gr\u00e2ce \u00e0 l\u2019imp\u00f4t et la complicit\u00e9 de la classe dirigeante mwahahahaha ^w^.)<\/p>\n<p style=\"text-align: justify;\"><em>A suivre, les interviews agr\u00e9ables de Petitefilledecat (oui, \u00e7a fait tr\u00e8s longtemps que je l&rsquo;annonce, mais elle sera tr\u00e8s&#8230; tr\u00e8s&#8230; tr\u00e8s longue), Summerzik et shalashaska (ah, vous aussi vous ne savez pas qui c&rsquo;est ? ^^).<\/em><\/p>\n<p style=\"text-align: justify;\">\n","protected":false},"excerpt":{"rendered":"<p>Apr\u00e8s une tr\u00e8s petite pause, mon bureau agr\u00e9able a rouvert ses portes et de nombreuses sont en train d&rsquo;y passer ou y sont pass\u00e9es. La premi\u00e8re d&rsquo;entre elle a \u00e9t\u00e9 Sesseo.<\/p>\n","protected":false},"author":66,"featured_media":0,"comment_status":"open","ping_status":"open","sticky":false,"template":"","format":"standard","meta":{"site-container-style":"default","site-container-layout":"default","site-sidebar-layout":"default","disable-article-header":"default","disable-site-header":"default","disable-site-footer":"default","disable-content-area-spacing":"default","footnotes":""},"categories":[4],"tags":[34],"class_list":["post-17370","post","type-post","status-publish","format-standard","hentry","category-2-vpmc","tag-interview"],"_links":{"self":[{"href":"https:\/\/vpmedias.fr\/index.php?rest_route=\/wp\/v2\/posts\/17370","targetHints":{"allow":["GET"]}}],"collection":[{"href":"https:\/\/vpmedias.fr\/index.php?rest_route=\/wp\/v2\/posts"}],"about":[{"href":"https:\/\/vpmedias.fr\/index.php?rest_route=\/wp\/v2\/types\/post"}],"author":[{"embeddable":true,"href":"https:\/\/vpmedias.fr\/index.php?rest_route=\/wp\/v2\/users\/66"}],"replies":[{"embeddable":true,"href":"https:\/\/vpmedias.fr\/index.php?rest_route=%2Fwp%2Fv2%2Fcomments&post=17370"}],"version-history":[{"count":3,"href":"https:\/\/vpmedias.fr\/index.php?rest_route=\/wp\/v2\/posts\/17370\/revisions"}],"predecessor-version":[{"id":17372,"href":"https:\/\/vpmedias.fr\/index.php?rest_route=\/wp\/v2\/posts\/17370\/revisions\/17372"}],"wp:attachment":[{"href":"https:\/\/vpmedias.fr\/index.php?rest_route=%2Fwp%2Fv2%2Fmedia&parent=17370"}],"wp:term":[{"taxonomy":"category","embeddable":true,"href":"https:\/\/vpmedias.fr\/index.php?rest_route=%2Fwp%2Fv2%2Fcategories&post=17370"},{"taxonomy":"post_tag","embeddable":true,"href":"https:\/\/vpmedias.fr\/index.php?rest_route=%2Fwp%2Fv2%2Ftags&post=17370"}],"curies":[{"name":"wp","href":"https:\/\/api.w.org\/{rel}","templated":true}]}}