{"id":17376,"date":"2013-11-05T22:17:48","date_gmt":"2013-11-05T20:17:48","guid":{"rendered":"http:\/\/vpmedias.fr\/?p=17376"},"modified":"2013-11-17T02:49:45","modified_gmt":"2013-11-17T00:49:45","slug":"libre-democrate-un-mouvement-revolutionnaire","status":"publish","type":"post","link":"https:\/\/vpmedias.fr\/?p=17376","title":{"rendered":"Libre-D\u00e9mocrate, un mouvement r\u00e9volutionnaire ?"},"content":{"rendered":"<p style=\"text-align: justify;\"><strong>Libre-d\u00e9mocrate, un mouvement r\u00e9volutionnaire ? Pas si s\u00fbr.<!--more--><\/strong><\/p>\n<p style=\"text-align: justify;\">Alors que les \u00ab\u00a0Libres Democrates\u00a0\u00bb ont fait une apparition triomphante sur VPM, a tel point que son leader Jacquesdefranc soit elu president, beaucoup de questions subsistent sur ce nouveau mouvement.<\/p>\n<p style=\"text-align: justify;\">Tout d&rsquo;abord, sa cr\u00e9dibilit\u00e9 : Jacquesdefranc a \u00e9t\u00e9 \u00e9lu il y a tout juste 1 mois et demi, et d\u00e9j\u00e0, semble \u00eatre impopulaire. Mais ce n&rsquo;est pas la seule chose qui peut baisser sa cr\u00e9dibilit\u00e9 : nous pouvons y ajouter une politique centriste, de rassemblement, de coasition entre Dragalexistes et Saphiristes, donc pas d\u2019originalit\u00e9, pas d&rsquo;innovation, un r\u00e9sum\u00e9 en quelques sortes de ce que l&rsquo;on a pu voir lors des derniers mandats.<\/p>\n<p style=\"text-align: justify;\">On y ajoute a cela la question de son avenir. JDF joue actuellement sa carte, et au voir la situation du forum, le jeu ne lui est pas favorable. Alors qui pour lui succ\u00e9der au terme de son mandat ? Ranger ce mouvement dans le grenier et revenir au bon vieux duel traditionnel ? En tout cas, on peut croire que JDF pr\u00e9pare sa succession, puisque d\u00e9j\u00e0 des noms circulent : Sesseo, Lyonsuper qui ont co-fonder le mouvement. Mais y&rsquo;a t&rsquo;il vraiment encore du jus dans cette orange d\u00e9j\u00e0 press\u00e9e ? Ou les \u00ab\u00a0Libre-Democrate\u00a0\u00bb seront condamner a d\u00e9fendre le mandat de JDF ?<\/p>\n<p style=\"text-align: justify;\">Encore beaucoup de questions sur un mouvement qui a bien brouiller les pistes de la politique VPMienne, mais en tout cas, sachons que ces \u00ab\u00a0Lib-Dem\u00a0\u00bb ont encore a s&rsquo;affirmer dans le paysage politique de VPM.<\/p>\n<p style=\"text-align: justify;\">C&rsquo;etait l&rsquo;Analyse Politique de Tomer.<\/p>\n","protected":false},"excerpt":{"rendered":"<p>Libre-d\u00e9mocrate, un mouvement r\u00e9volutionnaire ? Pas si s\u00fbr.<\/p>\n","protected":false},"author":104,"featured_media":0,"comment_status":"open","ping_status":"open","sticky":false,"template":"","format":"standard","meta":{"site-container-style":"default","site-container-layout":"default","site-sidebar-layout":"default","disable-article-header":"default","disable-site-header":"default","disable-site-footer":"default","disable-content-area-spacing":"default","footnotes":""},"categories":[302],"tags":[],"class_list":["post-17376","post","type-post","status-publish","format-standard","hentry","category-5-la-tribune-libre"],"_links":{"self":[{"href":"https:\/\/vpmedias.fr\/index.php?rest_route=\/wp\/v2\/posts\/17376","targetHints":{"allow":["GET"]}}],"collection":[{"href":"https:\/\/vpmedias.fr\/index.php?rest_route=\/wp\/v2\/posts"}],"about":[{"href":"https:\/\/vpmedias.fr\/index.php?rest_route=\/wp\/v2\/types\/post"}],"author":[{"embeddable":true,"href":"https:\/\/vpmedias.fr\/index.php?rest_route=\/wp\/v2\/users\/104"}],"replies":[{"embeddable":true,"href":"https:\/\/vpmedias.fr\/index.php?rest_route=%2Fwp%2Fv2%2Fcomments&post=17376"}],"version-history":[{"count":3,"href":"https:\/\/vpmedias.fr\/index.php?rest_route=\/wp\/v2\/posts\/17376\/revisions"}],"predecessor-version":[{"id":17385,"href":"https:\/\/vpmedias.fr\/index.php?rest_route=\/wp\/v2\/posts\/17376\/revisions\/17385"}],"wp:attachment":[{"href":"https:\/\/vpmedias.fr\/index.php?rest_route=%2Fwp%2Fv2%2Fmedia&parent=17376"}],"wp:term":[{"taxonomy":"category","embeddable":true,"href":"https:\/\/vpmedias.fr\/index.php?rest_route=%2Fwp%2Fv2%2Fcategories&post=17376"},{"taxonomy":"post_tag","embeddable":true,"href":"https:\/\/vpmedias.fr\/index.php?rest_route=%2Fwp%2Fv2%2Ftags&post=17376"}],"curies":[{"name":"wp","href":"https:\/\/api.w.org\/{rel}","templated":true}]}}