{"id":17414,"date":"2013-11-18T20:30:43","date_gmt":"2013-11-18T18:30:43","guid":{"rendered":"http:\/\/vpmedias.fr\/?p=17414"},"modified":"2013-11-17T02:40:40","modified_gmt":"2013-11-17T00:40:40","slug":"interview-de-jaquesdefranc","status":"publish","type":"post","link":"https:\/\/vpmedias.fr\/?p=17414","title":{"rendered":"5 questions \u00e0&#8230; Jaquesdefranc"},"content":{"rendered":"<p style=\"text-align: justify;\">Pour mon retour sur VPM\u00e9dias, je vous propose une interview du 19eme Pr\u00e9sident.<\/p>\n<p style=\"text-align: justify;\"><!--more--><\/p>\n<p style=\"text-align: justify;\"><strong>Sosmaxou :\u00a0Bonjour, pr\u00e9sentez-vous.<\/strong><\/p>\n<p style=\"text-align: justify;\">Jaquesdefranc :\u00a0Bonjour! Je suis Jaquesdefranc joueur arriv\u00e9 le 18 f\u00e9vrier 2012,mon parrain de coeur a \u00e9t\u00e9 ubix un joueur respect\u00e9 proche des Sucess mais un joueur qui n&rsquo;avait pas sa langue dans sa poche :D,c&rsquo;est lui qui m&rsquo;a influenc\u00e9 \u00e0 aller \u00e0 Sucess Story et les Cancres. C&rsquo;est l\u00e0 que j&rsquo;ai rencontr\u00e9 nicomonami,boblecave,des joueurs formidables qui m&rsquo;ont aid\u00e9s \u00e0 \u00e9voluer sur VPM,c&rsquo;est l\u00e0 aussi que j&rsquo;ai pos\u00e9 ma candidature \u00e0 dragalex et que j&rsquo;ai fait mes premiers pas sur VPM\u00e9dias comme chroniqueur,tandis que sur VPM je m&rsquo;amusais pas mal dans les anims notament ma premi\u00e8re participation aux joutes verbales \u00e0 l&rsquo;\u00e9poque organis\u00e9e par Kerlinn contre un joueur qui m&rsquo;avait prit d&rsquo;affection,Warnock :).<\/p>\n<p style=\"text-align: justify;\">La suite bah,c&rsquo;est une \u00e9volution constante,d&rsquo;abord rayvolutionnaire en Mai 2012 \u00e0 l&rsquo;\u00e9lection de g\u00e9ostar j&rsquo;avais soutenu chlochlo \u00e0 l&rsquo;\u00e9poque influenc\u00e9e par l&rsquo;id\u00e9ologie qu&rsquo;il avait men\u00e9 sur notre parti et sur pas mal d&rsquo;entre nous. J&rsquo;ai m\u00eame d\u00e9fendu l&rsquo;assembl\u00e9e \u00e0 cette \u00e9poque! C&rsquo;est en vieillissant sur le jeu que j&rsquo;ai apprit progressivement qu&rsquo;il valait mieux se mod\u00e9rer et c&rsquo;est ainsi que j&rsquo;ai soutenu joecafard en Septembre 2012 qui a perdu de peu face \u00e0 Louloudusurcv et Catwoman,puis ne suivant plus son id\u00e9e je me suis laiss\u00e9 aller \u00e0 des nouvelles tentatives,d&rsquo;abord cantonn\u00e9 aux chroniques sur l&rsquo;humour et l&rsquo;analyse du jeu en partenariat avec Krustyfrancky,je me suis dit que je pouvais tenter une chronique ind\u00e9pendante voir une s\u00e9rie,c&rsquo;est l\u00e0 que j&rsquo;ai d\u00e9pos\u00e9 mon projet de DPDA (des paroles et des actes). Il avait pour but d&rsquo;expliquer les grandes zones d&rsquo;ombre du mandat de catwoman,et pour moi \u00e7a a \u00e9t\u00e9 une bonne surprise que \u00e7a marche autant :D! J&rsquo;ai beaucoup apprit de la communaut\u00e9 et \u00e7a a grandement affin\u00e9 ma plume en me permettant de parfaire tout seul ma formation de journaliste. Suite \u00e0 \u00e7a les canards m&rsquo;ont propos\u00e9s de les aider en janvier ce que j&rsquo;ai accept\u00e9,j&rsquo;ai soutenu shado pourtant qu&rsquo;\u00e0 l&rsquo;\u00e9poque d\u00e9j\u00e0 mon entourage on m&rsquo;incitait \u00e0 me pr\u00e9senter. J&rsquo;ai aussi \u00e9t\u00e9 proche de rataxes puisque je le soutenais moralement sur facebook. Apr\u00e8s l&rsquo;\u00e9lection je me suis l\u00e9g\u00e8rement effac\u00e9 de VPM mon dernier article \u00e9tant post\u00e9 le 16 janvier sur ma toute premi\u00e8re chronique des raisons IRL m&rsquo;ont pouss\u00e9 \u00e0 m&rsquo;\u00e9loigner du jeu quelques mois.<\/p>\n<p style=\"text-align: justify;\">Je suis revenu fin avril puisque des Cancres m&rsquo;ont pouss\u00e9s \u00e0 prendre la direction des Cancres Diplomates,j&rsquo;ai succ\u00e9d\u00e9 \u00e0 Nicomonami et engag\u00e9 une transition de 4 mois et demi dans un des pires malaises qu&rsquo;\u00e0 connu l&rsquo;essor des partis avec l&rsquo;arriv\u00e9e de l&rsquo;\u00e9t\u00e9. A la fin aout j&rsquo;ai d\u00e9cid\u00e9 de me pr\u00e9senter \u00e0 la prochaine pr\u00e9sidentielle c&rsquo;est l\u00e0 que j&rsquo;ai commenc\u00e9 \u00e0 r\u00e9colter des soutiens pensant comme beaucoup que le scrutin aurait lieu mi septembre.<\/p>\n<p style=\"text-align: justify;\">\u00c7a n&rsquo;a pas \u00e9t\u00e9 facile pour moi je manquais cruellement d&rsquo;\u00e9quipe et d&rsquo;organisation,\u00e9tant assez renferm\u00e9 dans mes proches mais j&rsquo;avais la conviction que VPM pouvait se relancer si on trouvait un m\u00e9lange plus mod\u00e9r\u00e9 et porteur de ce qui avait \u00e9t\u00e9 fait dans les mandats pr\u00e9c\u00e9dents,le but n&rsquo;\u00e9tait pas d&rsquo;aller chercher chez les jeunes,ni faire une politique de copinage ou \u00e0 destination des anciens. Le but c&rsquo;\u00e9tait d&rsquo;essayer de concilier la communaut\u00e9,les m\u00e9dias et alterner au fur et \u00e0 mesure des besoins du mandat.<\/p>\n<p style=\"text-align: justify;\">Oui j&rsquo;ai eu des moments de doutes pendant ma campagne,mais je me suis dit qu&rsquo;il fallait aller jusqu&rsquo;au bout et ne jamais renoncer. Ce pourquoi j&rsquo;ai \u00e9t\u00e9 actif toute ma campagne et que le lendemain de mon \u00e9lection j&rsquo;ai constitu\u00e9 une \u00e9quipe qui pour la plupart n&rsquo;avait que peu ou pas particip\u00e9 \u00e0 mon \u00e9lection. Et je suis fier de mes ministres car ils sont tous actifs et d\u00e9sormais je vais assurer mes fonctions critiques ou non appuis ou non jusqu&rsquo;\u00e0 la fin pour ne pas d\u00e9shonorer la tache que 147 vpmiens m&rsquo;ont confi\u00e9s face \u00e0 kewi que j&rsquo;avais servit l&rsquo;ann\u00e9e pr\u00e9c\u00e9dente et pour laquelle j&rsquo;ai jur\u00e9 de chercher \u00e0 concilier ses \u00e9lecteurs comme les miens dans les mois pass\u00e9s et \u00e0 venir.<\/p>\n<p style=\"text-align: justify;\"><strong>S :\u00a0\u00cates-vous content de ce mandat ?<\/strong><\/p>\n<p style=\"text-align: justify;\">J :\u00a0Je ne peux pas r\u00e9pondre \u00e0 cette question \u00e9tant donn\u00e9 que le mandat n&rsquo;est pas fini et comme je suis pr\u00e9sident ne pourrait \u00eatre tax\u00e9e que de partiale qu&rsquo;elle soit positive ou non ^^.<\/p>\n<p style=\"text-align: justify;\"><strong>S :\u00a0Quels sont vos futurs projet ?<\/strong><\/p>\n<p style=\"text-align: justify;\">J :\u00a0L&rsquo;Improvisation est aussi une bonne amie dans mon mandat,mes futurs projets je les caches encore car un mandat qui d\u00e9voile toutes ses cartes \u00e0 l&rsquo;avance est pour moi un mandat sans vie ;)! Les Vpmiens ont besoins de surprises,de bonnes surprises mais aussi d&rsquo;animation,et l&rsquo;animation c&rsquo;est aussi ce petit grain de sel,cette petite m\u00e8che qui s&rsquo;allume dans le noir quand vous pensez avoir tout vu,connaitre ce qui va arriver,et que le monotone vous morfond \u00e0 participer \u00e0 la communaut\u00e9! C&rsquo;est pourquoi je ne veux pas encore d\u00e9voiler quels seront mes projets et ceux de mon gouvernement pour les 3 mois et demi qu&rsquo;il me reste au pouvoir =)!<\/p>\n<p style=\"text-align: justify;\"><strong>S :\u00a0Allez-vous vous pr\u00e9senter \u00e0 la prochaine \u00e9lection ?<\/strong><\/p>\n<p style=\"text-align: justify;\">J :\u00a0Ah non! Je ne me repr\u00e9senterais pas en f\u00e9vrier m\u00eame si je quitte le pouvoir avec un bon score de popularit\u00e9. Pourquoi? Tout simplement parce que pour moi deux mandats d&rsquo;affil\u00e9e cr\u00e9e un bis repetita et \u00e0 long terme \u00e7a peut ennuyer les vpmiens d&rsquo;avoir deux fois le m\u00eame plat servit d&rsquo;affil\u00e9e. Donc clairement je ne sais pas si je soutiendrais quelqu&rsquo;un en f\u00e9vrier,je sais juste que je resterais pr\u00e9sent sur le jeu apr\u00e8s mon mandat et pour longtemps!<\/p>\n<p style=\"text-align: justify;\"><strong>S :\u00a0Un petit mot pour la fin ?<\/strong><\/p>\n<p style=\"text-align: justify;\">J :\u00a0Je souhaite \u00e0 tous les Vpmiens de s&rsquo;amuser et de ne pas h\u00e9siter \u00e0 faire des remarques et \u00e0 s&rsquo;investir dans ce qu&rsquo;ils aiment de la communaut\u00e9 durant ce mandat mais aussi pour mes successeurs!<\/p>\n<p style=\"text-align: justify;\"><strong>Merci M.le Pr\u00e9sident pour cette interview.\u00a0 C&rsquo;\u00e9tait Sosmaxou pour VPM\u00e9dias.<\/strong><\/p>\n","protected":false},"excerpt":{"rendered":"<p>Pour mon retour sur VPM\u00e9dias, je vous propose une interview du 19eme Pr\u00e9sident.<\/p>\n","protected":false},"author":81,"featured_media":0,"comment_status":"open","ping_status":"open","sticky":false,"template":"","format":"standard","meta":{"site-container-style":"default","site-container-layout":"default","site-sidebar-layout":"default","disable-article-header":"default","disable-site-header":"default","disable-site-footer":"default","disable-content-area-spacing":"default","footnotes":""},"categories":[4],"tags":[34,54],"class_list":["post-17414","post","type-post","status-publish","format-standard","hentry","category-2-vpmc","tag-interview","tag-president"],"_links":{"self":[{"href":"https:\/\/vpmedias.fr\/index.php?rest_route=\/wp\/v2\/posts\/17414","targetHints":{"allow":["GET"]}}],"collection":[{"href":"https:\/\/vpmedias.fr\/index.php?rest_route=\/wp\/v2\/posts"}],"about":[{"href":"https:\/\/vpmedias.fr\/index.php?rest_route=\/wp\/v2\/types\/post"}],"author":[{"embeddable":true,"href":"https:\/\/vpmedias.fr\/index.php?rest_route=\/wp\/v2\/users\/81"}],"replies":[{"embeddable":true,"href":"https:\/\/vpmedias.fr\/index.php?rest_route=%2Fwp%2Fv2%2Fcomments&post=17414"}],"version-history":[{"count":4,"href":"https:\/\/vpmedias.fr\/index.php?rest_route=\/wp\/v2\/posts\/17414\/revisions"}],"predecessor-version":[{"id":17423,"href":"https:\/\/vpmedias.fr\/index.php?rest_route=\/wp\/v2\/posts\/17414\/revisions\/17423"}],"wp:attachment":[{"href":"https:\/\/vpmedias.fr\/index.php?rest_route=%2Fwp%2Fv2%2Fmedia&parent=17414"}],"wp:term":[{"taxonomy":"category","embeddable":true,"href":"https:\/\/vpmedias.fr\/index.php?rest_route=%2Fwp%2Fv2%2Fcategories&post=17414"},{"taxonomy":"post_tag","embeddable":true,"href":"https:\/\/vpmedias.fr\/index.php?rest_route=%2Fwp%2Fv2%2Ftags&post=17414"}],"curies":[{"name":"wp","href":"https:\/\/api.w.org\/{rel}","templated":true}]}}