{"id":17529,"date":"2013-12-16T00:08:43","date_gmt":"2013-12-15T23:08:43","guid":{"rendered":"http:\/\/vpmedias.fr\/?p=17529"},"modified":"2013-12-16T00:08:43","modified_gmt":"2013-12-15T23:08:43","slug":"philosophie-papale-de-la-debilite","status":"publish","type":"post","link":"https:\/\/vpmedias.fr\/?p=17529","title":{"rendered":"Philosophie papale de la d\u00e9bilit\u00e9"},"content":{"rendered":"<p>Je vous propose un extrait du forum qui donne \u00e0 r\u00e9fl\u00e9chir :<\/p>\n<blockquote><p>D\u00e9bile ? Je ne pense pas. D&rsquo;un point de vue philosophique, rien n&rsquo;est d\u00e9bile. Il y a juste quelques id\u00e9es qui ont plus ou moins de sens et d&rsquo;utilit\u00e9.<\/p>\n<p>Si je peux me le permettre en tant que Pape de VPM, je vais vous faire un petit pav\u00e9 papal. Et l\u00e0, vous devant votre \u00e9cran. Oui, toi qui lit ce message de ton Pape Pr\u00e9f\u00e9r\u00e9, tu te dis \u00ab\u00a0Ah non, pas de pav\u00e9 encore NOOOOOOOOOOOON !!!\u00a0\u00bb.<\/p>\n<p>Mais rassure toi, un pav\u00e9 du pape, c&rsquo;est comme la messe, ce n&rsquo;est pas ennuyeux du tout et c&rsquo;est m\u00eame tr\u00e8s construit et int\u00e9ressant.<\/p>\n<p>Je vais en profiter bien s\u00fbr pour b\u00e9nir les diff\u00e9rentes personnes qui \u00e9crivent dans ce topic depuis le 11 novembre 2013 ( qui est un jour tr\u00e8s important pour moi, jour de pri\u00e8re et de deuil pour toutes les personnes tomb\u00e9s pendant la guerre de 14-18, \u00e9galement connu sous le nom de Premi\u00e8re Guerre Mondiale ) :<\/p>\n<p>-Alexsept<br \/>\n-BobMorane<br \/>\n-Louistiti<br \/>\n-Mimmylaminoune<br \/>\n-Popolytik<br \/>\n-Flappynou<br \/>\n-Adriop<br \/>\n-Jaquesdefranc<br \/>\n-Kerlinn<br \/>\n-Relaxie<\/p>\n<p>Toutes ces personnes sont plus importantes les unes que les autres dans l&rsquo;avancement de ce merveilleux topic de flood, dont votre Pape est \u00e9galement le Dieu ( Et oui, si vous ne le saviez pas, je suis Dieu du Flood Eternel. C&rsquo;est une des causes les plus nobles de ce monde ).<\/p>\n<p>Mais revenons bien s\u00fbr \u00e0 notre histoire de \u00ab\u00a0d\u00e9bilit\u00e9\u00a0\u00bb.<br \/>\nTout d&rsquo;abbord, je vais vous expliquer mon mode de fonctionnement pour philosopher sur la question :<\/p>\n<p>-je r\u00e9fl\u00e9chis attentivement dans la basilique Saint-MrBanana \u00e0 toutes les hypoth\u00e8ses que je pourrait proposer sur cette question qui a sont importance dans l&rsquo;Eglise Louloustienne Moderne de nos jours.<\/p>\n<p>-Je discute de ces hypoth\u00e8ses avec mes saints-cur\u00e9s, qui sont si bon qu&rsquo;ils trouvent toujours les meilleurs id\u00e9es ( mis \u00e0 part celles du pape bien sur ! )<\/p>\n<p>-Je formule ces hypoth\u00e8ses dans un saint-livre, \u00e9crit dans 12 langues pour que tout le monde puissent les comprendre.<\/p>\n<p>-Un grand d\u00e9bat public est lanc\u00e9 sur la Place Saint-MrBanana.<\/p>\n<p>-Une fois les discutions termin\u00e9, les hypoth\u00e8ses papals sont b\u00e9nis et ins\u00e9rrer dans une sainte-loi de l&rsquo;Eglise Louloustienne de VPMienne. Cette loi est ensuite plac\u00e9 dans une des sacristies de mon palais. Plus pr\u00e9cisement dans celle ou est entrepos\u00e9 l&rsquo;\u00e9dition original de l&rsquo;\u00e9vangile selon MrBanana ( dont le premier article est d&rsquo;ailleurs : \u00ab\u00a0Tu ne mangera point une banane sans penser \u00e0 ton dieu MrBanana\u00a0\u00bb ).<\/p>\n<p>Les deux premi\u00e8res \u00e9tapes \u00e9tant secr\u00e8tes, je vous propose d&rsquo;attendre la publication du Saint-Livre, pour lequel j&rsquo;ai choisis le nom de \u00ab\u00a0Saint\u00e9 Livrum de la Concertatium sobre el debilium\u00a0\u00bb qui m\u00e9riterai d&rsquo;ailleurs \u00e9galement un recherche philosophique sur cette melange de plusieurs langues.<\/p>\n<p>Je vous souhaite donc une bonne attente et une good journ\u00e9e ! ;)<\/p>\n<p>Amen Louloustia et pri\u00e9 bien Magne Ier de VPM !<\/p>\n<p>PS: j&rsquo;allais oubli\u00e9 : Je vous souhaite un excellent Repos de l&rsquo;Ame, de l&rsquo;Esprit et du Savoir \u00a9 !<\/p><\/blockquote>\n<p>[auteur]<\/p>\n","protected":false},"excerpt":{"rendered":"<p>Je vous propose un extrait du forum qui donne \u00e0 r\u00e9fl\u00e9chir : D\u00e9bile ? Je ne pense pas. D&rsquo;un point de vue philosophique, rien n&rsquo;est d\u00e9bile. Il y a juste quelques id\u00e9es qui ont plus ou moins de sens et d&rsquo;utilit\u00e9. Si je peux me le permettre en tant que Pape de VPM, je vais [&hellip;]<\/p>\n","protected":false},"author":91,"featured_media":0,"comment_status":"open","ping_status":"open","sticky":false,"template":"","format":"standard","meta":{"site-container-style":"default","site-container-layout":"default","site-sidebar-layout":"default","disable-article-header":"default","disable-site-header":"default","disable-site-footer":"default","disable-content-area-spacing":"default","footnotes":""},"categories":[302],"tags":[],"class_list":["post-17529","post","type-post","status-publish","format-standard","hentry","category-5-la-tribune-libre"],"_links":{"self":[{"href":"https:\/\/vpmedias.fr\/index.php?rest_route=\/wp\/v2\/posts\/17529","targetHints":{"allow":["GET"]}}],"collection":[{"href":"https:\/\/vpmedias.fr\/index.php?rest_route=\/wp\/v2\/posts"}],"about":[{"href":"https:\/\/vpmedias.fr\/index.php?rest_route=\/wp\/v2\/types\/post"}],"author":[{"embeddable":true,"href":"https:\/\/vpmedias.fr\/index.php?rest_route=\/wp\/v2\/users\/91"}],"replies":[{"embeddable":true,"href":"https:\/\/vpmedias.fr\/index.php?rest_route=%2Fwp%2Fv2%2Fcomments&post=17529"}],"version-history":[{"count":3,"href":"https:\/\/vpmedias.fr\/index.php?rest_route=\/wp\/v2\/posts\/17529\/revisions"}],"predecessor-version":[{"id":17532,"href":"https:\/\/vpmedias.fr\/index.php?rest_route=\/wp\/v2\/posts\/17529\/revisions\/17532"}],"wp:attachment":[{"href":"https:\/\/vpmedias.fr\/index.php?rest_route=%2Fwp%2Fv2%2Fmedia&parent=17529"}],"wp:term":[{"taxonomy":"category","embeddable":true,"href":"https:\/\/vpmedias.fr\/index.php?rest_route=%2Fwp%2Fv2%2Fcategories&post=17529"},{"taxonomy":"post_tag","embeddable":true,"href":"https:\/\/vpmedias.fr\/index.php?rest_route=%2Fwp%2Fv2%2Ftags&post=17529"}],"curies":[{"name":"wp","href":"https:\/\/api.w.org\/{rel}","templated":true}]}}