{"id":17587,"date":"2013-12-27T21:54:08","date_gmt":"2013-12-27T20:54:08","guid":{"rendered":"http:\/\/vpmedias.fr\/?p=17587"},"modified":"2013-12-28T21:36:54","modified_gmt":"2013-12-28T20:36:54","slug":"linterview-agreable-deverlast","status":"publish","type":"post","link":"https:\/\/vpmedias.fr\/?p=17587","title":{"rendered":"L&rsquo;interview agr\u00e9able d&rsquo;Everlast"},"content":{"rendered":"<p><strong>Kerlinn : Bonjour et bienvenue dans mon bureau si agr\u00e9able, si beau, si excellent, Everlast. Veux-tu quelque chose \u00e0 boire ?<!--more--><\/strong><\/p>\n<p>Everlast : Un verre de coca light serait le bienvenu!<\/p>\n<p><strong>K : Mets-toi donc \u00e0 ton aise, je t&rsquo;en prie. Fais comme chez toi.<\/strong><\/p>\n<p>E : Merci pour ton accueil tr\u00e9s chaleureux!<\/p>\n<p><strong>K : Peux-tu te pr\u00e9senter \u00e0 nos lecteurs ? Partis, multis, parcours, id\u00e9es&#8230; ?<\/strong><\/p>\n<p>E : Alors voila, moi c&rsquo;est Everlast j&rsquo;ai d\u00e9but\u00e9 VPM il y a peine 1 an j&rsquo;ai tout de suite remport\u00e9 ma 1<sup>\u00e8re<\/sup> campagne si je me souviens bien c&rsquo;\u00e9tait \u00e0 <a href=\"http:\/\/wiki.vpmedias.fr\/Joinville-le-pont\" target=\"_blank\">Joinville-le-Pont<\/a> et gr\u00e2ce \u00e0 cette victoire j&rsquo;ai tap\u00e9 dans l&rsquo;oeil de Mrtoto! qui \u00e9tait le secr\u00e9taire g\u00e9n\u00e9ral de La P\u00e8gre avec ce m\u00eame parti nous avons atteint les sommetsn \u00e7a a dur\u00e9 quelques mois, \u00e7a a \u00e9t\u00e9 une tr\u00e9s bonne exp\u00e9rience pour moi, \u00e0 l&rsquo;heure ou je vous parle je suis chez le Parti for ever ou je m&rsquo;y plais tr\u00e9s bien! D&rsquo;ailleurs je fais un petit coucou \u00e0 mes coll\u00e9gues du for ever! en route vers la 1\u00e9re place!<\/p>\n<p><strong>K : Pas de multi ?<\/strong><\/p>\n<p>E : Non AUCUN!<\/p>\n<p><strong>K : Ah, pourquoi ?<\/strong><\/p>\n<p>E : 1 me suffit enti\u00e8rement.<\/p>\n<p><strong>K : On va faire un essai, pour envoyer les questions, si tu le veux bien. Je vais te dire \u00ab\u00a0Que penses-tu de &#8230;\u00a0\u00bb, et tu vas me r\u00e9pondre. On va pouvoir faire mal de questions juste avec cette petite phrase !<\/strong><br \/>\n<strong>Que penses-tu du d\u00e9but du mandat de Jaquesdefranc ?<\/strong><\/p>\n<p>E : Pour tout te dire je suis revenue sur VPM il y a peu de temps donc j&rsquo;ai loup\u00e9 les pr\u00e9sidentielles et le 1er mois de son mandat mais d&rsquo;apr\u00e9s ce que j&rsquo;ai pu voir il se d\u00e9brouille mieux que son pr\u00e9d\u00e9cesseur! Donc tant mieux pour lui!<\/p>\n<p><strong>K : Que penses-tu de son \u00e9quipe minist\u00e9rielle ?<\/strong><\/p>\n<p>E : Je trouve qu&rsquo;il a fait un bon choix en int\u00e9grant de jeunes p\u00e9pites de VPM que sont Emolga Popolytik et Aladdin! c&rsquo;est vraiment ce qu&rsquo;il manquait \u00e0 ces derniers mandats un peu de diversit\u00e9!<\/p>\n<p><strong>K : Que penses-tu des animations organis\u00e9es ?<\/strong><\/p>\n<p>E : J&rsquo;en ai pas particip\u00e9 a beaucoup mais je dois dire que la seule qui me paraissait int\u00e9r\u00e9ssente \u00e9tait celle de Lajurassienne!<\/p>\n<p><strong>K : Que penses-tu des enveloppes vers\u00e9es ?<\/strong><\/p>\n<p>E : J&rsquo;attend toujours la mienne=)<\/p>\n<p><strong>K : En quel honneur en aurais-tu une ?<\/strong><\/p>\n<p>E : Parce que je le vaux bien (a)<\/p>\n<p><strong>K : Que penses-tu du nouveau syst\u00e8me de corruption ?<\/strong><\/p>\n<p>E : Bananus sait tr\u00e8s bien ce qu&rsquo;il fait! en rendant les campagnes plus ch\u00e9res c&rsquo;est tout benefice pour lui!<\/p>\n<p><strong>K : Et la r\u00e9forme en elle-m\u00eame ?<\/strong><\/p>\n<p>E : Bah \u00e9coute aux premiers abords ca me paraissait incongru mais figure toi que maintenant elle me plait bien! car meme a 20h59 tu peux venir tranquillement piquer les meetings des autres ca va etre un jeu de patience!<\/p>\n<p><strong>K : Que penses-tu du jeu Votez Pour Moi, \u00e0 l&rsquo;heure d&rsquo;aujourd&rsquo;hui, de son \u00e9tat ?<\/strong><\/p>\n<p>E : Je trouve qu&rsquo;il se porte bien actuellement il y a une vague de nouveaux joueurs et des retours d&rsquo;anciens ca redynamise un peu le jeu.<\/p>\n<p><strong>K : Que penses-tu de moi ? (a)<\/strong><\/p>\n<p>E : Que du mal. (a)<\/p>\n<p><strong>K : Quelque chose \u00e0 ajouter peut-\u00eatre ?<\/strong><\/p>\n<p>E : Et si on \u00e9changeait les r\u00f4les!<\/p>\n<p><strong>K : Je t&rsquo;\u00e9coute.<\/strong><\/p>\n<p>E : Passer du journaliste a l&rsquo;interrog\u00e9!<\/p>\n<p><strong>K : J&rsquo;avais compris. Je t&rsquo;en prie, pose-moi tes questions<\/strong><\/p>\n<p>E : Les questions sont les m\u00eames que les miennes! (bon je sais je me casse pas le cul^^)<\/p>\n<p><strong>K : Et tu esp\u00e8res vraiment que j&rsquo;y r\u00e9ponde, que je vais tout mettre en forme et en page pour toi ? (a)<\/strong><\/p>\n<p>E : Pas que pour moi mais pour tout les VPMiens qui ne te connaissent pas encore!<\/p>\n<p>Ca serait sympa aussi d&rsquo;en savoir un peu plus sur toi<\/p>\n<p><strong>K : Je t&rsquo;invites \u00e0 lire les deux interviews de Magne et de Sosmaxou, assez r\u00e9centes et me concernant. Un grand merci \u00e0 toi d&rsquo;\u00eatre pass\u00e9, je te souhaite une bonne continuation et \u00e0 bient\u00f4t j&rsquo;esp\u00e8re !<\/strong><\/p>\n<p>E : Je te remercie \u00e9galement pour cette interview a la prochaine! Bon comme tu m&rsquo;a l&rsquo;air sympa j&rsquo;\u00e9viterais de te piquer des meetings!<\/p>\n","protected":false},"excerpt":{"rendered":"<p>C&rsquo;est aujourd&rsquo;hui Everlast qui est l&rsquo;invit\u00e9 du moelleux et confortable fauteuil rouge de Kerlinn.<\/p>\n","protected":false},"author":66,"featured_media":0,"comment_status":"open","ping_status":"open","sticky":false,"template":"","format":"standard","meta":{"site-container-style":"default","site-container-layout":"default","site-sidebar-layout":"default","disable-article-header":"default","disable-site-header":"default","disable-site-footer":"default","disable-content-area-spacing":"default","footnotes":""},"categories":[4],"tags":[34,209],"class_list":["post-17587","post","type-post","status-publish","format-standard","hentry","category-2-vpmc","tag-interview","tag-people"],"_links":{"self":[{"href":"https:\/\/vpmedias.fr\/index.php?rest_route=\/wp\/v2\/posts\/17587","targetHints":{"allow":["GET"]}}],"collection":[{"href":"https:\/\/vpmedias.fr\/index.php?rest_route=\/wp\/v2\/posts"}],"about":[{"href":"https:\/\/vpmedias.fr\/index.php?rest_route=\/wp\/v2\/types\/post"}],"author":[{"embeddable":true,"href":"https:\/\/vpmedias.fr\/index.php?rest_route=\/wp\/v2\/users\/66"}],"replies":[{"embeddable":true,"href":"https:\/\/vpmedias.fr\/index.php?rest_route=%2Fwp%2Fv2%2Fcomments&post=17587"}],"version-history":[{"count":6,"href":"https:\/\/vpmedias.fr\/index.php?rest_route=\/wp\/v2\/posts\/17587\/revisions"}],"predecessor-version":[{"id":17589,"href":"https:\/\/vpmedias.fr\/index.php?rest_route=\/wp\/v2\/posts\/17587\/revisions\/17589"}],"wp:attachment":[{"href":"https:\/\/vpmedias.fr\/index.php?rest_route=%2Fwp%2Fv2%2Fmedia&parent=17587"}],"wp:term":[{"taxonomy":"category","embeddable":true,"href":"https:\/\/vpmedias.fr\/index.php?rest_route=%2Fwp%2Fv2%2Fcategories&post=17587"},{"taxonomy":"post_tag","embeddable":true,"href":"https:\/\/vpmedias.fr\/index.php?rest_route=%2Fwp%2Fv2%2Ftags&post=17587"}],"curies":[{"name":"wp","href":"https:\/\/api.w.org\/{rel}","templated":true}]}}