{"id":17820,"date":"2014-02-15T13:22:23","date_gmt":"2014-02-15T12:22:23","guid":{"rendered":"http:\/\/vpmedias.fr\/?p=17820"},"modified":"2014-03-18T21:17:44","modified_gmt":"2014-03-18T20:17:44","slug":"faites-nous-marches-4-special-roubaix","status":"publish","type":"post","link":"https:\/\/vpmedias.fr\/?p=17820","title":{"rendered":"Fa\u00eetes nous march\u00e9s ! #4 Sp\u00e9cial Roubaix"},"content":{"rendered":"<p>C&rsquo;est le retour de cette s\u00e9rie initi\u00e9 par Dragalex sur VPM\u00e9dias ! Ca sera aussi l&rsquo;occasion pour moi de vous retrouver \u00e9galement. Pour cette 4<sup>\u00e8me<\/sup> \u00e9dition, nous nous retrouvons maintenant pour un article sp\u00e9cial sur Roubaix. Cette ville actuellement d\u00e9tenu par Petitefilledecat est l&rsquo;une des plus actives du moment !<\/p>\n<blockquote><p>De <b>papidiagne<\/b> le 06\/02 \u00e0 01:12<br \/>\nSalut tout le monde!<\/p>\n<p>Ca roule la campagne ?<br \/>\nEt bien j&rsquo;espere pour vous parce que pour moi ya une petite mal attendu \u00e0 propos de mes mmetings.<br \/>\nMalgr\u00e8s j&rsquo;ai pris le stade Z\u00e9nith mais mon leader a fait une mauvaise prestation.<br \/>\nJ&rsquo;esp\u00e8re qu&rsquo;il va plus commettre ces genres d&rsquo;erreurs.<\/p>\n<p>Petitefilledecat: la campagne reste encore Tu souhaites pas qu&rsquo;on soient des alli\u00e9s plus que je vote pour toi?<br \/>\nBon je vais pas trop m&rsquo;\u00e9loign\u00e9 de ce sujet restons concentr\u00e9s d&rsquo;abord.<\/p>\n<p>\u00a0\u00bbCe qui arrivera, arrivera\u00a0\u00bb<\/p>\n<p>Prenez soin de vos mamans !<br \/>\net prenez soin de vous.<br \/>\nbraaahhhh!!!!!!!!!!!!!!!!!<\/p><\/blockquote>\n<p>&nbsp;<\/p>\n<blockquote><p>De <b>magnemagne<\/b> le 06\/02 \u00e0 18:45<br \/>\nPetitefilledecat, Sengel attend ses 50 cr\u00e9dits ! ;)<\/p><\/blockquote>\n<p>&nbsp;<\/p>\n<blockquote style=\"background-color: #c04ff9;\"><p>De <b>March\u00e9 local<\/b> le 06\/02 \u00e0 18:59<br \/>\n<img decoding=\"async\" alt=\"\" src=\"http:\/\/votezpourmoi.com\/images\/gains\/gain_1.gif\" \/><br \/>\nLe citoyen Jean-benoit doucemise a \u00e9t\u00e9 influenc\u00e9(e) favorablement par <b>magnemagne<\/b> pour son animation du march\u00e9<\/p>\n<p>Message du citoyen : <i>Mais comment pouvez vous faire confiance \u00e0 un maire qui ne tient pas parole ?!<\/i><\/p><\/blockquote>\n<p>&nbsp;<\/p>\n<blockquote><p>De <b>magnemagne<\/b> le 06\/02 \u00e0 19:50<br \/>\nenti\u00e8rement d&rsquo;accord! Je vous propose de m&rsquo;\u00e9lire maire de cette petite bourgade chers habitants. La dictature de l\u2019escroc a assez dur\u00e9e ! (a)<\/p>\n<p>\u00ab\u00a0It&rsquo;s the Magne Power !\u00a0\u00bb<\/p><\/blockquote>\n<p>&nbsp;<\/p>\n<blockquote><p>De <b>petitefilledecat<\/b> le 06\/02 \u00e0 20:23<br \/>\nMagne maire ?<br \/>\nRoubaix sera une vrai catastrophe et j&rsquo;ai d\u00e9cider de vous attaquer en justice pour favoritisme avec la participation d&rsquo;un mod\u00e9rateur : dens !<\/p>\n<p>Vous savez je n&rsquo;est pas peur de vous !<\/p>\n<p>Chers candidats,<\/p>\n<p>Faite attention \u00e0 ce couple corrompu !<\/p><\/blockquote>\n<p>&nbsp;<\/p>\n<blockquote><p>De <b>papidiagne<\/b> le 06\/02 \u00e0 23:35<br \/>\nSalut \u00e0 tous !<br \/>\nbeaucoup de bavard, beaucoup d&rsquo;injustices,<br \/>\ndes personnes qui ne tiennent pas leur paroles.<\/p>\n<p>C&rsquo;est dommage vraiment dommage!<br \/>\nmais bon fais trop attention petitefilledecat je t&rsquo;aime bien et je veux pas qu&rsquo;on \u00e9crit une mauvaise article sur toi.<\/p>\n<p>Magne:doucement, la campagne vient juste de commencer et on est dix pour le moment<br \/>\ndonc tous ces candidats veulent la mairie c&rsquo;est pas toi seul et petitefilledecat que j&rsquo;aime bien,<br \/>\nMais y&rsquo;en a d&rsquo;autres plus, donc \u00a0\u00bbpiano piano\u00a0\u00bb<\/p>\n<p>Prenez soin de vous ! et de vos mamans je vs aimes.<br \/>\nBrahhhhhhhhhhhh!!!!!!<\/p><\/blockquote>\n<p>&nbsp;<\/p>\n<blockquote><p>De <b>petitefilledecat<\/b> le 08\/02 \u00e0 09:53<br \/>\nM. Le mod\u00e9rateur, candidat au municipale de Roubaix,<\/p>\n<p>Je vous annonce par la vois du march\u00e9 que les cr\u00e9dits seront donn\u00e9e dans la journ\u00e9e \u00e0 la gagnante !<\/p>\n<p>Je vous informe par ailleurs que je vais porter plainte contre vous pour harsellement, outrage \u00e0 magistrat, complot avec le mod\u00e9rateur Dens pour arrivez a vos fins<\/p>\n<p>Petitefilledecat,<br \/>\nMaire de Roubaix<\/p><\/blockquote>\n<p>&nbsp;<\/p>\n<blockquote style=\"background-color: #c04ff9;\"><p>De <b>March\u00e9 local<\/b> le 08\/02 \u00e0 10:18<br \/>\n<img decoding=\"async\" alt=\"\" src=\"http:\/\/votezpourmoi.com\/images\/gains\/gain_1.gif\" \/><br \/>\nLe citoyen Boris spehakansky a \u00e9t\u00e9 influenc\u00e9(e) favorablement par <b>papidiagne<\/b> pour son animation du march\u00e9<\/p>\n<p>Message du citoyen : <i>Allez papi! Vous savez j&rsquo;avais un grand p\u00e8re sous VPM, je comprend que vous ne relachiez rien face \u00e0 ce jeune excit\u00e9.<\/i><\/p><\/blockquote>\n<p>&nbsp;<\/p>\n<blockquote><p>De <b>petitefilledecat<\/b> le 08\/02 \u00e0 11:40<br \/>\n\u00ab\u00a0le jeune\u00a0\u00bb donc modif \u00ab\u00a0la jeune\u00a0\u00bb<\/p>\n<p>donc la jeune exit\u00e9e est tous de meme devenue maire de la 2eme ville du Nord pas de Calais<\/p><\/blockquote>\n<p>&nbsp;<\/p>\n<blockquote><p>De <b>magnemagne<\/b> le 08\/02 \u00e0 12:36<br \/>\nah voila qui est mieux! Nous allons attendre avec impatience que Sengel nous annonce avoir re\u00e7u sa r\u00e9compense !<\/p><\/blockquote>\n<p>&nbsp;<\/p>\n<blockquote><p>De <b>petitefilledecat<\/b> le 08\/02 \u00e0 15:54<br \/>\nj&rsquo;ai envie dans notre ville d&rsquo;install\u00e9 une communaut\u00e9 d&rsquo;agglom\u00e9ration Roubaisienne :<\/p>\n<p>voici son fonctionnement et son \u00e9lection :<\/p>\n<p>Le maire en exercice d\u00e9signe le pr\u00e9sident de l&rsquo;agglo qui l&rsquo;accompagnera pendant le mandat, il a le choix et peu meme nomm\u00e9 a sa t\u00eate un opposant, il peu ce nomm\u00e9 a la t\u00eate de cette agglom\u00e9ration<\/p>\n<p>il ne fait rien, il a juste un titre honorifique !<\/p>\n<p>des que le maire pert les \u00e9lections, le pr\u00e9sident et donc sortant.<\/p>\n<p>chaque candidat devra dire qui sera son pr\u00e9sident d&rsquo;agglo<\/p>\n<p>je me nomme pr\u00e9sidente d&rsquo;agglom\u00e9ration Roubaisienne car je le mes en place<\/p>\n<p>je nommerai pr\u00e9sidente d&rsquo;agglo gullireda si je suis r\u00e9\u00e9lue maire de Roubaix<\/p>\n<p>Petitefilledecat,<br \/>\nMaire de Roubaix<br \/>\nPr\u00e9sidente de l&rsquo;agglom\u00e9ration Roubaisienne<\/p><\/blockquote>\n<p>&nbsp;<\/p>\n<blockquote><p>De <b>magnemagne<\/b> le 08\/02 \u00e0 17:23<br \/>\nje vois pas trop l\u2019int\u00e9r\u00eat en gros &#8230;<\/p>\n<p>Surtout que Roubaix ne peut pas avoir d&rsquo;aggolo puisque c&rsquo;est juste \u00e0 c\u00f4t\u00e9 de Lille.<\/p><\/blockquote>\n<p>&nbsp;<\/p>\n<blockquote><p>De <b>petitefilledecat<\/b> le 08\/02 \u00e0 20:11<br \/>\nComme je vous l&rsquo;ai annonc\u00e9, cela est un titre honorifique et vous n&rsquo;avez pas a allez contre la volont\u00e9 du maire, vous changerez la loi des que vous \u00eates maire, \u00e0 ce que je sache vous n&rsquo;\u00eates pas sur mon fauteuil.<\/p>\n<p>Petitefilledecat,<br \/>\nMaire de Roubaix<br \/>\nPr\u00e9sidente de l&rsquo;agglom\u00e9ration roubaisienne<\/p><\/blockquote>\n<p>&nbsp;<\/p>\n<blockquote><p>De <b>magnemagne<\/b> le 09\/02 \u00e0 10:40<br \/>\nBonjour \u00e0 tous, je vous annonce la cr\u00e9ation du poste d&rsquo;\u00e9v\u00eaque de roubaix . Ce poste est pour le moment r\u00e9serv\u00e9 a moi m\u00eame vu que je les cr\u00e9\u00e9. Un \u00e9v\u00eaque entrera bient\u00f4t en fonction !<\/p><\/blockquote>\n<p>&nbsp;<\/p>\n<blockquote style=\"background-color: #c04ff9;\"><p>De <b>March\u00e9 local<\/b> le 09\/02 \u00e0 13:15<br \/>\n<img decoding=\"async\" alt=\"\" src=\"http:\/\/votezpourmoi.com\/images\/gains\/gain_1.gif\" \/><br \/>\nLe citoyen Sofia recu a \u00e9t\u00e9 influenc\u00e9(e) favorablement par <b>magnemagne<\/b> pour son animation du march\u00e9<\/p>\n<p>Message du citoyen : <i>Et t&rsquo;as pas envie d&rsquo;envoyer les cr\u00e9dits promis, plut\u00f4t que de te barder de titres en toc ?<\/i><\/p><\/blockquote>\n<p>&nbsp;<\/p>\n<blockquote><p>De <b>petitefilledecat<\/b> le 09\/02 \u00e0 14:15<br \/>\nArr\u00eate magne avec les +1 , gamin va !<\/p><\/blockquote>\n<p>&nbsp;<\/p>\n<blockquote><p>De <b>magnemagne<\/b> le 09\/02 \u00e0 14:17<br \/>\nC&rsquo;est pas moi, \u00e7a doit \u00eatre Dens surement ^^<\/p>\n<p>J&rsquo;en ai envoy\u00e9 plein mais pas \u00e0 Roubaix.<\/p><\/blockquote>\n<p>&nbsp;<\/p>\n<blockquote><p>De <b>khaldrogo<\/b> le 09\/02 \u00e0 14:40<\/p>\n<p>&#8211;Spendzst Pr\u00e9sident&#8211;<\/p>\n<p>http:\/\/www.youtube.com\/watc h?v=WifinCj1q4o<\/p>\n<p>Le Grand Enjeu, Votez Spendzst !<\/p><\/blockquote>\n<p>&nbsp;<\/p>\n<blockquote><p>De <b>petitefilledecat<\/b> le 09\/02 \u00e0 14:59<br \/>\nEnjeux \u00e9lectorale important :<\/p>\n<p>Bonjour !<\/p>\n<p>La Pr\u00e9sidentielle a commenc\u00e9e ! C&rsquo;est le moment de choisir notre Pr\u00e9sident ! A vous de choisir qui g\u00e9rera, animera et fera progresser VPM pour les 4 mois \u00e0 venir !<\/p>\n<p>Spendzst est le candidat du Mouvement Progreyssiste, nous proposons<\/p>\n<p>== &gt; Un Parlement<br \/>\n== &gt; Un taux de r\u00e9mun\u00e9ration du comtpe en Suisse \u00e9gal \u00e0 celui de l&rsquo;imp\u00f4t<br \/>\n== &gt; Un recrutement de nouveaux joueurs<br \/>\n== &gt; Une s\u00e9rie de petites r\u00e9formes qui am\u00e9lioreraient le quotidien des joueurs<br \/>\n== &gt; Des am\u00e9liorations du jeu<\/p>\n<p>Vote Spendzst ! Vote Mouvement Pogreyssiste<\/p>\n<p>Pour nous soutenir ==&gt;<\/p>\n<p>http:\/\/www.votezpourmoi.com\/vpm_forum_msg.php?idsujet=24321&#038;id=5&#038;recherche=<\/p>\n<p>Pour voter pour nous ==&gt;<\/p>\n<p>http:\/\/www.votezpourmoi.com\/vpm_presi.php<\/p><\/blockquote>\n<p>&nbsp;<\/p>\n<blockquote><p>De <b>papidiagne<\/b> le 09\/02 \u00e0 21:11<br \/>\nSalut \u00e0 tous<br \/>\ncomment \u00e7a va tout le monde<br \/>\nj&rsquo;\u00e8sp\u00e9re que vs vs portez bien comme d&rsquo;habitude la forme ?<\/p>\n<p>J&rsquo;\u00e9tais absent ces derniers jours j&rsquo;\u00e9tais \u00e0 NEW YORK la plus belle ville du monde.<br \/>\npetitefilledecat: j&rsquo;aimerais bien y aller avec toi mon prochain vogage.<\/p>\n<p>Bref et la campagne \u00e7a roule ?<br \/>\nj&rsquo;\u00e9tais \u00e0 la deuxi\u00e8me place mais vu<br \/>\nles jours de mon absence j&rsquo;ai baiss\u00e9 jusqu&rsquo;\u00e0 la troisi\u00e8me.<\/p>\n<p>Mais j&rsquo;ai \u00e9t\u00e9 surpris par la fille que j&rsquo;aime sur cette campagne: elle est alli\u00e9 avec un autre.<\/p>\n<p>Prenez soin de vos mamans et prenez soin de vous.<br \/>\nA bient\u00f4t !<br \/>\nBrahhhhh!!!!!!!!!!!!<\/p><\/blockquote>\n<p>&nbsp;<\/p>\n<blockquote><p>De <b>petitefilledecat<\/b> le 11\/02 \u00e0 17:29<br \/>\nen tant que maire de cette ville, je m&rsquo;interroge sur la cr\u00e9dibilit\u00e9 de certain candidat a cette \u00e9lection municipale, je demande a ma population de me r\u00e9\u00e9lire maire de Roubaix pour continuez le travail effectu\u00e9 ensemble avec l&rsquo;ensemble des 53 \u00e9lus du conseil municipal de Roubaix<\/p>\n<p>vive Roubaix !<\/p>\n<p>Petitefilledecat,<br \/>\nMaire de Roubaix<br \/>\nPr\u00e9sidente de la communaut\u00e9 d&rsquo;agglom\u00e9ration Lilloise<\/p><\/blockquote>\n<p>&nbsp;<\/p>\n<blockquote><p>De <b>papidiagne<\/b> le 11\/02 \u00e0 20:56<br \/>\nContente de toi ch\u00e9rie !<br \/>\nJe t&rsquo;aime petitefilledecat<\/p><\/blockquote>\n<p>&nbsp;<\/p>\n<blockquote><p>De <b>magnemagne<\/b> le 12\/02 \u00e0 06:18<br \/>\nDe qui parle-tu par exemple Petitefilledecat ?<\/p><\/blockquote>\n<p>&nbsp;<\/p>\n<blockquote><p>De <b>petitefilledecat<\/b> le 12\/02 \u00e0 07:43<br \/>\nDe vous magne<\/p><\/blockquote>\n<p>&nbsp;<\/p>\n<blockquote><p>De <b>magnemagne<\/b> le 12\/02 \u00e0 14:05<br \/>\nPourquoi je serais pas cr\u00e9dible ?<\/p><\/blockquote>\n<p>&nbsp;<\/p>\n<blockquote><p>De <b>petitefilledecat<\/b> le 12\/02 \u00e0 18:43<br \/>\ncar tu est un menteur !<\/p><\/blockquote>\n<p>&nbsp;<\/p>\n<blockquote><p>De <b>magnemagne<\/b> le 12\/02 \u00e0 20:19<br \/>\nje ne vois pas ou je ment ? ;)<\/p>\n<p>Je te dis que les +1 c&rsquo;est du Made In Dens pour que tu verse les cr\u00e9dits \u00e0 notre ami Sengel, Miss VPM 2014.<\/p>\n<p>Au moins, moi les 0 cr\u00e9dits pour Kenpachii ont \u00e9t\u00e9 vers\u00e9s ! ^^<\/p><\/blockquote>\n<p>&nbsp;<\/p>\n<blockquote><p>De <b>petitefilledecat<\/b> le 12\/02 \u00e0 22:08<br \/>\nDe plus tu pique mes meeting mais tu me piquera pas la ville croie moi<br \/>\nTu veut la guerre, tu va l&rsquo;avoir. !<\/p><\/blockquote>\n<p>&nbsp;<\/p>\n<blockquote><p>De <b>papidiagne<\/b> le 13\/02 \u00e0 02:53<br \/>\nSalut \u00e0 tous !<br \/>\nEt comment va la campagne bien?<\/p>\n<p>J&rsquo;\u00e9sp\u00e8re aussi que vous prenez bien soin de vos mamans&#8230;<\/p>\n<p>Ah nooonn&#8230; Pas la guerre ch\u00e9rie ^^<br \/>\nMagne: on est alli\u00e9 mais ne prends les meetings d\u00e9j\u00e0 programm\u00e9 de l&rsquo;amour de ma vie.<br \/>\nArr\u00eate bon sang ! Lol<\/p>\n<p>Prenez soin de vous, et de vos mamans ch\u00e9ries.<br \/>\nQue Dieu b\u00e9nit la ville de ma femme<br \/>\nAmen !<\/p><\/blockquote>\n<p>&nbsp;<\/p>\n<blockquote><p>De <b>khaldrogo<\/b> le 14\/02 \u00e0 08:48<br \/>\nvotez spendzst ;&rsquo;)<\/p><\/blockquote>\n<p>&nbsp;<\/p>\n<blockquote><p>De <b>petitefilledecat<\/b> le 14\/02 \u00e0 08:56<br \/>\nBonjour !<\/p>\n<p>LE VOTE DE LA PRESIDENTIELLE C&rsquo;EST AUJOURD&rsquo;HUI ! :!<\/p>\n<p>14 FEVRIER 2014<\/p>\n<p>Pour y voter ==&gt;<\/p>\n<p>http:\/\/www.votezpourmoi.com\/vpm_presi.php<\/p>\n<p>\u00catre dans une ville de + de 30 000 habitants avec ou sans \u00e9toile<\/p>\n<p>Aujourd&rsquo;hui, c&rsquo;est \u00e0 vous de choisir la voie du Progrey !<\/p>\n<p>vote SPENDZST<\/p><\/blockquote>\n<p>[auteur]<\/p>\n","protected":false},"excerpt":{"rendered":"<p>Le grand retour de cette s\u00e9rie sur VPM\u00e9dias ! Nous partons aujourd&rsquo;hui du c\u00f4t\u00e9 de Roubaix !<\/p>\n","protected":false},"author":91,"featured_media":0,"comment_status":"open","ping_status":"open","sticky":false,"template":"","format":"standard","meta":{"site-container-style":"default","site-container-layout":"default","site-sidebar-layout":"default","disable-article-header":"default","disable-site-header":"default","disable-site-footer":"default","disable-content-area-spacing":"default","footnotes":""},"categories":[312,4],"tags":[450,519],"class_list":["post-17820","post","type-post","status-publish","format-standard","hentry","category-g-a-la-une","category-2-vpmc","tag-marches","tag-ville"],"_links":{"self":[{"href":"https:\/\/vpmedias.fr\/index.php?rest_route=\/wp\/v2\/posts\/17820","targetHints":{"allow":["GET"]}}],"collection":[{"href":"https:\/\/vpmedias.fr\/index.php?rest_route=\/wp\/v2\/posts"}],"about":[{"href":"https:\/\/vpmedias.fr\/index.php?rest_route=\/wp\/v2\/types\/post"}],"author":[{"embeddable":true,"href":"https:\/\/vpmedias.fr\/index.php?rest_route=\/wp\/v2\/users\/91"}],"replies":[{"embeddable":true,"href":"https:\/\/vpmedias.fr\/index.php?rest_route=%2Fwp%2Fv2%2Fcomments&post=17820"}],"version-history":[{"count":10,"href":"https:\/\/vpmedias.fr\/index.php?rest_route=\/wp\/v2\/posts\/17820\/revisions"}],"predecessor-version":[{"id":17826,"href":"https:\/\/vpmedias.fr\/index.php?rest_route=\/wp\/v2\/posts\/17820\/revisions\/17826"}],"wp:attachment":[{"href":"https:\/\/vpmedias.fr\/index.php?rest_route=%2Fwp%2Fv2%2Fmedia&parent=17820"}],"wp:term":[{"taxonomy":"category","embeddable":true,"href":"https:\/\/vpmedias.fr\/index.php?rest_route=%2Fwp%2Fv2%2Fcategories&post=17820"},{"taxonomy":"post_tag","embeddable":true,"href":"https:\/\/vpmedias.fr\/index.php?rest_route=%2Fwp%2Fv2%2Ftags&post=17820"}],"curies":[{"name":"wp","href":"https:\/\/api.w.org\/{rel}","templated":true}]}}