{"id":17850,"date":"2014-02-16T18:28:43","date_gmt":"2014-02-16T17:28:43","guid":{"rendered":"http:\/\/vpmedias.fr\/?p=17850"},"modified":"2014-02-16T18:31:08","modified_gmt":"2014-02-16T17:31:08","slug":"paroles-de-candidat-kerlinn","status":"publish","type":"post","link":"https:\/\/vpmedias.fr\/?p=17850","title":{"rendered":"Paroles de Candidat : Kerlinn"},"content":{"rendered":"<p>Apr\u00e8s avoir re\u00e7u dans mon superbe bureau ce matin Spendzst candidat \u00e0 la pr\u00e9sidentielle, je re\u00e7ois maintenant Kerlinn, candidat du Retour du Canard D\u00e9cha\u00een\u00e9. Il a accept\u00e9 de r\u00e9pondre \u00e0 mes questions sur son programme, voici ses r\u00e9ponses !<\/p>\n<p><strong>Bonjour Kerlinn, merci d\u2019avoir accept\u00e9 mon interview. Je te propose directement de commencer par ton programme. Pourquoi avoir fait le choix d\u2019un gouvernement \u00e9largi\u00a0?<\/strong><\/p>\n<p>J\u2019ai choisis un gouvernement \u00e9largi car je pense que \u00e7a permet de g\u00e9rer pas mal de choses en m\u00eame temps. De plus, cela me permet de m\u2019entourer d\u2019une bonne \u00e9quipe avec qui j\u2019ai confiance de faire du bon travail. Je n\u2019h\u00e9siterais par contre pas \u00e0 me d\u00e9barrasser de l\u2019un de mes ministres ou secr\u00e9taires d\u2019\u00e9tat si jamais l\u2019un d\u2019eux n\u2019est pas actif.<\/p>\n<p><strong>Que proposes-tu comme animations ou projets pour les campagnes\u00a0?<\/strong><\/p>\n<p>Je propose de faire un tour de France de villes. Je visiterais de nombreuses villes avec mes 3 comptes Kerlinn, Laylo et Souslebureau et j\u2019organiserais des animations sur les march\u00e9s locaux. Je proposerais \u00e9galement de nouvelles \u00e9ditions d\u2019animations qui ont d\u00e9j\u00e0 \u00e9t\u00e9 organis\u00e9s et qui ont bien march\u00e9s tel VPM Performers ou encore Le Tournoi des Partis. J\u2019ai \u00e9galement pens\u00e9 \u00e0 l\u2019organisation d\u2019Olympiades qui contiendront diff\u00e9rentes \u00e9preuves autant sur les campagnes que sur le forum. Il y aura bien sur quelques surprises\u00a0!<\/p>\n<p><strong>Et pour la communaut\u00e9\u00a0?<\/strong><\/p>\n<p>J\u2019ai pens\u00e9 \u00e0 r\u00e9organiser diff\u00e9rentes animations dont une qui me tiens \u00e0 c\u0153ur, il s\u2019agit des Joutes Verbales bien s\u00fbr. Je compte \u00e9galement refaire une \u00e9dition du Meilleur VPMien, qui pourrait \u00eatre organis\u00e9 en collaboration avec Catwomin puisque celle-ci est actuellement de retour\u00a0! Une nouvelle \u00e9dition de VPM d\u2019Or toujours plus int\u00e9ressante serait \u00e9galement organis\u00e9 pendant mon mandat. Mais, puisqu\u2019on est l\u00e0 pour innover, \u00a0j\u2019ai pensais \u00e0 diff\u00e9rentes petits animations dont Offrez votre cadeau au pr\u00e9sident ou re-votons\u00a0!<\/p>\n<p><strong>Tu as annonc\u00e9 la cr\u00e9ation d\u2019une justice en mode \u00ab\u00a0role-play\u00a0\u00bb, peux-tu nous expliquer cette nouveaut\u00e9\u00a0?<\/strong><\/p>\n<p>Je pense que le Role-Play est tr\u00e8s important sur VPM. C\u2019est pour \u00e7a que j\u2019ai cr\u00e9\u00e9 un nouvel organisme\u00a0: la Justice de VPM. Elle sera dirig\u00e9e par un Garde des Sots, qui ne sera autre que Louloudurscv. Il sera assist\u00e9 de 3 juges parmi lesquelles l\u2019embl\u00e9matique Petitefilledecat.<\/p>\n<p>Tout le monde pourra participer \u00e0 cette grande animation tout au long de mon mandat. Je vous invite bien s\u00fbr \u00e0 consulter mon programme pour en savoir un peu plus sur cette innovation.<\/p>\n<p><strong>Comment comptes-tu recruter de nouveaux joueurs\u00a0? Et comment les accueillir pour qu\u2019ils restent sur VPM\u00a0?<\/strong><\/p>\n<p>J\u2019ai pr\u00e9vu la cr\u00e9ation d\u2019un secr\u00e9taire d\u2019\u00e9tat \u00e0 la Publicit\u00e9 Ext\u00e9rieur et \u00e0 l\u2019Ext\u00e9rieur de la Publicit\u00e9. Il devra utiliser tous les outils qui sont \u00e0 sa disposition pour promouvoir le jeu sur internet (r\u00e9seaux sociaux, les forums, les sites de partages de jeux \u2026).<\/p>\n<p>Pour ce qui est de l\u2019int\u00e9gration, j\u2019ai pr\u00e9vu de nommer un Ministre de la Jeunesse et de relancer les Parrains du C\u0153ur. J\u2019ai d\u00e9cid\u00e9 de relancer cette organisation mais dans une version plus \u00ab\u00a0pouss\u00e9\u00a0\u00bb. Ce ne sera plus les joueurs qui devront se rapprocher de ces joueurs volontaires mais l\u2019inverse.<\/p>\n<p><strong>Que proposes-tu pour faire prosp\u00e9rer les m\u00e9dias\u00a0?<\/strong><\/p>\n<p>Je serais bien s\u00fbr un grand observateur des M\u00e9dias. Je trouve que ces cr\u00e9ations sont indispensables au jeu et ne doivent donc pas \u00eatre plac\u00e9s en retrait du jeu. J\u2019ai pr\u00e9vu notamment la cr\u00e9ation d\u2019un secr\u00e9taire d\u2019\u00e9tat de la Presse Press\u00e9e et du Wiki ainsi qu\u2019une animation qui consistera \u00e0 r\u00e9compenser les meilleurs articles publi\u00e9s sur les diff\u00e9rents m\u00e9dias du jeu.<\/p>\n<p>[auteur]<\/p>\n","protected":false},"excerpt":{"rendered":"<p>Kerllinn, candidat \u00e0 la pr\u00e9sidentielle r\u00e9pond aux questions de votre journaliste pr\u00e9f\u00e9r\u00e9 !<\/p>\n","protected":false},"author":91,"featured_media":0,"comment_status":"open","ping_status":"open","sticky":false,"template":"","format":"standard","meta":{"site-container-style":"default","site-container-layout":"default","site-sidebar-layout":"default","disable-article-header":"default","disable-site-header":"default","disable-site-footer":"default","disable-content-area-spacing":"default","footnotes":""},"categories":[312,4],"tags":[421,34,418],"class_list":["post-17850","post","type-post","status-publish","format-standard","hentry","category-g-a-la-une","category-2-vpmc","tag-candidats","tag-interview","tag-presidentielle"],"_links":{"self":[{"href":"https:\/\/vpmedias.fr\/index.php?rest_route=\/wp\/v2\/posts\/17850","targetHints":{"allow":["GET"]}}],"collection":[{"href":"https:\/\/vpmedias.fr\/index.php?rest_route=\/wp\/v2\/posts"}],"about":[{"href":"https:\/\/vpmedias.fr\/index.php?rest_route=\/wp\/v2\/types\/post"}],"author":[{"embeddable":true,"href":"https:\/\/vpmedias.fr\/index.php?rest_route=\/wp\/v2\/users\/91"}],"replies":[{"embeddable":true,"href":"https:\/\/vpmedias.fr\/index.php?rest_route=%2Fwp%2Fv2%2Fcomments&post=17850"}],"version-history":[{"count":4,"href":"https:\/\/vpmedias.fr\/index.php?rest_route=\/wp\/v2\/posts\/17850\/revisions"}],"predecessor-version":[{"id":17853,"href":"https:\/\/vpmedias.fr\/index.php?rest_route=\/wp\/v2\/posts\/17850\/revisions\/17853"}],"wp:attachment":[{"href":"https:\/\/vpmedias.fr\/index.php?rest_route=%2Fwp%2Fv2%2Fmedia&parent=17850"}],"wp:term":[{"taxonomy":"category","embeddable":true,"href":"https:\/\/vpmedias.fr\/index.php?rest_route=%2Fwp%2Fv2%2Fcategories&post=17850"},{"taxonomy":"post_tag","embeddable":true,"href":"https:\/\/vpmedias.fr\/index.php?rest_route=%2Fwp%2Fv2%2Ftags&post=17850"}],"curies":[{"name":"wp","href":"https:\/\/api.w.org\/{rel}","templated":true}]}}