{"id":17873,"date":"2014-03-05T14:18:12","date_gmt":"2014-03-05T13:18:12","guid":{"rendered":"http:\/\/vpmedias.fr\/?p=17873"},"modified":"2014-03-05T14:18:12","modified_gmt":"2014-03-05T13:18:12","slug":"une-star-sur-vpm","status":"publish","type":"post","link":"https:\/\/vpmedias.fr\/?p=17873","title":{"rendered":"Une Star sur VPM"},"content":{"rendered":"<p>Mes chers.<\/p>\n<p>Pour ceux qui ne me connaissent pas, je tiens \u00e0 me pr\u00e9senter, car cet article est mon premier et le d\u00e9but d&rsquo;une longue, tr\u00e8s longue s\u00e9rie (du moins je l&rsquo;esp\u00e8re ^^).<\/p>\n<p><b>Pr\u00e9sentation de Sitto<b><\/b><\/b><\/p>\n<p>Je suis donc Sitto, inscrit sur VPM en 2007 (j&rsquo;avais cr\u00e9er un premier compte en 2006, mais j&rsquo;en ai oubli\u00e9 l&rsquo;identifiant), joueur r\u00e9ellement actif depuis 2011. Je suis le fondateur du parti SoLiDaRiT\u00e9 (fond\u00e9 sous le nom La France Copule et renomm\u00e9 fin 2013). Je suis aussi le co-fondateur du parti des Heureux Conqu\u00e9rants (Conqu\u00e9rant un jour, Conqu\u00e9rant toujours) sous mon multi Recco, qui est aujourd&rsquo;hui membre des Spa-Tulle :).<br \/>\nConcernant mon parcours dans le jeu, il n&rsquo;y a rien de sp\u00e9cial \u00e0 dire, j&rsquo;ai gagner quelques villes, mais pas de quoi me vanter, je me suis fais des amis, mais aussi quelques rivaux et ennemis, j&rsquo;ai us\u00e9 de corruption, maintes et maintes fois, j&rsquo;ai trahis des alli\u00e9s, de temps en temps, mais je reste avant tout un joueur fid\u00e8le, amical et digne de confiance (la plupart du temps, vous l&rsquo;aurez compris x&rsquo;D).<br \/>\nJe me suis pr\u00e9senter une fois aux pr\u00e9sidentielles (mi-2013), o\u00f9 j&rsquo;ai fais un score plut\u00f4t ridicule (merci d&rsquo;ailleurs au passage aux joueurs qui avaient vot\u00e9s pour moi ^^), je viens d&rsquo;\u00eatre nomm\u00e9 ministre du mandat de Kerlinn (qui vient juste de commencer, pour ceux qui ne seraient pas au courant). Voil\u00e0 tout pour la partie \u00ab\u00a0politique\u00a0\u00bb du jeu :).<\/p>\n<p>Bref, fini de parler de moi, on en vient maintenant au sujet de cet article, la Star de VPM.<\/p>\n<p><b>Une Star sur VPM<b><\/b><\/b><\/p>\n<p>Cette histoire prend place en D\u00e9cembre 2013, sur le forum du jeu. Un d\u00e9nomm\u00e9 Calvinator, qui avait fait la rencontre d&rsquo;un joueur lui disant \u00eatre quelqu&rsquo;un de c\u00e9l\u00e8bre IRL, avait eu la brillante id\u00e9e d&rsquo;en faire une animation, le but de cette derni\u00e8re \u00e9tant de deviner l&rsquo;identit\u00e9 de la dite c\u00e9l\u00e9brit\u00e9.<\/p>\n<p>Le 16 d\u00e9cembre, Calvinator lan\u00e7a son animation qu&rsquo;il nomma, simplement et logiquement \u00ab\u00a0Mais qui est nofear ?!\u00a0\u00bb, Nofear \u00e9tant, vous l&rsquo;aurez compris, le pseudo de la c\u00e9l\u00e9brit\u00e9 dont il est sujet.<br \/>\nL&rsquo;animation ne fut pas tr\u00e8s longue, car les joueurs avaient acc\u00e8s r\u00e9guli\u00e8rement \u00e0 de petites infos sur la Star.<\/p>\n<p>Lorsque j&rsquo;ai appris l&rsquo;existance de l&rsquo;animation, le lendemain, on savait d\u00e9j\u00e0 qu&rsquo;il s&rsquo;agissait d&rsquo;un homme et qu&rsquo;il \u00e9tait sportif et qu&rsquo;il avait 32 ans. J&rsquo;ai eu la bonne id\u00e9e de chercher un site r\u00e9pertoriant toutes les c\u00e9l\u00e9brit\u00e9s fran\u00e7aises n\u00e9e en 1981 (en esp\u00e9rant que notre Star n&rsquo;\u00e9tait pas n\u00e9e entre le 18 et le 31 d\u00e9cembre, auquel cas elle serait n\u00e9e en 1980&#8230; Et oui ^^). J&rsquo;ai rapidement mis la main sur un tel site, je n&rsquo;ai plus eu qu&rsquo;\u00e0 faire une s\u00e9lection des hommes sportifs, puis quelques d\u00e9ductions aid\u00e9es des indices donn\u00e9s lors de l&rsquo;animation pour me retrouver avec deux candidats possibles : Christophe Riblon et Randy De Puniet. J&rsquo;ai cit\u00e9 le premier le 17, mais ce n&rsquo;\u00e9tait pas la bonne r\u00e9ponse. Je savais donc qu&rsquo;il s&rsquo;agissait de l&rsquo;autre, ce qui m&rsquo;a \u00e9t\u00e9 confirmer le 19, quand j&rsquo;ai donn\u00e9 le nom de Randy de Puniet.<\/p>\n<p>Mais&#8230; Vous vous demandez peut-\u00eatre qui est Randy de Puniet ? Il s&rsquo;agit d&rsquo;un pilote Fran\u00e7ais des championnats du monde de vitesse moto, organis\u00e9 par la FIM (F\u00e9d\u00e9ration Internationale de Motocyclisme). Il a concouru dans les cat\u00e9gories 125c\u00b2 (1998-2000), de 250\u00b2 (2001-2005) et est depuis en MotoGP. Il est mont\u00e9 une fois en 2004 sur le podium de la cat\u00e9gorie 250m\u00b2 en arrivant 3\u00e8me.<br \/>\nIl me semble remarquer aussi qu&rsquo;il est le seul pilote Fran\u00e7ais de la comp\u00e9tition, je trouve que c&rsquo;est d\u00e9j\u00e0 un tr\u00e8s bel exploit ;).<\/p>\n<p>Je vais \u00e0 pr\u00e9sent mettre fin \u00e0 cet article, vous souhaiter une bonne nuit, un bon app\u00e9tit, une agr\u00e9able soir\u00e9e, une bonne journ\u00e9e, ou bien simplement une bonne bourre, comme on dit xD ! Comme je peux pas savoir o\u00f9 vous en \u00eates dans votre journ\u00e9e, vous n&rsquo;aurez qu&rsquo;\u00e0 piocher la formule adapt\u00e9e dans celles-l\u00e0 :-)<\/p>\n<p>Votre D\u00e9vou\u00e9, Sitto ;-p<\/p>\n","protected":false},"excerpt":{"rendered":"<p>Mes chers. Pour ceux qui ne me connaissent pas, je tiens \u00e0 me pr\u00e9senter, car cet article est mon premier et le d\u00e9but d&rsquo;une longue, tr\u00e8s longue s\u00e9rie (du moins je l&rsquo;esp\u00e8re ^^). Pr\u00e9sentation de Sitto Je suis donc Sitto, inscrit sur VPM en 2007 (j&rsquo;avais cr\u00e9er un premier compte en 2006, mais j&rsquo;en ai [&hellip;]<\/p>\n","protected":false},"author":133,"featured_media":0,"comment_status":"open","ping_status":"open","sticky":false,"template":"","format":"standard","meta":{"site-container-style":"default","site-container-layout":"default","site-sidebar-layout":"default","disable-article-header":"default","disable-site-header":"default","disable-site-footer":"default","disable-content-area-spacing":"default","footnotes":""},"categories":[302],"tags":[],"class_list":["post-17873","post","type-post","status-publish","format-standard","hentry","category-5-la-tribune-libre"],"_links":{"self":[{"href":"https:\/\/vpmedias.fr\/index.php?rest_route=\/wp\/v2\/posts\/17873","targetHints":{"allow":["GET"]}}],"collection":[{"href":"https:\/\/vpmedias.fr\/index.php?rest_route=\/wp\/v2\/posts"}],"about":[{"href":"https:\/\/vpmedias.fr\/index.php?rest_route=\/wp\/v2\/types\/post"}],"author":[{"embeddable":true,"href":"https:\/\/vpmedias.fr\/index.php?rest_route=\/wp\/v2\/users\/133"}],"replies":[{"embeddable":true,"href":"https:\/\/vpmedias.fr\/index.php?rest_route=%2Fwp%2Fv2%2Fcomments&post=17873"}],"version-history":[{"count":2,"href":"https:\/\/vpmedias.fr\/index.php?rest_route=\/wp\/v2\/posts\/17873\/revisions"}],"predecessor-version":[{"id":18031,"href":"https:\/\/vpmedias.fr\/index.php?rest_route=\/wp\/v2\/posts\/17873\/revisions\/18031"}],"wp:attachment":[{"href":"https:\/\/vpmedias.fr\/index.php?rest_route=%2Fwp%2Fv2%2Fmedia&parent=17873"}],"wp:term":[{"taxonomy":"category","embeddable":true,"href":"https:\/\/vpmedias.fr\/index.php?rest_route=%2Fwp%2Fv2%2Fcategories&post=17873"},{"taxonomy":"post_tag","embeddable":true,"href":"https:\/\/vpmedias.fr\/index.php?rest_route=%2Fwp%2Fv2%2Ftags&post=17873"}],"curies":[{"name":"wp","href":"https:\/\/api.w.org\/{rel}","templated":true}]}}