{"id":17879,"date":"2014-02-22T15:09:18","date_gmt":"2014-02-22T14:09:18","guid":{"rendered":"http:\/\/vpmedias.fr\/?p=17879"},"modified":"2014-02-22T15:15:18","modified_gmt":"2014-02-22T14:15:18","slug":"kerlinn-choisit-la-ville-de-montreuil","status":"publish","type":"post","link":"https:\/\/vpmedias.fr\/?p=17879","title":{"rendered":"Kerlinn choisit la ville de Montreuil"},"content":{"rendered":"<p style=\"text-align: justify;\">Bananus a ajout\u00e9 aujourd&rsquo;hui au jeu la ville de <strong>Montreuil,<\/strong> sur la demande de Kerlinn. <!--more-->Le Pr\u00e9sident, poste auquel Kerlinn a \u00e9t\u00e9 \u00e9lu la semaine derni\u00e8re, a en effet la possibilit\u00e9 de choisir une ville \u00e0 ajouter sur le jeu. Montreuil, ville de la r\u00e9gion <a href=\"http:\/\/wiki.vpmedias.fr\/%C3%8Ele_de_France\" target=\"_blank\">\u00cele-de-France<\/a>, comptera\u00a0 103 000 habitants et sera donc d&rsquo;une envergure similaire \u00e0 <a href=\"http:\/\/wiki.vpmedias.fr\/Saint-Denis\" target=\"_blank\">Saint-Denis<\/a> ou <a href=\"http:\/\/wiki.vpmedias.fr\/Argenteuil\" target=\"_blank\">Argenteuil<\/a>. Elle remplace <a href=\"http:\/\/wiki.vpmedias.fr\/Oyonnax\" target=\"_blank\">Oyonnax<\/a>, petite ville (22000 habitants) de l&rsquo;Ain rest\u00e9e sans campagne depuis 2012.<\/p>\n<p style=\"text-align: justify;\">Montreuil attend d\u00e9sormais ses premiers candidats pour ouvrir.<\/p>\n","protected":false},"excerpt":{"rendered":"<p>Bananus a ajout\u00e9 aujourd&rsquo;hui au jeu la ville de Montreuil, sur la demande de Kerlinn.<\/p>\n","protected":false},"author":5,"featured_media":0,"comment_status":"open","ping_status":"open","sticky":false,"template":"","format":"standard","meta":{"site-container-style":"default","site-container-layout":"default","site-sidebar-layout":"default","disable-article-header":"default","disable-site-header":"default","disable-site-footer":"default","disable-content-area-spacing":"default","footnotes":""},"categories":[268],"tags":[45,25,54],"class_list":["post-17879","post","type-post","status-publish","format-standard","hentry","category-4-breves","tag-campagne","tag-nouveaute","tag-president"],"_links":{"self":[{"href":"https:\/\/vpmedias.fr\/index.php?rest_route=\/wp\/v2\/posts\/17879","targetHints":{"allow":["GET"]}}],"collection":[{"href":"https:\/\/vpmedias.fr\/index.php?rest_route=\/wp\/v2\/posts"}],"about":[{"href":"https:\/\/vpmedias.fr\/index.php?rest_route=\/wp\/v2\/types\/post"}],"author":[{"embeddable":true,"href":"https:\/\/vpmedias.fr\/index.php?rest_route=\/wp\/v2\/users\/5"}],"replies":[{"embeddable":true,"href":"https:\/\/vpmedias.fr\/index.php?rest_route=%2Fwp%2Fv2%2Fcomments&post=17879"}],"version-history":[{"count":3,"href":"https:\/\/vpmedias.fr\/index.php?rest_route=\/wp\/v2\/posts\/17879\/revisions"}],"predecessor-version":[{"id":17881,"href":"https:\/\/vpmedias.fr\/index.php?rest_route=\/wp\/v2\/posts\/17879\/revisions\/17881"}],"wp:attachment":[{"href":"https:\/\/vpmedias.fr\/index.php?rest_route=%2Fwp%2Fv2%2Fmedia&parent=17879"}],"wp:term":[{"taxonomy":"category","embeddable":true,"href":"https:\/\/vpmedias.fr\/index.php?rest_route=%2Fwp%2Fv2%2Fcategories&post=17879"},{"taxonomy":"post_tag","embeddable":true,"href":"https:\/\/vpmedias.fr\/index.php?rest_route=%2Fwp%2Fv2%2Ftags&post=17879"}],"curies":[{"name":"wp","href":"https:\/\/api.w.org\/{rel}","templated":true}]}}