{"id":18026,"date":"2014-03-04T13:32:03","date_gmt":"2014-03-04T12:32:03","guid":{"rendered":"http:\/\/vpmedias.fr\/?p=18026"},"modified":"2014-03-04T13:36:53","modified_gmt":"2014-03-04T12:36:53","slug":"premier-remaniement-de-kerlinn","status":"publish","type":"post","link":"https:\/\/vpmedias.fr\/?p=18026","title":{"rendered":"Premier remaniement de Kerlinn"},"content":{"rendered":"<p>Kerlinn, le pr\u00e9sident de la R\u00e9publique a annonc\u00e9 ce matin le premier remaniement gouvernemental. C&rsquo;\u00e9tait \u00e0 09:41 tr\u00e8s pr\u00e9cisement au travers de ce message publi\u00e9 sur le forum :<\/p>\n<blockquote><p><strong>Second Gouvernement Kerlinnien<\/strong><img decoding=\"async\" alt=\"\" src=\"http:\/\/votezpourmoi.com\/photos\/506260.jpg\" align=\"left\" \/><\/p>\n<p>De <b>kerlinn<\/b><img decoding=\"async\" alt=\"\" src=\"http:\/\/votezpourmoi.com\/images\/etoile_t.gif\" \/><img decoding=\"async\" alt=\"\" src=\"http:\/\/votezpourmoi.com\/images\/etoile_t.gif\" \/><img decoding=\"async\" alt=\"\" src=\"http:\/\/votezpourmoi.com\/images\/etoile_t.gif\" \/><img decoding=\"async\" alt=\"\" src=\"http:\/\/votezpourmoi.com\/images\/etoile_t.gif\" \/><br \/>\nLe 04\/03\/14 \u00e0 09:41:36<br \/>\n<a href=\"http:\/\/votezpourmoi.com\/vpm_forum_msg.php?pouce=1&amp;idsujet=24599&amp;id=5&amp;idmsg=1\"><img decoding=\"async\" alt=\"\" src=\"http:\/\/votezpourmoi.com\/images\/poucehaut.gif\" border=\"0\" \/> <\/a><a href=\"http:\/\/votezpourmoi.com\/vpm_forum_msg.php?pouce=-1&amp;idsujet=24599&amp;id=5&amp;idmsg=1\"><img decoding=\"async\" alt=\"\" src=\"http:\/\/votezpourmoi.com\/images\/poucebas.gif\" border=\"0\" \/><\/a><br clear=\"all\" \/>J&rsquo;ai eu de la chance de ne pas \u00eatre l\u00e0 hier soir, tiens !<\/p>\n<p>Pour ceux qui ne l&rsquo;auraient pas compris, pas d\u00e9crypt\u00e9, summerzik = aladdinsane = shetty (pas exactement, mais bon !) = soundandvision.<br \/>\nJe me contre fiche du fait qu&rsquo;il y ait quatre comptes sous la m\u00eame adresse I.P., ce n&rsquo;est pas mon probl\u00e8me, mais celui du joueur et de l&rsquo;administration.<\/p>\n<p>En revanche, je ne me contrefiche pas du fait que soundandvision (ou autre, \u00e0 vous de voir) est r\u00e9ussi \u00e0 me duper, et pas seulement moi d&rsquo;ailleurs. Il m&rsquo;a pr\u00e9sent\u00e9 le prototype du jeune joueur investi, qui est motiv\u00e9, le jeune joueur parfait, celui dont on r\u00eave qu&rsquo;ils soient tous comme lui. Et je l&rsquo;ai nomm\u00e9 ministre.<br \/>\nEncore, j&rsquo;aurais pr\u00e9f\u00e9r\u00e9 que ce soit un autre joueur qui me joue ce tour l\u00e0. Mais summerzik&#8230; Comment dire&#8230; Je l&rsquo;appr\u00e9ciais et je vois que maintenant que je suis pr\u00e9sident (ou depuis que je suis candidat plut\u00f4t) certains joueurs m&rsquo;ont compl\u00e8tement tourn\u00e9 le dos. J&rsquo;avais d\u00e9j\u00e0 remarqu\u00e9 que aladdinsane n&rsquo;\u00e9tait pas du tout en accord avec moi, mais de l\u00e0 \u00e0 aller jusqu&rsquo;\u00e0 me duper \u00e0 ce point, je ne l&rsquo;aurais pas imagin\u00e9.<br \/>\nAlors bien \u00e9videmment, f\u00e9licitations \u00e0 lui, mais adieu tout de m\u00eame.<\/p>\n<p>Il est d\u00e8s \u00e0 pr\u00e9sent remplac\u00e9 par hera. J&rsquo;ai refais un tour sur le sujet \u00ab\u00a0Tu es jeune ? Tu es beau ?\u00a0\u00bb. Avec les deux caract\u00e9ristiques en plus \u00ab\u00a0Tu es fun ? Tu es chaud ?\u00a0\u00bb, Hera l&#8217;emporte haut la main !<br \/>\nMerci \u00e0 elle pour ce qu&rsquo;elle a d\u00e9j\u00e0&#8230; Euh ce qu&rsquo;elle va faire.<\/p>\n<p>Second remplacement. J&rsquo;avais nomm\u00e9 petitefilldecat juge, histoire de lui donner un minimum de cr\u00e9dibilit\u00e9 dans toutes ses actions, et pour animer un petit peu le forum de trucs \u00ab\u00a0s\u00e9rieux\u00a0\u00bb. Rat\u00e9.<br \/>\nDorado le remplace.<\/p>\n<p>Pour le poste de Secr\u00e9taire d&rsquo;Etat Conseiller et Observateur et aux Chaussettes qui Pues, Lereta occupe le poste jusqu&rsquo;au 7 mars et sera remplac\u00e9 \u00e0 cette date.<\/p><\/blockquote>\n<p>La composition de ce second gouvernement est donc la suivante :<\/p>\n<p>Pr\u00e9sident : Kerlinn<\/p>\n<p>Vice-Pr\u00e9sident : Magne<\/p>\n<p>Garde des Sots : Louloudurscv<br \/>\nMinistre de la Jeunesse : Hera<br \/>\nMinistre des Campagnes : Sengel<br \/>\nMinistre de l&rsquo;Innovation et des Id\u00e9es Nouvelles : Sitto<br \/>\nMinistre de la Communication, Porte-Parole du Gouvernement : Askari<\/p>\n<p>Secr\u00e9taire d&rsquo;Etat aux Animations 1 : Calvinator<br \/>\nSecr\u00e9taire d&rsquo;Etat aux Animations 2 : Thevanessa<br \/>\nSecr\u00e9taire d&rsquo;Etat aux Animations 3 : Chaynaize<br \/>\nSecr\u00e9taire d&rsquo;Etat de la Presse Press\u00e9e et du Wiki : Bobmorane<br \/>\nSecr\u00e9taire d&rsquo;Etat de la Publicit\u00e9 Ext\u00e9rieur et de l&rsquo;Ext\u00e9rieur de la Publicit\u00e9 : Minion<br \/>\nSecr\u00e9taire d&rsquo;Etat Conseiller et Observateur et aux Chaussettes qui Pues : Lereta (7 mars)<\/p>\n<p>Juge 1 : Lyonsuper<br \/>\nJuge 2 : Maxdenice<br \/>\nJuge 3 : Dorado<\/p>\n","protected":false},"excerpt":{"rendered":"<p>Kerlinn, le pr\u00e9sident de la R\u00e9publique a annonc\u00e9 ce matin le premier remaniement gouvernemental. C&rsquo;\u00e9tait \u00e0 09:41 tr\u00e8s pr\u00e9cisement au travers de ce message publi\u00e9 sur le forum : Second Gouvernement Kerlinnien De kerlinn Le 04\/03\/14 \u00e0 09:41:36 J&rsquo;ai eu de la chance de ne pas \u00eatre l\u00e0 hier soir, tiens ! Pour ceux qui [&hellip;]<\/p>\n","protected":false},"author":91,"featured_media":0,"comment_status":"open","ping_status":"open","sticky":false,"template":"","format":"standard","meta":{"site-container-style":"default","site-container-layout":"default","site-sidebar-layout":"default","disable-article-header":"default","disable-site-header":"default","disable-site-footer":"default","disable-content-area-spacing":"default","footnotes":""},"categories":[268],"tags":[550,54],"class_list":["post-18026","post","type-post","status-publish","format-standard","hentry","category-4-breves","tag-ministres","tag-president"],"_links":{"self":[{"href":"https:\/\/vpmedias.fr\/index.php?rest_route=\/wp\/v2\/posts\/18026","targetHints":{"allow":["GET"]}}],"collection":[{"href":"https:\/\/vpmedias.fr\/index.php?rest_route=\/wp\/v2\/posts"}],"about":[{"href":"https:\/\/vpmedias.fr\/index.php?rest_route=\/wp\/v2\/types\/post"}],"author":[{"embeddable":true,"href":"https:\/\/vpmedias.fr\/index.php?rest_route=\/wp\/v2\/users\/91"}],"replies":[{"embeddable":true,"href":"https:\/\/vpmedias.fr\/index.php?rest_route=%2Fwp%2Fv2%2Fcomments&post=18026"}],"version-history":[{"count":4,"href":"https:\/\/vpmedias.fr\/index.php?rest_route=\/wp\/v2\/posts\/18026\/revisions"}],"predecessor-version":[{"id":18029,"href":"https:\/\/vpmedias.fr\/index.php?rest_route=\/wp\/v2\/posts\/18026\/revisions\/18029"}],"wp:attachment":[{"href":"https:\/\/vpmedias.fr\/index.php?rest_route=%2Fwp%2Fv2%2Fmedia&parent=18026"}],"wp:term":[{"taxonomy":"category","embeddable":true,"href":"https:\/\/vpmedias.fr\/index.php?rest_route=%2Fwp%2Fv2%2Fcategories&post=18026"},{"taxonomy":"post_tag","embeddable":true,"href":"https:\/\/vpmedias.fr\/index.php?rest_route=%2Fwp%2Fv2%2Ftags&post=18026"}],"curies":[{"name":"wp","href":"https:\/\/api.w.org\/{rel}","templated":true}]}}