{"id":18395,"date":"2014-04-24T12:00:00","date_gmt":"2014-04-24T11:00:00","guid":{"rendered":"http:\/\/vpmedias.fr\/?p=18395"},"modified":"2014-04-25T14:36:46","modified_gmt":"2014-04-25T13:36:46","slug":"interview-de-julienlef","status":"publish","type":"post","link":"https:\/\/vpmedias.fr\/?p=18395","title":{"rendered":"Interview de Julienlef"},"content":{"rendered":"<p style=\"text-align: justify;\"><em><span style=\"color: #000000;\">Cette semaine, je suis all\u00e9 \u00e0 la recherche de <a title=\"Fiche Julienlef\" href=\"http:\/\/www.votezpourmoi.com\/vpm_fiche.php?joueur=julienlef\" target=\"_blank\">Julienlef<\/a> avec une id\u00e9e en t\u00eate : faire mon interview. <!--more-->Je l&rsquo;ai donc attendu sur le beau sable blanc, pr\u00e8s de la mer. \u00ab\u00a0J&rsquo;ai failli attendre\u00a0\u00bb disait un certains Louis. Moi, je n&rsquo;ai pas failli. Il n&rsquo;est jamais venu. J&rsquo;ai couru au Minist\u00e8re de la Justice. Il \u00e9tait ferm\u00e9. Je suis donc pass\u00e9 par le bureau du pr\u00e9fet, \u00e0 l&rsquo;\u00e9tage du dessus, et&#8230; Surprise ! Qui vois-je ? Julienlef qui se fait auditionner pour tentative de corruption. T\u00eate baiss\u00e9, priant le Saint-Magne, niant l&rsquo;\u00e9vidence, il a eu le temps de r\u00e9pondre \u00e0 mes questions.<\/span><\/em><\/p>\n<p style=\"margin-bottom: 0cm; text-align: justify;\"><span style=\"color: #0000ff;\"><b>Pourrais-je avoir une pr\u00e9sentation de votre part, cher Julienlef ?<br \/>\n<\/b><\/span><\/p>\n<p style=\"text-align: justify;\">Bien s\u00fbr. Je suis Julienlef, un VPMien (si, si, je vous le promet). Je suis chez les canards et en campagne \u00e0 Caen. J&rsquo;aime aller sur les march\u00e9s pour parler avec d&rsquo;autres VPMiens (si, si, je vous le promet). Je joue depuis 2012 et j&rsquo;ai eu plusieurs responsabilit\u00e9s dans des partis (les cafards, l&rsquo;essor commun,&#8230;) mais aussi au niveau de la R\u00e9publique VPMienne. Je ne suis pas connu.<br \/>\nActuellement, je suis juge. J&rsquo;ai \u00e9t\u00e9 Secr\u00e9taire d&rsquo;\u00c9tat sous Rataxes et Ministre sous Dragalex&#8230; Mais je n&rsquo;aime pas trop m&rsquo;en vanter !<\/p>\n<p style=\"margin-bottom: 0cm; text-align: justify;\">\u00a0<span style=\"color: #0000ff;\"><b>On peut se vanter quand on a fait des choses. <\/b><\/span><\/p>\n<p style=\"margin-bottom: 0cm; font-weight: normal; text-align: justify;\">Et j&rsquo;en ai fait.<\/p>\n<p style=\"margin-bottom: 0cm; text-align: justify;\">\u00a0<b><span style=\"color: #0000ff;\">Une pr\u00e9cision s&rsquo;impose donc.<\/span><br \/>\n<\/b><\/p>\n<p style=\"margin-bottom: 0cm; font-weight: normal; text-align: justify;\">Actuellement, je juge. J&rsquo;anime. J&rsquo;ai \u00e0 une \u00e9poque mit en place une bourse \u00e0 cr\u00e9dits (de 5 \u00e0 10 cr\u00e9dits) pour les nouveaux. Je vais reprendre VPMradio&#8230; Si je n&rsquo;avais rien fait, les VPMiens ne m&rsquo;auraient pas \u00e9lu Ministre pr\u00e9f\u00e9r\u00e9 sous <a title=\"Fiche Wiki Drag'\" href=\"http:\/\/wiki.vpmedias.fr\/Dragalex\" target=\"_blank\">Dragalex<\/a>&#8230; Alors ton petit commentaire me fait sourire. Mais je n&rsquo;aime pas me vanter.<\/p>\n<p style=\"margin-bottom: 0cm; font-weight: normal; text-align: justify;\">\u00a0<span style=\"color: #0000ff;\"><b>Que de modestie en toi. Tu\u00a0 le candidat le plus modeste ! <\/b><\/span><\/p>\n<p style=\"margin-bottom: 0cm; font-weight: normal; text-align: justify;\">Candidat modeste ? On ne peut pas en dire autant de tout le monde.<\/p>\n<p style=\"margin-bottom: 0cm; text-align: justify;\"><span style=\"color: #0000ff;\">\u00a0<b>Penses-tu que la modestie est une qualit\u00e9 ?<\/b><\/span><\/p>\n<p style=\"margin-bottom: 0cm; font-weight: normal; text-align: justify;\">Je suis modeste naturellement et comme je suis naturel sur le jeu, alors je suis modeste sur le jeu (pas trop compliqu\u00e9 ^^). La modestie ne peut pas \u00eatre un d\u00e9faut.<\/p>\n<p style=\"margin-bottom: 0cm; text-align: justify;\">\u00a0<strong><span style=\"color: #0000ff;\">E<\/span><span style=\"color: #0000ff;\">n disant cela, es-tu encore modeste ?<\/span> <\/strong><\/p>\n<p style=\"margin-bottom: 0cm; font-weight: normal; text-align: justify;\">Si le fait de dire que l&rsquo;on est modeste fait que l&rsquo;on n&rsquo;est pas modeste,&#8230; \u00e7a devient compliqu\u00e9. Et qui es-tu pour dire qui est modeste ? Le Dieu de la modestie ?<\/p>\n<p style=\"margin-bottom: 0cm; text-align: justify;\"><span style=\"color: #0000ff;\"><b>Parlons de ta fonction de Juge, tu as \u00e9t\u00e9 sollicit\u00e9 pour un proc\u00e8s&#8230; Lereta contre Kenpachii, n&rsquo;est-ce pas ? L&rsquo;ambiance entre Juge est-elle bonne ? Quelles sont tes impressions ? <\/b><\/span><\/p>\n<p style=\"margin-bottom: 0cm; text-align: justify;\"><span style=\"font-weight: normal;\">L&rsquo;ambiance est bonne enfant, on s&rsquo;entend tr\u00e8s bien et on est souvent d&rsquo;accord (heureusement). <\/span>Nous avons pris une d\u00e9cision pour le proc\u00e8s, nous d\u00e9battons pour les sanctions.<\/p>\n<p style=\"margin-bottom: 0cm; text-align: justify;\"><span style=\"color: #0000ff;\"><strong>\u00a0Les proc\u00e8s sont-ils vraiment utiles ? Ta fonction n&rsquo;est-elle pas que de divertir nos confr\u00e8res VPMiens ? Rare sont les sanctions appliqu\u00e9es&#8230; <\/strong><\/span><\/p>\n<p style=\"margin-bottom: 0cm; font-weight: normal; text-align: justify;\">C&rsquo;est le but du roleplay, une des composantes de VPM. J&rsquo;adore le roleplay, si tu trouves \u00e7a inutile, \u00e7a te regarde mais en tout cas \u00e7a anime. Un peu comme ton histoire de Rayvolution.<\/p>\n<p style=\"margin-bottom: 0cm; text-align: justify;\">\u00a0<span style=\"color: #0000ff;\"><b>Sauf que mon \u00ab\u00a0histoire de Rayvolution\u00a0\u00bb a pour but de divertir. Est-ce le vrai but de la Justice VPMienne ? <\/b><\/span><\/p>\n<p style=\"margin-bottom: 0cm; font-weight: normal; text-align: justify;\">Oui, comme dit Moli\u00e8re : \u00ab\u00a0Castigat Ridendo Mores\u00a0\u00bb (\u00ab\u00a0Ch\u00e2tier les m\u0153urs par le rire\u00a0\u00bb).<\/p>\n<p style=\"margin-bottom: 0cm; text-align: justify;\"><span style=\"color: #0000ff;\"><b>Maintenant, passons \u00e0 ce que tu avais commenc\u00e9 \u00e0 faire auparavant. Le tour des partis ne te rappelle rien ? <\/b><\/span><\/p>\n<p style=\"margin-bottom: 0cm; text-align: justify;\"><span style=\"font-weight: normal;\">J&rsquo;avais fait un tour des partis en effet, une tr\u00e8s belle exp\u00e9rience qui m&rsquo;a permit de rencontrer de nouveaux visages comme <a title=\"Fiche Wiki Snow\" href=\"http:\/\/wiki.vpmedias.fr\/Snow\" target=\"_blank\">Snow<\/a>. <\/span>Je l&rsquo;ai arr\u00eat\u00e9 car j&rsquo;ai fait une pause sur VPM.<br \/>\nIl m&rsquo;\u00e9tait bien s\u00fbr impossible de faire le tour de tous les partis mais beaucoup m&rsquo;ont sollicit\u00e9 .<\/p>\n<p style=\"margin-bottom: 0cm; text-align: justify;\"><span style=\"color: #0000ff;\"><strong>\u00a0Qu&rsquo;as-tu fait lors de ta pause ? Tu as mang\u00e9 des bananes en regardant les messes de <a title=\"Fiche Wiki Magne\" href=\"http:\/\/wiki.vpmedias.fr\/Magne\" target=\"_blank\">Magne<\/a> ? <\/strong><\/span><\/p>\n<p style=\"margin-bottom: 0cm; font-weight: normal; text-align: justify;\">J&rsquo;ai surtout observ\u00e9 les pr\u00e9sidentielles qui ont \u00e9t\u00e9 une d\u00e9ception pour, non pas pour les r\u00e9sultats mais pas l&rsquo;absence de d\u00e9bats et le manque de couverture m\u00e9diatique. Personne ne voulait vraiment s&rsquo;investir \u00e0 tenir des d\u00e9bats. Il faut comprendre les VPMiens, ils n&rsquo;ont pas tous le temps d&rsquo;\u00eatre journaliste, sinon \u00e7a se saurait.<\/p>\n<p style=\"margin-bottom: 0cm; text-align: justify;\"><span style=\"color: #0000ff;\"><b>Quels sont tes projets pour ton avenir VPMiens proche ? <\/b><\/span><\/p>\n<p style=\"margin-bottom: 0cm; font-weight: normal; text-align: justify;\">Mes projets ? Animation, fun, animation, rire, animation et la reprise de VPM Radio (si vous voulez participer, envoyez moi un MP).<\/p>\n<p style=\"margin-bottom: 0cm; text-align: justify;\"><strong><span style=\"color: #0000ff; font-size: small;\"> Quelle bonne initiative la reprise de VPMradio ! Nous allons enfin avoir de nouvelles chansons, de nouvelles \u00e9missions&#8230; Sinon,\u00a0 la Pr\u00e9sidentielle approche \u00e0 grand pas, le sais-tu ?<\/span><\/strong><\/p>\n<p style=\"margin-bottom: 0cm; text-align: justify;\"><span style=\"font-weight: normal;\">Merci Max pour le compliment. <a title=\"Fiche Wiki Kerlinn\" href=\"http:\/\/wiki.vpmedias.fr\/Kerlinn\" target=\"_blank\">Kerlinn<\/a> n&rsquo;a pas fini son mandat, on a le temps.\u00a0<\/span><\/p>\n<p style=\"margin-bottom: 0cm; text-align: justify;\"><span style=\"color: #0000ff;\"><b>Kerlinn n&rsquo;a plus beaucoup de temps : presque plus qu&rsquo;un mois. Ne t&rsquo;es-tu toujours pas pr\u00e9par\u00e9 pour la Pr\u00e9sidentielle ?<\/b><\/span><\/p>\n<p style=\"margin-bottom: 0cm; font-weight: normal; text-align: justify;\">Je vais \u00eatre franc et direct, j&rsquo;ai toujours eu une ambition pr\u00e9sidentielle. Mais est-ce que je serai candidat, je me pose moi m\u00eame la question.<\/p>\n<p style=\"margin-bottom: 0cm; text-align: justify;\">\u00a0<span style=\"color: #0000ff;\"><b>J&rsquo;en conclus donc que tu es du genre \u00e0 te pr\u00e9parer \u00e0 la derni\u00e8re minute ? Ou du moins, pas \u00e0 un mois de l&rsquo;\u00e9lection ? <\/b><\/span><\/p>\n<p style=\"margin-bottom: 0cm; font-weight: normal; text-align: justify;\">Je suis de ceux qui respectent le mandat du Pr\u00e9sident mais qui ont d\u00e9j\u00e0 des id\u00e9es, des projets, &#8230;<\/p>\n<p style=\"margin-bottom: 0cm; text-align: justify;\">\u00a0<span style=\"color: #0000ff;\"><b>Des id\u00e9es, des projets ? Nous voulons savoir ! <\/b><\/span><\/p>\n<p style=\"margin-bottom: 0cm; font-weight: normal; text-align: justify;\">Des projets comme la reprise de VPMradio, des id\u00e9es d&rsquo;animation comme les Samedis Bikinis ou les mini-jeux de Juju.<\/p>\n<p style=\"margin-bottom: 0cm; text-align: justify;\"><span style=\"color: #0000ff;\"><b>Tes animations sont-elles un succ\u00e8s ? Les Samedis Bikinis ont eu du succ\u00e8s uniquement gr\u00e2ce \u00e0 l&rsquo;enveloppe&#8230;<\/b><\/span><\/p>\n<p style=\"margin-bottom: 0cm; text-align: justify;\"><span style=\"font-weight: normal;\">C&rsquo;est faux, le premier Samedi Bikini n&rsquo;avait pas d&rsquo;enveloppe et pourtant le march\u00e9 \u00e9tait plein. Les VPMiens ne pensent pas qu&rsquo;\u00e0 l&rsquo;argent, ils veulent surtout s&rsquo;amuser. <\/span>Je suis trop modeste pour dire si c&rsquo;est un succ\u00e8s, c&rsquo;est aux VPMiens de le dire mais pour le blinde test il y a eu une dizaine de participations.<\/p>\n<p style=\"margin-bottom: 0cm; text-align: justify;\">\u00a0<span style=\"color: #0000ff;\"><b>Trop modeste ? En voil\u00e0 de la modestie ! Certaines personnes me paraissaient vraiment tr\u00e8s int\u00e9ress\u00e9es par les plakass.<\/b><\/span><\/p>\n<p style=\"margin-bottom: 0cm; font-weight: normal; text-align: justify;\">Ne fais pas de g\u00e9n\u00e9ralit\u00e9s, Max. La communaut\u00e9 est diversifi\u00e9e.<\/p>\n<p style=\"margin-bottom: 0cm; text-align: justify;\"><b><span style=\"color: #0000ff;\">Je te retourne le conseil.<\/span><br \/>\n<\/b><\/p>\n<p style=\"margin-bottom: 0cm; text-align: justify;\"><span style=\"color: #0000ff;\"><strong>\u00a0Comment as-tu trouv\u00e9 \u00ab\u00a0ce tiers\u00a0\u00bb de mandat ? <\/strong><\/span><\/p>\n<p style=\"margin-bottom: 0cm; font-weight: normal; text-align: justify;\">Imaginatif, mise en place de la Justice Partage, toutes les animations sont financ\u00e9es.\u00a0 Surprise, remaniement et suspense.<\/p>\n<p style=\"margin-bottom: 0cm; text-align: justify;\"><span style=\"color: #0000ff;\"><strong>\u00a0Comment trouves-tu son gouvernement actuel ? Quel est le meilleur ministre selon toi ? Le moins bon ? <\/strong><\/span><\/p>\n<p style=\"margin-bottom: 0cm; font-weight: normal; text-align: justify;\">Gouvernement diversifi\u00e9. Pour les ministres, je ne suis le porte parole de personne, je pense que c&rsquo;est gouvernement d&rsquo;action.<\/p>\n<p style=\"margin-bottom: 0cm; text-align: justify;\">\u00a0<span style=\"color: #0000ff;\"><b>Tu aimes la diversit\u00e9, toi ! <\/b><\/span><\/p>\n<p style=\"margin-bottom: 0cm; font-weight: normal; text-align: justify;\">C&rsquo;est pour \u00e7a que j&rsquo;aime VPM &amp; sa communaut\u00e9.<\/p>\n<p style=\"margin-bottom: 0cm; text-align: justify;\">\u00a0<span style=\"color: #0000ff;\"><b>Comment vois-tu la fin de la Pr\u00e9sidence de Kerlinn ? Les VPMiens, lui demanderont-ils des comptes ou bien, est-il tellement populaire qu&rsquo;ils l&rsquo;acclameront ? <\/b><\/span><\/p>\n<p style=\"margin-bottom: 0cm; font-weight: normal; text-align: justify;\">Les VPMiens ne sont jamais unanime, il y en aura toujours contre et avec le pr\u00e9sident&#8230; Comme toujours.<\/p>\n<p style=\"margin-bottom: 0cm; font-weight: normal; text-align: justify;\"><em>Le pr\u00e9fet est revenu, furieux. Il m&rsquo;a pris et jet\u00e9 hors du bureau. Julienlef m&rsquo;a alors lanc\u00e9 cette phrase : \u00ab\u00a0<span style=\"color: #ff0000;\">Je voudrais juste rajouter que cet \u00e9t\u00e9 sera fort en animation !<\/span>\u00ab\u00a0<\/em><\/p>\n<p style=\"margin-bottom: 0cm; font-weight: normal; text-align: justify;\"><em><span style=\"color: #0000ff;\"><span style=\"font-size: x-large;\">A la prochaine !<\/span><\/span><\/em><\/p>\n","protected":false},"excerpt":{"rendered":"<p>Julienlef, le connaissez-vous ? Nous avons recueilli sa parole dans cette interview, compl\u00e8te. \u00cates-vous pr\u00eat ? C&rsquo;est parti !<\/p>\n","protected":false},"author":149,"featured_media":0,"comment_status":"open","ping_status":"open","sticky":false,"template":"","format":"standard","meta":{"site-container-style":"default","site-container-layout":"default","site-sidebar-layout":"default","disable-article-header":"default","disable-site-header":"default","disable-site-footer":"default","disable-content-area-spacing":"default","footnotes":""},"categories":[312,4],"tags":[34,209],"class_list":["post-18395","post","type-post","status-publish","format-standard","hentry","category-g-a-la-une","category-2-vpmc","tag-interview","tag-people"],"_links":{"self":[{"href":"https:\/\/vpmedias.fr\/index.php?rest_route=\/wp\/v2\/posts\/18395","targetHints":{"allow":["GET"]}}],"collection":[{"href":"https:\/\/vpmedias.fr\/index.php?rest_route=\/wp\/v2\/posts"}],"about":[{"href":"https:\/\/vpmedias.fr\/index.php?rest_route=\/wp\/v2\/types\/post"}],"author":[{"embeddable":true,"href":"https:\/\/vpmedias.fr\/index.php?rest_route=\/wp\/v2\/users\/149"}],"replies":[{"embeddable":true,"href":"https:\/\/vpmedias.fr\/index.php?rest_route=%2Fwp%2Fv2%2Fcomments&post=18395"}],"version-history":[{"count":19,"href":"https:\/\/vpmedias.fr\/index.php?rest_route=\/wp\/v2\/posts\/18395\/revisions"}],"predecessor-version":[{"id":18408,"href":"https:\/\/vpmedias.fr\/index.php?rest_route=\/wp\/v2\/posts\/18395\/revisions\/18408"}],"wp:attachment":[{"href":"https:\/\/vpmedias.fr\/index.php?rest_route=%2Fwp%2Fv2%2Fmedia&parent=18395"}],"wp:term":[{"taxonomy":"category","embeddable":true,"href":"https:\/\/vpmedias.fr\/index.php?rest_route=%2Fwp%2Fv2%2Fcategories&post=18395"},{"taxonomy":"post_tag","embeddable":true,"href":"https:\/\/vpmedias.fr\/index.php?rest_route=%2Fwp%2Fv2%2Ftags&post=18395"}],"curies":[{"name":"wp","href":"https:\/\/api.w.org\/{rel}","templated":true}]}}