{"id":18775,"date":"2014-07-11T15:19:49","date_gmt":"2014-07-11T14:19:49","guid":{"rendered":"http:\/\/vpmedias.fr\/?p=18775"},"modified":"2014-07-11T15:27:19","modified_gmt":"2014-07-11T14:27:19","slug":"interview-du-candidat-galf","status":"publish","type":"post","link":"https:\/\/vpmedias.fr\/?p=18775","title":{"rendered":"Interview du candidat Galf"},"content":{"rendered":"<p style=\"text-align: justify;\"><strong>Supergenial<\/strong>: Aujourd&rsquo;hui, j&rsquo;ai l&rsquo;honneur d&rsquo;interviewer galf, candidat progreyssiste \u00e0 la Pr\u00e9sidence de la R\u00e9publique. <!--more-->Alors premi\u00e8re question, vous \u00eates pret&#8230; Top, quand et comment avez vous d\u00e9couvert le jeu?<\/p>\n<p style=\"text-align: justify;\"><strong>Galf<\/strong>: c&rsquo;est moi qui quis honor\u00e9 ^^ j&rsquo;esp\u00e9re que cet interview apportera de bonnes r\u00e9ponses :p<br \/>\nAlors, le jeu, je l&rsquo;avais d\u00e9couvert en 2012, s\u00fbrement en cherchant un jeu de politique sur google ^^ j&rsquo;avais tenu 10 minutes (a)<br \/>\nJe suis revenu en aout 2013 avec le nom de galf :)<\/p>\n<p style=\"text-align: justify;\"><strong>Supergenial<\/strong>: OK, alors quel est l&rsquo;aspect le plus important de VPM pour toi?<\/p>\n<p style=\"text-align: justify;\"><strong>Galf<\/strong>:<br \/>\nJe dirai que l&rsquo;aspect le plus important pour moi c&rsquo;est la communaut\u00e9 :) vu que j&rsquo;ai arr\u00eat\u00e9 les campagnes municipales (que je commence \u00e0 reprendre petit \u00e0 petit, soit dit en passant ^^) il me restait plus que la communaut\u00e9 en gros ^^ et \u00e7a m&rsquo;a permis de rester :)<\/p>\n<p style=\"text-align: justify;\"><strong>Supergenial<\/strong>: Tu es \u00e9lu pr\u00e9sident mais tu n&rsquo;as le droit de faire qu&rsquo;une seule chose. Tu fais quoi?<\/p>\n<p style=\"text-align: justify;\"><strong>Galf<\/strong>: si tu veux dire un truc imaginaire que je pourrais faire, \u00e7a serait de pouvoir mod\u00e9rer sengel (a)<\/p>\n<p style=\"text-align: justify;\"><strong>Supergenial<\/strong>: En dehors de toi, quel candidat soutiens-tu?<\/p>\n<p style=\"text-align: justify;\"><strong>Galf<\/strong>: tant que je suis encore dans la course, je me soutiendrai moi-m\u00eame :)<br \/>\nDans le cas o\u00f9 je ne passe pas les parrainages ou le premier tour, je soutiendrai le candidat dont le programme se rapproche \u00e0 peu pr\u00e9s du mien et qui me semble le meilleur pour \u00eatre pr\u00e9sident ;)<\/p>\n<p style=\"text-align: justify;\"><strong>Supergenial<\/strong>: pourquoi voter pour toi et quelle est ta diff\u00e9rence par rapport aux autres candidats?<\/p>\n<p style=\"text-align: justify;\"><strong>Galf<\/strong>: Eh bien tout d&rsquo;abord j&rsquo;ai un programme, contrairement \u00e0 plusieurs candidats qui n&rsquo;ont pas fait de sujet de campagne \u00e0 proprement parler (a)<br \/>\nEn plus, je compte promouvoir l&rsquo;humour et les jeunes ^^ j&rsquo;ai d\u00e9j\u00e0 garantit que des partis de la rel\u00e9ve auront des enveloppes, etj&rsquo;ai encore des projets pour \u00e7a ^^ d&rsquo;ailleurs \u00e7a tombe bien, j&rsquo;en pr\u00e9ente un demain sur mon sujet de campagne :p<\/p>\n<p style=\"text-align: justify;\"><strong>Supergenial<\/strong>: Quels seront tes grandes r\u00e9formes?<\/p>\n<p style=\"text-align: justify;\"><strong>Galf<\/strong>: un pr\u00e9sident sur VPM ne m\u00e9ne pas de r\u00e9formes :) je tiens juste \u00e0 aider les nouveaux et \u00e0 animer de moi-m\u00eame ^^<\/p>\n<p style=\"text-align: justify;\"><strong>Supergenial<\/strong>:<br \/>\nMerci d&rsquo;avoir r\u00e9pondu \u00e0 toutes mes questions en esp\u00e9rant que cela influencera les vpmiens.<\/p>\n<p style=\"text-align: justify;\"><strong>Galf<\/strong>:<br \/>\nC&rsquo;est moi qui te remercie :)<\/p>\n<p style=\"text-align: justify;\">Auteur: Supergenial<\/p>\n","protected":false},"excerpt":{"rendered":"<p>Supergenial: Aujourd&rsquo;hui, j&rsquo;ai l&rsquo;honneur d&rsquo;interviewer galf, candidat progreyssiste \u00e0 la Pr\u00e9sidence de la R\u00e9publique.<\/p>\n","protected":false},"author":168,"featured_media":0,"comment_status":"open","ping_status":"open","sticky":false,"template":"","format":"standard","meta":{"site-container-style":"default","site-container-layout":"default","site-sidebar-layout":"default","disable-article-header":"default","disable-site-header":"default","disable-site-footer":"default","disable-content-area-spacing":"default","footnotes":""},"categories":[302],"tags":[45,34,418,14],"class_list":["post-18775","post","type-post","status-publish","format-standard","hentry","category-5-la-tribune-libre","tag-campagne","tag-interview","tag-presidentielle","tag-presidentielles"],"_links":{"self":[{"href":"https:\/\/vpmedias.fr\/index.php?rest_route=\/wp\/v2\/posts\/18775","targetHints":{"allow":["GET"]}}],"collection":[{"href":"https:\/\/vpmedias.fr\/index.php?rest_route=\/wp\/v2\/posts"}],"about":[{"href":"https:\/\/vpmedias.fr\/index.php?rest_route=\/wp\/v2\/types\/post"}],"author":[{"embeddable":true,"href":"https:\/\/vpmedias.fr\/index.php?rest_route=\/wp\/v2\/users\/168"}],"replies":[{"embeddable":true,"href":"https:\/\/vpmedias.fr\/index.php?rest_route=%2Fwp%2Fv2%2Fcomments&post=18775"}],"version-history":[{"count":3,"href":"https:\/\/vpmedias.fr\/index.php?rest_route=\/wp\/v2\/posts\/18775\/revisions"}],"predecessor-version":[{"id":18791,"href":"https:\/\/vpmedias.fr\/index.php?rest_route=\/wp\/v2\/posts\/18775\/revisions\/18791"}],"wp:attachment":[{"href":"https:\/\/vpmedias.fr\/index.php?rest_route=%2Fwp%2Fv2%2Fmedia&parent=18775"}],"wp:term":[{"taxonomy":"category","embeddable":true,"href":"https:\/\/vpmedias.fr\/index.php?rest_route=%2Fwp%2Fv2%2Fcategories&post=18775"},{"taxonomy":"post_tag","embeddable":true,"href":"https:\/\/vpmedias.fr\/index.php?rest_route=%2Fwp%2Fv2%2Ftags&post=18775"}],"curies":[{"name":"wp","href":"https:\/\/api.w.org\/{rel}","templated":true}]}}