{"id":18790,"date":"2014-07-11T15:22:38","date_gmt":"2014-07-11T14:22:38","guid":{"rendered":"http:\/\/vpmedias.fr\/?p=18790"},"modified":"2014-07-11T15:27:00","modified_gmt":"2014-07-11T14:27:00","slug":"portrait-de-pierrelouis","status":"publish","type":"post","link":"https:\/\/vpmedias.fr\/?p=18790","title":{"rendered":"Portrait de Pierrelouis"},"content":{"rendered":"<p style=\"text-align: justify;\">Je me suis inscrit l&rsquo;ann\u00e9e derni\u00e8re au jeu Votez pour Moi. <!--more-->Parmi mes premi\u00e8res campagnes \u00e9lectorales, je me suis trouv\u00e9 dans la ville de Dinan o\u00f9 j&rsquo;\u00e9tais \u00e9t\u00e9 \u00e9lu avec 64 % des voix. Je ne m&rsquo;attendais pas \u00e0 un score aussi important. J&rsquo;ai donc d\u00e9cider de continuer dans le jeu. Mon parti \u00ab\u00a0l&rsquo;Union Populaire \u00a0\u00bb a pour but de faire respecter les valeurs de notre pays. Que tout le monde est le droit de s&rsquo;exprimer, qu&rsquo;il n&rsquo;y ait pas de discriminations et que nous nous entraidions. J&rsquo;ai d\u00e9pos\u00e9 ma candidature \u00e0 la pr\u00e9sidentielle car je crois que c&rsquo;est un \u00e9v\u00e8nement important et permet notamment de se faire remarquer.<\/p>\n<p style=\"text-align: justify;\">Mes adversaires, j&rsquo;en suis conscient, sont de tailles. J&rsquo;ai d\u00e9j\u00e0 remarqu\u00e9 le nom de parti que j&rsquo;avais d\u00e9j\u00e0 vu auparavant.<\/p>\n<p style=\"text-align: justify;\">Effectivement, j&rsquo;avais d\u00e9j\u00e0 annonc\u00e9 ma candidature en avance en pr\u00e9cisant que je serai d\u00e9finitivement candidat si les parrainages me sont favorables.<\/p>\n<p style=\"text-align: justify;\">J&rsquo;incite les joueurs \u00e0 aller voter et \u00e0 choisir leur prochains pr\u00e9sident. Quant \u00e0 mes \u00ab\u00a0rivaux\u00a0\u00bb je leurs dis bonne chance et que le meilleur gagne !<\/p>\n<p style=\"text-align: justify;\">Auteur: Vindespagne<\/p>\n","protected":false},"excerpt":{"rendered":"<p>Je me suis inscrit l&rsquo;ann\u00e9e derni\u00e8re au jeu Votez pour Moi.<\/p>\n","protected":false},"author":14,"featured_media":0,"comment_status":"open","ping_status":"open","sticky":false,"template":"","format":"standard","meta":{"site-container-style":"default","site-container-layout":"default","site-sidebar-layout":"default","disable-article-header":"default","disable-site-header":"default","disable-site-footer":"default","disable-content-area-spacing":"default","footnotes":""},"categories":[302],"tags":[49,418],"class_list":["post-18790","post","type-post","status-publish","format-standard","hentry","category-5-la-tribune-libre","tag-portrait","tag-presidentielle"],"_links":{"self":[{"href":"https:\/\/vpmedias.fr\/index.php?rest_route=\/wp\/v2\/posts\/18790","targetHints":{"allow":["GET"]}}],"collection":[{"href":"https:\/\/vpmedias.fr\/index.php?rest_route=\/wp\/v2\/posts"}],"about":[{"href":"https:\/\/vpmedias.fr\/index.php?rest_route=\/wp\/v2\/types\/post"}],"author":[{"embeddable":true,"href":"https:\/\/vpmedias.fr\/index.php?rest_route=\/wp\/v2\/users\/14"}],"replies":[{"embeddable":true,"href":"https:\/\/vpmedias.fr\/index.php?rest_route=%2Fwp%2Fv2%2Fcomments&post=18790"}],"version-history":[{"count":7,"href":"https:\/\/vpmedias.fr\/index.php?rest_route=\/wp\/v2\/posts\/18790\/revisions"}],"predecessor-version":[{"id":18793,"href":"https:\/\/vpmedias.fr\/index.php?rest_route=\/wp\/v2\/posts\/18790\/revisions\/18793"}],"wp:attachment":[{"href":"https:\/\/vpmedias.fr\/index.php?rest_route=%2Fwp%2Fv2%2Fmedia&parent=18790"}],"wp:term":[{"taxonomy":"category","embeddable":true,"href":"https:\/\/vpmedias.fr\/index.php?rest_route=%2Fwp%2Fv2%2Fcategories&post=18790"},{"taxonomy":"post_tag","embeddable":true,"href":"https:\/\/vpmedias.fr\/index.php?rest_route=%2Fwp%2Fv2%2Ftags&post=18790"}],"curies":[{"name":"wp","href":"https:\/\/api.w.org\/{rel}","templated":true}]}}