{"id":18824,"date":"2014-07-15T14:22:37","date_gmt":"2014-07-15T13:22:37","guid":{"rendered":"http:\/\/vpmedias.fr\/?p=18824"},"modified":"2014-07-15T14:22:37","modified_gmt":"2014-07-15T13:22:37","slug":"interview-de-kenpachiii-candidat-a-la-presidentielle","status":"publish","type":"post","link":"https:\/\/vpmedias.fr\/?p=18824","title":{"rendered":"Interview de Kenpachiii, candidat \u00e0 la pr\u00e9sidentielle"},"content":{"rendered":"<p style=\"text-align: justify;\"><em>Les candidats \u00e0 la pr\u00e9sidentielle vont-ils tous passer par mon petit bureau \u00e0 VPM\u00e9dias ? En tout cas, voici l&rsquo;interview de Kenpachiii candidat \u00e0 l&rsquo;\u00e9lection pr\u00e9sidentielle de ce mois de Juillet.<!--more--><\/em><\/p>\n<p style=\"text-align: justify;\">\n<p style=\"text-align: justify;\"><span style=\"color: #008000;\">J&rsquo;te sers un verre ?<\/span><\/p>\n<p style=\"text-align: justify;\">Salut Artarriate j&rsquo;accepte avec plaisir ton interview<\/p>\n<p style=\"text-align: justify;\">mais non merci pour le verre sinon je risque de dire des b\u00eatises ^^<\/p>\n<p style=\"text-align: justify;\"><span style=\"color: #008000;\">Tout d&rsquo;abord, je t&rsquo;invite \u00e0 te pr\u00e9senter \u00e0 nos lecteurs qui ne te connaissent pas forc\u00e9ment (parcours, multis) :<\/span><\/p>\n<p style=\"text-align: justify;\">Inscrit en 2008 j&rsquo;ai choisi de m\u2019appeller kenpachiii<\/p>\n<p style=\"text-align: justify;\">apr\u00e8s quelques campagnes<br \/>\nj&rsquo;ai rejoint de bons partis qui brillaient \u00e0 cette \u00e9poque comme;<br \/>\n-les consciences cosmique s<br \/>\n-les cafards<br \/>\n-la mafia<\/p>\n<p style=\"text-align: justify;\">mon multi: s&rsquo;appelle esprit<br \/>\npour d&rsquo;autre information je vous invite \u00e0 lire mon wiki:<br \/>\nhttp:\/\/wiki.vpmedias.fr\/Kenpachiii<\/p>\n<p style=\"text-align: justify;\"><span style=\"color: #008000;\">Un avis sur VPM en g\u00e9n\u00e9ral ?<\/span><br \/>\n<span style=\"color: #008000;\">Tu t&rsquo;amuses toujours autant? Qu&rsquo;est-ce qui te pla\u00eet le plus\/le moins?<\/span><\/p>\n<p style=\"text-align: justify;\">toujours autant j&rsquo;aime VPM tout simplement<\/p>\n<p style=\"text-align: justify;\"><span style=\"color: #008000;\">Tu es donc candidat \u00e0 la pr\u00e9sidentielle. Pourquoi ?<\/span><\/p>\n<p style=\"text-align: justify;\">Quelle question &#8230;<br \/>\nPour l&#8217;emporter avec mon programme , mes id\u00e9es ,pour continuer \u00e0 me faire connaitre.<\/p>\n<p style=\"text-align: justify;\"><span style=\"color: #008000;\">Parle nous de ton projet pour VPM :<\/span><\/p>\n<p style=\"text-align: justify;\">\u00ab\u00a0modifier certaines choses , am\u00e9liorer d&rsquo;autres\u00a0\u00bb<br \/>\nj&rsquo;ai not\u00e9 le principal sur mon programme il est disponible sur le forum.<\/p>\n<p style=\"text-align: justify;\"><span style=\"color: #008000;\">Un avis sur le mandat pr\u00e9c\u00e9dent?<\/span><\/p>\n<p style=\"text-align: justify;\">un mandat long mais dans l&rsquo;ensemble correct<\/p>\n<p style=\"text-align: justify;\"><span style=\"color: #008000;\">As-tu un souvenir m\u00e9morable sur VPM \u00e0 partager avec nous?<\/span><\/p>\n<p style=\"text-align: justify;\">j&rsquo;ai rien eu de particulier<br \/>\nje ne suis pas si vieux que \u00e7a si^^<\/p>\n<p style=\"text-align: justify;\"><span style=\"color: #008000;\">Un message pour la communaut\u00e9 ?<\/span><\/p>\n<p style=\"text-align: justify;\">bonne campagne pr\u00e9sidentielle et bon vote<br \/>\nbisous.<\/p>\n<p style=\"text-align: justify;\"><span style=\"color: #008000;\">Le mot de la fin ?<\/span><\/p>\n<p style=\"text-align: justify;\">merci pour l&rsquo;interview Artarriate<br \/>\nn&rsquo;oubliez pas votez pour moi :)<\/p>\n<p style=\"text-align: justify;\"><span style=\"color: #008000;\">Et le questionnaire de Proust afin de mieux te conna\u00eetre :<\/span><\/p>\n<p style=\"text-align: justify;\">je ne r\u00e9pondrais pas ce questionnaire d\u00e9sol\u00e9<br \/>\ntrop long ^^ c&rsquo;est un interview pas un roman.<\/p>\n<p style=\"text-align: justify;\"><span style=\"color: #008000;\">Eh bien, tant pis pour nos lecteurs ! Merci pour cette interview, Kenpachiii.<\/span><\/p>\n","protected":false},"excerpt":{"rendered":"<p> Kenpachiii, candidat \u00e0 l&rsquo;\u00e9lection pr\u00e9sidentielle de ce mois de Juillet, r\u00e9pond \u00e0 nos questions.<\/p>\n","protected":false},"author":161,"featured_media":0,"comment_status":"open","ping_status":"open","sticky":false,"template":"","format":"standard","meta":{"site-container-style":"default","site-container-layout":"default","site-sidebar-layout":"default","disable-article-header":"default","disable-site-header":"default","disable-site-footer":"default","disable-content-area-spacing":"default","footnotes":""},"categories":[4],"tags":[34,418,14],"class_list":["post-18824","post","type-post","status-publish","format-standard","hentry","category-2-vpmc","tag-interview","tag-presidentielle","tag-presidentielles"],"_links":{"self":[{"href":"https:\/\/vpmedias.fr\/index.php?rest_route=\/wp\/v2\/posts\/18824","targetHints":{"allow":["GET"]}}],"collection":[{"href":"https:\/\/vpmedias.fr\/index.php?rest_route=\/wp\/v2\/posts"}],"about":[{"href":"https:\/\/vpmedias.fr\/index.php?rest_route=\/wp\/v2\/types\/post"}],"author":[{"embeddable":true,"href":"https:\/\/vpmedias.fr\/index.php?rest_route=\/wp\/v2\/users\/161"}],"replies":[{"embeddable":true,"href":"https:\/\/vpmedias.fr\/index.php?rest_route=%2Fwp%2Fv2%2Fcomments&post=18824"}],"version-history":[{"count":4,"href":"https:\/\/vpmedias.fr\/index.php?rest_route=\/wp\/v2\/posts\/18824\/revisions"}],"predecessor-version":[{"id":18827,"href":"https:\/\/vpmedias.fr\/index.php?rest_route=\/wp\/v2\/posts\/18824\/revisions\/18827"}],"wp:attachment":[{"href":"https:\/\/vpmedias.fr\/index.php?rest_route=%2Fwp%2Fv2%2Fmedia&parent=18824"}],"wp:term":[{"taxonomy":"category","embeddable":true,"href":"https:\/\/vpmedias.fr\/index.php?rest_route=%2Fwp%2Fv2%2Fcategories&post=18824"},{"taxonomy":"post_tag","embeddable":true,"href":"https:\/\/vpmedias.fr\/index.php?rest_route=%2Fwp%2Fv2%2Ftags&post=18824"}],"curies":[{"name":"wp","href":"https:\/\/api.w.org\/{rel}","templated":true}]}}