{"id":18828,"date":"2014-07-15T14:20:44","date_gmt":"2014-07-15T13:20:44","guid":{"rendered":"http:\/\/vpmedias.fr\/?p=18828"},"modified":"2014-07-15T14:20:44","modified_gmt":"2014-07-15T13:20:44","slug":"interview-de-mamix-candidat-a-lelection-presidentielle","status":"publish","type":"post","link":"https:\/\/vpmedias.fr\/?p=18828","title":{"rendered":"Interview de Mamix, candidat \u00e0 l&rsquo;\u00e9lection pr\u00e9sidentielle"},"content":{"rendered":"<p style=\"text-align: justify;\"><em><em><em>A l\u2019occasion de la 21<sup>e<\/sup> \u00e9lection pr\u00e9sidentielle, retrouvez dans VPMcommunaut\u00e9 l\u2019interview de tous les candidats.<\/em><\/em> Oh mais tiens ! Qui passe donc dans les locaux de VPM\u00e9dias ?\u00a0 Voici donc Mamix, candidat \u00e0 l&rsquo;\u00e9lection pr\u00e9sidentielle de ce mois de Juillet, qui r\u00e9pond \u00e0 nos questions.<!--more--><\/em><\/p>\n<p style=\"text-align: justify;\"><span style=\"color: #008000;\">Avant tout, j&rsquo;te sers un verre ?<\/span><\/p>\n<p style=\"text-align: justify;\">Volontiers ^^, je devrais me faire interviewer plus souvent :D.<\/p>\n<p style=\"text-align: justify;\"><span style=\"color: #008000;\">Tout d&rsquo;abord, je t&rsquo;invite \u00e0 te pr\u00e9senter \u00e0 nos lecteurs qui ne te connaissent pas forc\u00e9ment (parcours, multis) :<\/span><\/p>\n<p style=\"text-align: justify;\">Pour ceux qui ne me connaissent pas ( qu&rsquo;ils sont rares ) Mamix, SG et fondateur du Front de la R\u00e9bellion, et co-fondateur de l&rsquo;Alliance Rebelle ^^,\u00a0 \u00e7a en jette, Art, hein ? :p<\/p>\n<p style=\"text-align: justify;\"><span style=\"color: #008000;\">Un avis sur VPM en g\u00e9n\u00e9ral ?<\/span><\/p>\n<p style=\"text-align: justify;\">Tr\u00e8s beau jeu, vraiment agr\u00e9able, et addictif ! avec sa panoplie de surprises, dont le meilleur reste sa communaut\u00e9 et l&rsquo;interaction entre joueurs .<\/p>\n<p style=\"text-align: justify;\"><span style=\"color: #008000;\">Tu t&rsquo;amuses toujours autant? <\/span><\/p>\n<p style=\"text-align: justify;\">Oui bien sur ! Qu&rsquo;est-ce que je ferais la sinon ?! Malgr\u00e9 le d\u00e9part de certains joueurs, je pense que le renouvellement s\u2019op\u00e8re naturellement et donc tant mieux ^^.<\/p>\n<p style=\"text-align: justify;\"><span style=\"color: #008000;\">Tu es donc candidat \u00e0 la pr\u00e9sidentielle. Pourquoi ?<\/span><\/p>\n<p style=\"text-align: justify;\">Effectivement, tout simplement pour prendre le contr\u00f4le de la VPMie et, \u00e0 terme de la plan\u00e8te tout enti\u00e8re ! :p Sinon plus s\u00e9rieusement, je suis la pour donner ce que je peux en terme d&rsquo;animation et d&rsquo;organisation au jeu qui en a vraiement besoin !<\/p>\n<p style=\"text-align: justify;\"><span style=\"color: #008000;\">Parle nous de ton projet pour VPM :<\/span><\/p>\n<p style=\"text-align: justify;\">J&rsquo;ai un programme qui est scind\u00e9 en deux parties : la partie COMMUNAUTAIRE et la partie ROLE PLAY.<\/p>\n<p style=\"text-align: justify;\">Je compte mettre en \u0153uvre une tr\u00e8s belle addition ( surprise ) au tribunal de VPM, pour lui ajouter un petit contre-poids pour s&rsquo;amuser ^^.<\/p>\n<p style=\"text-align: justify;\"><span style=\"color: #008000;\">Un avis sur le mandat pr\u00e9c\u00e9dent?<\/span><\/p>\n<p style=\"text-align: justify;\">Un mandat assez calme, pas de grosses oppositions \u00e0 mon avis, et de tout fa\u00e7on, moi j&rsquo;ai battu Kerlinn a Ajaccio donc &#8230; :p<\/p>\n<p style=\"text-align: justify;\"><span style=\"color: #008000;\">As-tu un souvenir m\u00e9morable sur VPM \u00e0 partager avec nous?<\/span><\/p>\n<p style=\"text-align: justify;\">Mon plus beau souvenir du jeu c&rsquo;est ma victoire a la pr\u00e9sidentielle :)&#8230;. ahhh je suis pas encore \u00e9lu ?! merde alors :p.<\/p>\n<p style=\"text-align: justify;\"><span style=\"color: #008000;\">Un message pour la communaut\u00e9 ?<\/span><\/p>\n<p style=\"text-align: justify;\">Je vous aime chers VPMiens, et je compte sur vous, c&rsquo;est le moment d&rsquo;avoir un pr\u00e9sident rebelle qui vous repr\u00e9sentera toutes et tous et avec qui on va S&rsquo;AMUSER ! ;).<\/p>\n<p style=\"text-align: justify;\"><span style=\"color: #008000;\">Le mot de la fin ?<\/span><\/p>\n<p style=\"text-align: justify;\"><span style=\"color: #ff0000;\">VIVE LA R\u00c9BELLION !!!<\/span><\/p>\n<p style=\"text-align: justify;\"><span style=\"color: #008000;\">Et le questionnaire de Proust afin de mieux te conna\u00eetre\u00a0 :<\/span><\/p>\n<p style=\"text-align: justify;\"><span style=\"color: #808080;\">Ma vertu pr\u00e9f\u00e9r\u00e9e ? Le patriotisme (\u00e0 savoir l&rsquo;amour de son pays : VPM ! et essayer de le prouver par ses actes ! ^^.<\/span><br \/>\n<span style=\"color: #808080;\"> La qualit\u00e9 que je pr\u00e9f\u00e8re chez un homme ? Le patriotisme n&rsquo;a pas de sexe ^^<\/span><br \/>\n<span style=\"color: #808080;\"> La qualit\u00e9 que je pr\u00e9f\u00e8re chez une femme ? J&rsquo;h\u00e9site, j&rsquo;h\u00e9site&#8230; Euh, le patriotisme ! :)<\/span><br \/>\n<span style=\"color: #808080;\"> Ce que j&rsquo;appr\u00e9cie le plus chez mes amis ? C&rsquo;est assez difficile de choisir parmi toutes leurs qualit\u00e9s, mais je dirais le patriotisme XD<\/span><br \/>\n<span style=\"color: #808080;\"> Mon principal d\u00e9faut ? Aucun, voyons !<\/span><br \/>\n<span style=\"color: #808080;\"> Mon occupation pr\u00e9f\u00e9r\u00e9e ? Rouler des pets, boire quelques coups (voire beaucoup) avec mes potes&#8230; euh, non, non, \u00eatre patriote je voulais dire :p !<\/span><br \/>\n<span style=\"color: #808080;\"> Mon r\u00eave de bonheur ? Une VPMie patriote ( mais qu&rsquo;est-ce qui me prend avec le patriotisme &#8230; ?)<\/span><br \/>\n<span style=\"color: #808080;\"> Quel serait mon plus grand malheur ? Perdre contre des non-patriotes de VPM ( je suis le seul en plus&#8230; Heureusement que je vais gagner :p)<\/span><br \/>\n<span style=\"color: #808080;\"> Ce que je voudrais \u00eatre ? Je vous le donne en mille : \u00eatre patriote ! Enfin, Pr\u00e9sident Patriote, cela va de soit !<\/span><br \/>\n<span style=\"color: #808080;\"> Le pays o\u00f9 je d\u00e9sirerais vivre ? La patriotie&#8230; ah \u00e7a existe pas encore ?! Alors je dirais la VPMie, notre belle France VPM ! ( tr\u00e8s beau pays a conseiller ^^)<\/span><br \/>\n<span style=\"color: #808080;\"> La couleur que je pr\u00e9f\u00e8re ? Le beau rouge patriote bien sur ^^ !<\/span><br \/>\n<span style=\"color: #808080;\"> La fleur que j&rsquo;aime ? La fleur de cactus car elle pique tout comme les patriotes ^^ ! <\/span><br \/>\n<span style=\"color: #808080;\"> L&rsquo;oiseau que je pr\u00e9f\u00e8re ? Le hibou car il est de posture patriote. Oui bon, si un peu quand m\u00eame !<\/span><br \/>\n<span style=\"color: #808080;\"> Mes h\u00e9ros dans la fiction ? Bob l\u2019\u00e9ponge ! Lui, c&rsquo;est un patriote !<\/span><br \/>\n<span style=\"color: #808080;\"> Mes h\u00e9ro\u00efnes favorites dans la fiction ? Ranma car il\/elle peut se transformer !<\/span><br \/>\n<span style=\"color: #808080;\"> Mes compositeurs pr\u00e9f\u00e9r\u00e9s ? un seul : Path rih hote ( cor\u00e9en du nord ) <\/span><br \/>\n<span style=\"color: #808080;\"> Mes peintres favoris ? Jean de la patrie haute ! <\/span><br \/>\n<span style=\"color: #808080;\"> Mes h\u00e9ros dans la vie r\u00e9elle ? Patrick Hotte<\/span><br \/>\n<span style=\"color: #808080;\"> Mes h\u00e9ro\u00efnes dans l&rsquo;histoire ? Patriciotte<\/span><br \/>\n<span style=\"color: #808080;\"> Ce que je d\u00e9teste par-dessus tout ? Vous voulez vraiment savoir ?! ^^<\/span><br \/>\n<span style=\"color: #808080;\"> Personnages historiques que je m\u00e9prise le plus ? Boah, l&rsquo;histoire de VPM est pas assez longue, j&rsquo;ai pas eu le temps de m\u00e9priser !<\/span><br \/>\n<span style=\"color: #808080;\"> Le fait militaire que j&rsquo;admire le plus ? Ma victoire \u00e0 la pr\u00e9sidentielle ! Quoi, j&rsquo;ai pas encore gagn\u00e9? ^^<\/span><br \/>\n<span style=\"color: #808080;\"> La r\u00e9forme que j&rsquo;estime le plus ? Attendez de voir ;)<\/span><br \/>\n<span style=\"color: #808080;\"> Le don de la nature que je voudrais avoir ? Hypnose via un \u00e9cran d&rsquo;ordi. Faut bien convaincre les \u00e9lecteurs ^^<\/span><br \/>\n<span style=\"color: #808080;\"> Comment j&rsquo;aimerais mourir ? Dans mon lit \u00e0 l\u2019\u00c9lys\u00e9e, dans les bras de ma ma\u00eetresse ^^ (\u00e7a vous rappelle quelqu&rsquo;un?)<\/span><br \/>\n<span style=\"color: #808080;\"> \u00c9tat pr\u00e9sent de mon esprit ? D\u00e9cid\u00e9, surtout \u00e0 bien se marrer !<\/span><br \/>\n<span style=\"color: #808080;\"> Fautes qui m&rsquo;inspirent le plus d&rsquo;indulgence ? Ne pas voter pour moi ! Je vous pardonnerai, promis ^^<\/span><br \/>\n<span style=\"color: #808080;\"> Ma devise ? VIVE LA R\u00c9BELLION !!!<\/span><\/p>\n<p style=\"text-align: justify;\"><span style=\"color: #000000;\"><em>Et bien, merci beaucoup pour cette interview, Mamix, et bonne chance ;)<\/em><br \/>\n<\/span><\/p>\n","protected":false},"excerpt":{"rendered":"<p>Voici donc Mamix, candidat \u00e0 l&rsquo;\u00e9lection pr\u00e9sidentielle de ce mois de Juillet, qui r\u00e9pond \u00e0 nos questions.<\/p>\n","protected":false},"author":161,"featured_media":0,"comment_status":"open","ping_status":"open","sticky":false,"template":"","format":"standard","meta":{"site-container-style":"default","site-container-layout":"default","site-sidebar-layout":"default","disable-article-header":"default","disable-site-header":"default","disable-site-footer":"default","disable-content-area-spacing":"default","footnotes":""},"categories":[4],"tags":[34,418,14],"class_list":["post-18828","post","type-post","status-publish","format-standard","hentry","category-2-vpmc","tag-interview","tag-presidentielle","tag-presidentielles"],"_links":{"self":[{"href":"https:\/\/vpmedias.fr\/index.php?rest_route=\/wp\/v2\/posts\/18828","targetHints":{"allow":["GET"]}}],"collection":[{"href":"https:\/\/vpmedias.fr\/index.php?rest_route=\/wp\/v2\/posts"}],"about":[{"href":"https:\/\/vpmedias.fr\/index.php?rest_route=\/wp\/v2\/types\/post"}],"author":[{"embeddable":true,"href":"https:\/\/vpmedias.fr\/index.php?rest_route=\/wp\/v2\/users\/161"}],"replies":[{"embeddable":true,"href":"https:\/\/vpmedias.fr\/index.php?rest_route=%2Fwp%2Fv2%2Fcomments&post=18828"}],"version-history":[{"count":9,"href":"https:\/\/vpmedias.fr\/index.php?rest_route=\/wp\/v2\/posts\/18828\/revisions"}],"predecessor-version":[{"id":18836,"href":"https:\/\/vpmedias.fr\/index.php?rest_route=\/wp\/v2\/posts\/18828\/revisions\/18836"}],"wp:attachment":[{"href":"https:\/\/vpmedias.fr\/index.php?rest_route=%2Fwp%2Fv2%2Fmedia&parent=18828"}],"wp:term":[{"taxonomy":"category","embeddable":true,"href":"https:\/\/vpmedias.fr\/index.php?rest_route=%2Fwp%2Fv2%2Fcategories&post=18828"},{"taxonomy":"post_tag","embeddable":true,"href":"https:\/\/vpmedias.fr\/index.php?rest_route=%2Fwp%2Fv2%2Ftags&post=18828"}],"curies":[{"name":"wp","href":"https:\/\/api.w.org\/{rel}","templated":true}]}}