{"id":18867,"date":"2014-07-16T15:23:48","date_gmt":"2014-07-16T14:23:48","guid":{"rendered":"http:\/\/vpmedias.fr\/?p=18867"},"modified":"2014-07-16T18:26:02","modified_gmt":"2014-07-16T17:26:02","slug":"presidentielle-rien-ne-va-plus","status":"publish","type":"post","link":"https:\/\/vpmedias.fr\/?p=18867","title":{"rendered":"Pr\u00e9sidentielle: rien ne va plus"},"content":{"rendered":"<p style=\"text-align: justify;\">La 21 \u00e8me \u00e9lection pr\u00e9sidentielle a effectivement d\u00e9but\u00e9 au quart de tour.<!--more--> Les deux candidats susceptibles d&rsquo;\u00eatre qualifi\u00e9s au premier tour sont Dens qui totalise un score 23,7 % des voix et Mamix avec un score de 23,1 % des voix (r\u00e9sultats \u00e0 l&rsquo;heure o\u00f9 je vous parle). Tout n&rsquo;est pas encore jou\u00e9, Mamix montre avec d\u00e9termination son son objectif, il est prouv\u00e9 car il se rapproche de plus en plus du candidat Dens, qui \u00e0 l&rsquo;heure m\u00eame ne compte pas se faire marcher sur la pieds et de plus ne pas se faire devancer. Dens, directement favorable d\u00e8s l&rsquo;annonce des premiers r\u00e9sultats. Cela va-t-il durer encore longtemps ? Telle est la question que tout le monde se pose. Un autre candidat, autre que Dens et Mamix, peut toujours prendre la place d&rsquo;un des deux autres, cette action serait donc qualifi\u00e9e de coups de ma\u00eetre \u00e9tant donn\u00e9 que cette \u00e9lection est pr\u00e9sidentielle. Bref, que le meilleur gagne.<\/p>\n<p style=\"text-align: justify;\">Auteur: Pierrelouis<\/p>\n","protected":false},"excerpt":{"rendered":"<p>La 21 \u00e8me \u00e9lection pr\u00e9sidentielle a effectivement d\u00e9but\u00e9 au quart de tour.<\/p>\n","protected":false},"author":167,"featured_media":0,"comment_status":"open","ping_status":"open","sticky":false,"template":"","format":"standard","meta":{"site-container-style":"default","site-container-layout":"default","site-sidebar-layout":"default","disable-article-header":"default","disable-site-header":"default","disable-site-footer":"default","disable-content-area-spacing":"default","footnotes":""},"categories":[302],"tags":[418],"class_list":["post-18867","post","type-post","status-publish","format-standard","hentry","category-5-la-tribune-libre","tag-presidentielle"],"_links":{"self":[{"href":"https:\/\/vpmedias.fr\/index.php?rest_route=\/wp\/v2\/posts\/18867","targetHints":{"allow":["GET"]}}],"collection":[{"href":"https:\/\/vpmedias.fr\/index.php?rest_route=\/wp\/v2\/posts"}],"about":[{"href":"https:\/\/vpmedias.fr\/index.php?rest_route=\/wp\/v2\/types\/post"}],"author":[{"embeddable":true,"href":"https:\/\/vpmedias.fr\/index.php?rest_route=\/wp\/v2\/users\/167"}],"replies":[{"embeddable":true,"href":"https:\/\/vpmedias.fr\/index.php?rest_route=%2Fwp%2Fv2%2Fcomments&post=18867"}],"version-history":[{"count":2,"href":"https:\/\/vpmedias.fr\/index.php?rest_route=\/wp\/v2\/posts\/18867\/revisions"}],"predecessor-version":[{"id":18869,"href":"https:\/\/vpmedias.fr\/index.php?rest_route=\/wp\/v2\/posts\/18867\/revisions\/18869"}],"wp:attachment":[{"href":"https:\/\/vpmedias.fr\/index.php?rest_route=%2Fwp%2Fv2%2Fmedia&parent=18867"}],"wp:term":[{"taxonomy":"category","embeddable":true,"href":"https:\/\/vpmedias.fr\/index.php?rest_route=%2Fwp%2Fv2%2Fcategories&post=18867"},{"taxonomy":"post_tag","embeddable":true,"href":"https:\/\/vpmedias.fr\/index.php?rest_route=%2Fwp%2Fv2%2Ftags&post=18867"}],"curies":[{"name":"wp","href":"https:\/\/api.w.org\/{rel}","templated":true}]}}