{"id":18897,"date":"2014-07-20T14:55:58","date_gmt":"2014-07-20T13:55:58","guid":{"rendered":"http:\/\/vpmedias.fr\/?p=18897"},"modified":"2014-07-20T15:03:32","modified_gmt":"2014-07-20T14:03:32","slug":"mamix-nous-livre-ses-premieres-impressions-et-la-liste-de-ses-ministres","status":"publish","type":"post","link":"https:\/\/vpmedias.fr\/?p=18897","title":{"rendered":"Mamix nous livre ses premi\u00e8res impressions et la liste de ses ministres"},"content":{"rendered":"<p style=\"text-align: justify;\"><em>Elu cette nuit, le nouveau Pr\u00e9sident Mamix a r\u00e9pondu \u00e0 nos questions et donn\u00e9 ses premi\u00e8res impressions au micro de VPM\u00e9dias.<\/em><!--more--><\/p>\n<p style=\"text-align: justify;\"><strong>VPM\u00e9dias : Bonjour Mamix, tout d&rsquo;abord f\u00e9licitations pour ton \u00e9lection.<\/strong><br \/>\n<strong> Quelles sont tes premi\u00e8res impressions ?<\/strong><\/p>\n<p style=\"text-align: justify;\"><span style=\"color: #333399;\"><strong>Mamix<\/strong>: Merci Bob, pour le moment c&rsquo;est les sollicitations qui m&rsquo;ont marqu\u00e9es, apr\u00e8s j&rsquo;esp\u00e8re qu&rsquo;elle seront positives ^^.<\/span><\/p>\n<p style=\"text-align: justify;\"><strong> &#8211; Il n&rsquo;y a pas eu de soir\u00e9e \u00e9lectorale sur les march\u00e9s comme c&rsquo;est le cas d&rsquo;habitude. O\u00f9 \u00e9tais tu au moment des r\u00e9sultats, comment les as-tu appris et quelle fut ta r\u00e9action ?<\/strong><\/p>\n<p style=\"text-align: justify;\"><span style=\"color: #333399;\">Ben pour \u00eatre sinc\u00e8re je me balad\u00e9 en ville avec des amis (Sofadj, Superjesus ) et j&rsquo;ai appris la nouvelle par le billet de votre nouvelle premi\u00e8re dame qui est ma femme ch\u00e9rie, Nivea. R\u00e9action : un grand hourrah collectif !<\/span><\/p>\n<p style=\"text-align: justify;\"><strong>-Comment as-tu v\u00e9cu cette campagne pr\u00e9sidentielle, et quels furent tes soutiens les plus forts ?<\/strong><\/p>\n<p style=\"text-align: justify;\"><span style=\"color: #333399;\">Ce fut une belle campagne tr\u00e8s enrichissante, avec de belle connaissances au bout, je tiens d&rsquo;ailleurs \u00e0 remercier mes adversaires et amis candidats.<\/span><br \/>\n<span style=\"color: #333399;\"> Concernant mes soutiens, sans certains qu&rsquo;ils furent \u00e0 mes cot\u00e9s durant toute la campagne sans jamais l\u00e2cher, m\u00eame si je les ai remerci\u00e9s personnellement, je tiens \u00e0 r\u00e9it\u00e9rer ces remerciements publiquement, donc merci \u00e0 vous tout les gars de la R\u00e9bellion, particuli\u00e8rement Nivea, Sofadj, Artarriat, Maxartimus, Francoispignon, Lensvolcan, Timba &#8230;. je ne peux tous les citer ( Bob commence regarder sa montre ^^) mais en gros voil\u00e0 le noyaux dur.<\/span><\/p>\n<p style=\"text-align: justify;\"><strong>-Quand as-tu choisi de te porter candidat, et qu&rsquo;est ce qui a motiv\u00e9 ta d\u00e9cision ?<\/strong><br \/>\n<span style=\"color: #333399;\">Je m&rsquo;en rappelle plus, le plus important c&rsquo;est que je l&rsquo;ai prise, la d\u00e9cision ^^, je ne serais pas l\u00e0 autrement. Les motivations \u00e9taient simples: dominer le monde. Je vous l&rsquo;annonce comme \u00e7a de mani\u00e8re crue c&rsquo;est vrai, mais c&rsquo;est comme \u00e7a &#8230; ( Mamix s&rsquo;\u00e9nerve sans raisons apparente ).<\/span><\/p>\n<p style=\"text-align: justify;\"><strong>-L&rsquo;imp\u00f4t a \u00e9t\u00e9 lev\u00e9 ce matin, le budget pr\u00e9sidentiel est pr\u00eat. As-tu d\u00e9j\u00e0 d\u00e9cid\u00e9 \u00e0 qui la premi\u00e8re enveloppe de 1 million allait revenir ?<\/strong><br \/>\n<span style=\"color: #333399;\">Effectivement et je peux vous dire que c&rsquo;est beau d&rsquo;avoir 15 beaux petits millions devant soi! La premi\u00e8re ira au vainqueur de la course de v\u00e9lo, parce que c&rsquo;est une animation qui a pour moi apport\u00e9 une belle ambiance dans le rassemblement avec des joueurs connus et des nouveaux qui font leur apparition, et c&rsquo;est ce qui fait plaisir.<\/span><\/p>\n<p style=\"text-align: justify;\"><strong>-Comment vois-tu ton mandat ? Son organisation, son animation, ton r\u00f4le l\u00e0 dedans?<\/strong><br \/>\n<span style=\"color: #333399;\">\u00a0Je pense qu&rsquo;avec la nouvelle version, mon influence serra consid\u00e9rablement r\u00e9duite, mais je compte pas l\u00e2cher le morceaux, hein !? \u00c2me de rebelle oblige, on se chargera avec mon \u00e9quipe d&rsquo;organiser un max de nouvelles animations , et surtout de motiver les VPMiens \u00e0 animer, et \u00e0 participer en grand nombre. Esp\u00e9rons voir une bonne ambiance, qui ne peut exister que si tout le monde s&rsquo;y met. Mon r\u00f4le serra d&rsquo;ailleurs de leur mettre des coups de pieds au derri\u00e8re pour que \u00e7a bouge.<\/span><\/p>\n<p style=\"text-align: justify;\">&#8211;<strong>Enfin, qui seront les ministres pour t&rsquo;accompagner ?<\/strong><\/p>\n<p style=\"text-align: justify;\"><span style=\"color: #333399;\">Voila vous me laissez l&rsquo;occasion d&rsquo;annoncer les ministres qui m&rsquo;accompagneront au d\u00e9but de mon mandat, et qui sont :<\/span><\/p>\n<ul style=\"text-align: justify;\">\n<li><span style=\"color: #333399;\"><strong>Nivea<\/strong>, ministre, premi\u00e8re dame, d\u00e9esse, chef des chefs.<\/span><\/li>\n<li><span style=\"color: #333399;\"><strong> Sofadj<\/strong>, 1er Ministre, charg\u00e9 des dol\u00e9ances campagnardes<\/span><\/li>\n<li><span style=\"color: #333399;\"><strong> Lensvolcanus<\/strong>, Ministre charg\u00e9 des jeunes joueurs et de leurs adaptation au climat tropical<\/span><\/li>\n<li><span style=\"color: #333399;\"><strong> Francoipignon<\/strong>, Ministre de l&rsquo;int\u00e9rieur et de la propagande<\/span><\/li>\n<li><span style=\"color: #333399;\"><strong> Harmonica<\/strong>, Ministre des roms de la Roumanie et des affaires de campings<\/span><\/li>\n<li><span style=\"color: #333399;\"><strong> Artarriat<\/strong>, Ministre des m\u00e9dias et de l&rsquo;animation des boites de nuits &#8230; et de jours <\/span><\/li>\n<\/ul>\n<p style=\"text-align: justify;\"><span style=\"color: #333399;\"> Voila donc, merci \u00e0 tous, ce mandat sera le v\u00f4tre.<\/span><\/p>\n<p style=\"text-align: justify;\"><strong>-Euh&#8230; tu n&rsquo;as pas un petit mot pour Dens, ton adversaire lors de ce second tour?<\/strong><\/p>\n<p style=\"text-align: justify;\"><span style=\"color: #333399;\">Ben comme je le lui ai dit \u00e0 lui, ce fut un bel adversaire qui de plus est fort symphatique et en plus il avait vot\u00e9 pour moi mais chuuuut.<\/span><\/p>\n<p style=\"text-align: justify;\"><strong>Merci Mamix d&rsquo;avoir accept\u00e9 cet interview.<\/strong><\/p>\n<p style=\"text-align: justify;\"><em>Retrouvez l&rsquo;interview de<a href=\"http:\/\/vpmedias.fr\/?p=18828\" target=\"_blank\"> Mamix alors candidat<\/a>, \u00e9galement sur VPM\u00e9dias.<\/em><\/p>\n<p style=\"text-align: justify;\">[auteur]<\/p>\n<p style=\"text-align: justify;\">\n","protected":false},"excerpt":{"rendered":"<p>Elu cette nuit, le nouveau Pr\u00e9sident Mamix a r\u00e9pondu \u00e0 nos questions et donn\u00e9 ses premi\u00e8res impressions au micro de VPM\u00e9dias.<\/p>\n","protected":false},"author":5,"featured_media":0,"comment_status":"open","ping_status":"open","sticky":false,"template":"","format":"standard","meta":{"site-container-style":"default","site-container-layout":"default","site-sidebar-layout":"default","disable-article-header":"default","disable-site-header":"default","disable-site-footer":"default","disable-content-area-spacing":"default","footnotes":""},"categories":[312,4],"tags":[34,209,54,418],"class_list":["post-18897","post","type-post","status-publish","format-standard","hentry","category-g-a-la-une","category-2-vpmc","tag-interview","tag-people","tag-president","tag-presidentielle"],"_links":{"self":[{"href":"https:\/\/vpmedias.fr\/index.php?rest_route=\/wp\/v2\/posts\/18897","targetHints":{"allow":["GET"]}}],"collection":[{"href":"https:\/\/vpmedias.fr\/index.php?rest_route=\/wp\/v2\/posts"}],"about":[{"href":"https:\/\/vpmedias.fr\/index.php?rest_route=\/wp\/v2\/types\/post"}],"author":[{"embeddable":true,"href":"https:\/\/vpmedias.fr\/index.php?rest_route=\/wp\/v2\/users\/5"}],"replies":[{"embeddable":true,"href":"https:\/\/vpmedias.fr\/index.php?rest_route=%2Fwp%2Fv2%2Fcomments&post=18897"}],"version-history":[{"count":3,"href":"https:\/\/vpmedias.fr\/index.php?rest_route=\/wp\/v2\/posts\/18897\/revisions"}],"predecessor-version":[{"id":18900,"href":"https:\/\/vpmedias.fr\/index.php?rest_route=\/wp\/v2\/posts\/18897\/revisions\/18900"}],"wp:attachment":[{"href":"https:\/\/vpmedias.fr\/index.php?rest_route=%2Fwp%2Fv2%2Fmedia&parent=18897"}],"wp:term":[{"taxonomy":"category","embeddable":true,"href":"https:\/\/vpmedias.fr\/index.php?rest_route=%2Fwp%2Fv2%2Fcategories&post=18897"},{"taxonomy":"post_tag","embeddable":true,"href":"https:\/\/vpmedias.fr\/index.php?rest_route=%2Fwp%2Fv2%2Ftags&post=18897"}],"curies":[{"name":"wp","href":"https:\/\/api.w.org\/{rel}","templated":true}]}}