{"id":18901,"date":"2014-07-22T02:09:09","date_gmt":"2014-07-22T01:09:09","guid":{"rendered":"http:\/\/vpmedias.fr\/?p=18901"},"modified":"2014-07-22T02:14:55","modified_gmt":"2014-07-22T01:14:55","slug":"mamix-president-et-son-gouvernement","status":"publish","type":"post","link":"https:\/\/vpmedias.fr\/?p=18901","title":{"rendered":"Mamix Pr\u00e9sident et son gouvernement"},"content":{"rendered":"<p>Le 21 \u00e8me Pr\u00e9sident de la R\u00e9publique, fra\u00eechement \u00e9lu, vient de nommer ses ministres. Il en a nomm\u00e9 6, conform\u00e9ment aux r\u00e8gles valables depuis Jaquesdefranc. Ces 6 joueurs regroupent les qualit\u00e9s n\u00e9cessaires pour prendre en charge le minist\u00e8re qui leur est confi\u00e9 \u00e0 chacun.<\/p>\n<p>Le Premier Ministre Sofadj doit prendre en compte la lourde responsabilit\u00e9 du travail qui lui est confi\u00e9. Mamix \u00e0 donc choisi des ministres ayant tous des \u00e9toiles et bien \u00e9videmment des comp\u00e9tences<\/p>\n<p>Mamix nous a inform\u00e9, qu&rsquo;un secr\u00e9taire d&rsquo;\u00e9tat sera nomm\u00e9 tr\u00e8s prochainement en publique.<\/p>\n","protected":false},"excerpt":{"rendered":"<p>Le 21 \u00e8me Pr\u00e9sident de la R\u00e9publique, fra\u00eechement \u00e9lu, vient de nommer ses ministres.<\/p>\n","protected":false},"author":167,"featured_media":0,"comment_status":"open","ping_status":"open","sticky":false,"template":"","format":"standard","meta":{"site-container-style":"default","site-container-layout":"default","site-sidebar-layout":"default","disable-article-header":"default","disable-site-header":"default","disable-site-footer":"default","disable-content-area-spacing":"default","footnotes":""},"categories":[302],"tags":[],"class_list":["post-18901","post","type-post","status-publish","format-standard","hentry","category-5-la-tribune-libre"],"_links":{"self":[{"href":"https:\/\/vpmedias.fr\/index.php?rest_route=\/wp\/v2\/posts\/18901","targetHints":{"allow":["GET"]}}],"collection":[{"href":"https:\/\/vpmedias.fr\/index.php?rest_route=\/wp\/v2\/posts"}],"about":[{"href":"https:\/\/vpmedias.fr\/index.php?rest_route=\/wp\/v2\/types\/post"}],"author":[{"embeddable":true,"href":"https:\/\/vpmedias.fr\/index.php?rest_route=\/wp\/v2\/users\/167"}],"replies":[{"embeddable":true,"href":"https:\/\/vpmedias.fr\/index.php?rest_route=%2Fwp%2Fv2%2Fcomments&post=18901"}],"version-history":[{"count":5,"href":"https:\/\/vpmedias.fr\/index.php?rest_route=\/wp\/v2\/posts\/18901\/revisions"}],"predecessor-version":[{"id":18913,"href":"https:\/\/vpmedias.fr\/index.php?rest_route=\/wp\/v2\/posts\/18901\/revisions\/18913"}],"wp:attachment":[{"href":"https:\/\/vpmedias.fr\/index.php?rest_route=%2Fwp%2Fv2%2Fmedia&parent=18901"}],"wp:term":[{"taxonomy":"category","embeddable":true,"href":"https:\/\/vpmedias.fr\/index.php?rest_route=%2Fwp%2Fv2%2Fcategories&post=18901"},{"taxonomy":"post_tag","embeddable":true,"href":"https:\/\/vpmedias.fr\/index.php?rest_route=%2Fwp%2Fv2%2Ftags&post=18901"}],"curies":[{"name":"wp","href":"https:\/\/api.w.org\/{rel}","templated":true}]}}