{"id":18990,"date":"2014-07-24T09:49:42","date_gmt":"2014-07-24T08:49:42","guid":{"rendered":"http:\/\/vpmedias.fr\/?p=18990"},"modified":"2014-07-24T09:51:56","modified_gmt":"2014-07-24T08:51:56","slug":"dens-ma-campagne-devait-laisser-de-la-marge-a-limprovisation","status":"publish","type":"post","link":"https:\/\/vpmedias.fr\/?p=18990","title":{"rendered":"Dens : \u00ab\u00a0Ma campagne devait laisser de la marge \u00e0 l&rsquo;improvisation\u00a0\u00bb"},"content":{"rendered":"<p style=\"text-align: justify;\"><em>Dimanche dernier, <strong>45,6%<\/strong> des VPMiens lui accordaient leur voix, mais sans parvenir \u00e0 lui offrir la victoire. Nous recevons aujourd&rsquo;hui Dens, s&rsquo;expliquant en d\u00e9tails pour la premi\u00e8re fois depuis l&rsquo;\u00e9lection. Le c\u00e9l\u00e8bre auvergnat a r\u00e9pondu \u00e0 nos questions.<!--more--><\/em><\/p>\n<p style=\"text-align: justify;\"><strong>VPM\u00e9dias: Bonjour Dens! C&rsquo;est finalement Mamix qui a emport\u00e9 cette \u00e9lection, apr\u00e8s t&rsquo;avoir affront\u00e9 au second tour. Quelles sont aujourd&rsquo;hui tes impressions ?<\/strong><\/p>\n<p><span style=\"color: #800080;\"><strong>Dens<\/strong>: J&rsquo;ai comme l&rsquo;impression que j&rsquo;ai pas gagn\u00e9 ?<\/span><br \/>\n<span style=\"color: #800080;\"> Nop, plus s\u00e9rieusement, je suis content pour Mamix, et j&rsquo;ai assez peu d&rsquo;impression, ne le connaissant pas, du moins pas autrement que dragueur lourdingue, mon multi \u00ab\u00a0secret\u00a0\u00bb ayant fait les frais de ses insistances avances !<\/span><\/p>\n<p><strong>-Alors apr\u00e8s coup, que dirais-tu qu&rsquo;il t&rsquo;a manqu\u00e9 dans cette campagne ? On ne t&rsquo;a pas beaucoup vu sur les march\u00e9s!<\/strong><\/p>\n<p><span style=\"color: #800080;\">Ben tu donnes la question et la r\u00e9ponse, je peux m&rsquo;en aller ?! <\/span><br \/>\n<span style=\"color: #800080;\"> Oui, j&rsquo;ai sans doute pas fait une super campagne, l&rsquo;IRL m&rsquo;ayant emp\u00each\u00e9 d&rsquo;\u00eatre tr\u00e8s pr\u00e9sent&#8230;. Mamix en a fait une meilleure, il a gagn\u00e9, normal !<\/span><\/p>\n<p><strong> -Tu restes! Quels furent tes soutiens, et comment as-tu organis\u00e9 ta campagne ?<\/strong><\/p>\n<p><span style=\"color: #800080;\">Mes soutiens \u00e9taient surtout des \u00ab\u00a0vieux\u00a0\u00bb VPMiens, anciens pr\u00e9sidents, et\/ou anciens modos, en plus des membres de mon parti, et quelques personnes avec qui je m&rsquo;entends bien depuis toujours&#8230;.<\/span><br \/>\n<span style=\"color: #800080;\"> Ma campagne se voulait non organis\u00e9e, pour laisser de la marge \u00e0 l&rsquo;improvisation, ce que j&rsquo;aurais voulu faire passer dans mon mandat, si mandat il y avait eu&#8230;.<\/span><br \/>\n<span style=\"color: #800080;\"> Peut-\u00eatre aurais-je d\u00fb d\u00e9voiler une partie d&rsquo;un programme qui n&rsquo;\u00e9tait pas fix\u00e9 (j&rsquo;attendais d&rsquo;\u00eatre \u00e9lu pour m&rsquo;investir \u00e0 fond de ce c\u00f4t\u00e9 l\u00e0).<\/span><br \/>\n<span style=\"color: #800080;\"> Peut-\u00eatre aurais-je d\u00fb d\u00e9voiler les noms de ceux qui m&rsquo;auraient entour\u00e9 ? Vous avez \u00e9chapp\u00e9 \u00e0 Arc, Joonae, Valerie, Batha, Saphir, Whynot, Jebus, Paquito, Ethylo, Sarkasme, Alexpetiot, Druuna, Theghool, et peut-\u00eatre d&rsquo;autres !<\/span><br \/>\n<span style=\"color: #800080;\"> Finalement, c&rsquo;est peut-\u00eatre mieux ainsi, du coup :)<\/span><\/p>\n<p><strong> -En effet ! Qui voudrait voir Jebus revenir au pouvoir ? Sinon, comment as-tu v\u00e9cu cette campagne ? Du stress, de la d\u00e9tente ? L&rsquo;ambiance fut-elle \u00e0 ton go\u00fbt ?<\/strong><\/p>\n<p><span style=\"color: #800080;\"> L&rsquo;ambiance \u00e9tait d\u00e9tendue, m\u00eame si deux trois cons (je peux dire, cons ?<span style=\"color: #000000;\"> -Tu peux, les moutons ne mod\u00e8rent pas -encore- ici!<\/span>) du camp d&rsquo;en face se sont senti oblig\u00e9s de venir polluer mon topic. Mais globalement, j&rsquo;ai v\u00e9cu \u00e7a de (trop) loin, avec pas mal (trop ?) de d\u00e9tachement.<\/span><\/p>\n<p><strong> -Et c&rsquo;est l&rsquo;essentiel, diront certains. Que penses-tu du mandat qui s&rsquo;annonce, et des nouvelles fonctions du Pr\u00e9sident ?<\/strong><\/p>\n<p><span style=\"color: #800080;\">Je pense que \u00e7a va piquer les yeux !^^<\/span><br \/>\n<span style=\"color: #800080;\"> Noooooooon, je rigole, mais c&rsquo;est vrai que si le pr\u00e9sident faisait un petit effort en orthographe, \u00e7a serait pas pire ! Sinon, Mamix est un bon gars, on l&rsquo;aime bien au village, on lui jette des b\u00e2tons, il revient avec !<\/span><\/p>\n<p><strong> -Justement, est-ce que tu vas recevoir une enveloppe de Mamix ?<\/strong><\/p>\n<p><span style=\"color: #800080;\">Ben ????? <\/span><br \/>\n<span style=\"color: #800080;\"> Il est question que j&rsquo;en re\u00e7oive pas ?<\/span><br \/>\n<span style=\"color: #800080;\"> L&rsquo;enveloppe \u00e0 Dens est un rep\u00e8re dans le mandat, tel le 14 juillet sur le calendrier ! On ne peut pas non plus tout jeter dans les traditions, y a du bon !<\/span><br \/>\n<span style=\"color: #800080;\"> P&rsquo;t\u00eat pas le reste, mais l&rsquo;enveloppe \u00e0 Dens, si !<\/span><\/p>\n<p><strong> -Ainsi soit il! Enfin, je crois que la Pr\u00e9sidence \u00e9tait un des derniers postes que tu souhaitais ajouter \u00e0 ton palmar\u00e8s. Comment vois-tu la suite, \u00e0 pr\u00e9sent ?<\/strong><\/p>\n<p><span style=\"color: #800080;\">Je vais prendre un peu de distance avec VPM. Je pars dans quelques jours m&rsquo;installer \u00e0 l&rsquo;\u00e9tranger, ce qui va immanquablement m&rsquo;\u00e9loigner de la plan\u00e8te VPM. <\/span><br \/>\n<span style=\"color: #800080;\"> En cas de victoire, j&rsquo;avais d&rsquo;ailleurs pr\u00e9vu d&rsquo;\u00eatre \u00ab\u00a0int\u00e9rim\u00e9\u00a0\u00bb, \u00e7a aurait pu \u00eatre tr\u00e8s sympa, d&rsquo;ailleurs !<\/span><br \/>\n<span style=\"color: #800080;\"> On me tanne un peu pour me repr\u00e9senter lors de la prochaine pr\u00e9sidentielle, puisque c&rsquo;est vrai que c&rsquo;est la seule corde encore manquante \u00e0 mon arc (non, pas toi, Foudgy !^^), mais&#8230;.<\/span><br \/>\n<span style=\"color: #800080;\"> Je n&rsquo;y pense pas encore en me rasant, et je me rase pas tr\u00e8s souvent ! On verra le moment venu, pour l&rsquo;heure, je me retire de la modo&rsquo;, j&rsquo;aime pas trop trop faire des plans sur la com\u00e8te !<\/span><\/p>\n<p style=\"text-align: justify;\"><strong>Eh bien c&rsquo;est entendu ! Merci Dens d&rsquo;avoir r\u00e9pondu \u00e0 nos questions, et bonne continuation pour la suite.<\/strong><\/p>\n<p style=\"text-align: justify;\">[auteur]<\/p>\n","protected":false},"excerpt":{"rendered":"<p>D\u00e9fait au second tour, Dens s&rsquo;exprime en d\u00e9tail pour la premi\u00e8re fois depuis l&rsquo;\u00e9lection<\/p>\n","protected":false},"author":5,"featured_media":0,"comment_status":"open","ping_status":"open","sticky":false,"template":"","format":"standard","meta":{"site-container-style":"default","site-container-layout":"default","site-sidebar-layout":"default","disable-article-header":"default","disable-site-header":"default","disable-site-footer":"default","disable-content-area-spacing":"default","footnotes":""},"categories":[312,4],"tags":[34,209,418],"class_list":["post-18990","post","type-post","status-publish","format-standard","hentry","category-g-a-la-une","category-2-vpmc","tag-interview","tag-people","tag-presidentielle"],"_links":{"self":[{"href":"https:\/\/vpmedias.fr\/index.php?rest_route=\/wp\/v2\/posts\/18990","targetHints":{"allow":["GET"]}}],"collection":[{"href":"https:\/\/vpmedias.fr\/index.php?rest_route=\/wp\/v2\/posts"}],"about":[{"href":"https:\/\/vpmedias.fr\/index.php?rest_route=\/wp\/v2\/types\/post"}],"author":[{"embeddable":true,"href":"https:\/\/vpmedias.fr\/index.php?rest_route=\/wp\/v2\/users\/5"}],"replies":[{"embeddable":true,"href":"https:\/\/vpmedias.fr\/index.php?rest_route=%2Fwp%2Fv2%2Fcomments&post=18990"}],"version-history":[{"count":3,"href":"https:\/\/vpmedias.fr\/index.php?rest_route=\/wp\/v2\/posts\/18990\/revisions"}],"predecessor-version":[{"id":18994,"href":"https:\/\/vpmedias.fr\/index.php?rest_route=\/wp\/v2\/posts\/18990\/revisions\/18994"}],"wp:attachment":[{"href":"https:\/\/vpmedias.fr\/index.php?rest_route=%2Fwp%2Fv2%2Fmedia&parent=18990"}],"wp:term":[{"taxonomy":"category","embeddable":true,"href":"https:\/\/vpmedias.fr\/index.php?rest_route=%2Fwp%2Fv2%2Fcategories&post=18990"},{"taxonomy":"post_tag","embeddable":true,"href":"https:\/\/vpmedias.fr\/index.php?rest_route=%2Fwp%2Fv2%2Ftags&post=18990"}],"curies":[{"name":"wp","href":"https:\/\/api.w.org\/{rel}","templated":true}]}}