{"id":19039,"date":"2014-08-10T13:58:27","date_gmt":"2014-08-10T12:58:27","guid":{"rendered":"http:\/\/vpmedias.fr\/?p=19039"},"modified":"2014-08-10T13:58:27","modified_gmt":"2014-08-10T12:58:27","slug":"interview-kerlinn-revient-sur-son-mandat","status":"publish","type":"post","link":"https:\/\/vpmedias.fr\/?p=19039","title":{"rendered":"Interview : Kerlinn revient sur son mandat"},"content":{"rendered":"<p style=\"text-align: justify;\"><em>Ah, j&rsquo;attendais ce moment avec impatience ! J&rsquo;ai ram\u00e9 pour l&rsquo;avoir sous la main, mais enfin, enfin, j&rsquo;ai r\u00e9ussi \u00e0 obtenir une interview exclusive de notre ex-pr\u00e9sident de VPM, le fameux Kerlinn.<br \/>\n<\/em><\/p>\n<p style=\"text-align: justify;\"><em>Je t&rsquo;en prie, Kerlinn, installe-toi confortablement<\/em>.<\/p>\n<p style=\"text-align: justify;\">\n<p style=\"text-align: justify;\"><span style=\"color: #008000;\">Alors, avant tout, pourrais-tu te pr\u00e9senter rapidement pour les ignares (et les nouveaux joueurs) qui ne conna\u00eetraient pas encore notre ancien pr\u00e9sident?<\/span><\/p>\n<p style=\"text-align: justify;\">Rapidement ? Tu fais une erreur, l&rsquo;ami ! Ne pas me demander, \u00e7a, \u00e0 moi.<br \/>\nDonc donc, Kerlinn, arriv\u00e9 sur VPM en septembre 2010, depuis presque 4 ans donc. J&rsquo;\u00e9tais assez peu actif sur les forums \u00e0 mes d\u00e9buts, voir pas du tout pour les tous d\u00e9buts, mais j&rsquo;ai \u00e9cris trois ou quatre articles pour le Cohu-Bohu, l&rsquo;ancien journal officiel de VPM.<br \/>\nDurant l&rsquo;ann\u00e9e 2011, je me suis peu \u00e0 peu investi sur les forums, me faisant l\u00e9g\u00e8rement conna\u00eetre parmi la communaut\u00e9. Etant au Retour du Canard D\u00e9cha\u00een\u00e9, je me suis plac\u00e9 de moi m\u00eame et sans vraiment y pr\u00eater attention dans le camp Krustyfranckiste lors des \u00e9lections pr\u00e9sidentielles de d\u00e9but 2012.<br \/>\nJ&rsquo;ai alors organis\u00e9 la premi\u00e8re \u00e9dition des Joutes Verbales, lors du mandat de Krustyfrancky, celle qui a remport\u00e9e le plus de succ\u00e8s mais malheureusement elle n&rsquo;a pas connu de vainqueurs, les joutes mettant trop de temps et l&rsquo;\u00e9t\u00e9 approchant. J&rsquo;ai fais une tr\u00e8s courte pause durant l&rsquo;\u00e9t\u00e9 2012.<br \/>\nEn parall\u00e8le de cela, j&rsquo;ai commenc\u00e9 \u00e0 \u00e9crire pour VPM\u00e9dias, fin janvier 2012.<br \/>\nAu final, ma pause de l&rsquo;\u00e9t\u00e9 2012 s&rsquo;est un petit peu prolong\u00e9 et je suis revenu sur le jeu qu&rsquo;en mars 2013, \u00e0 la mi-mandat du \u00ab\u00a0truc\u00a0\u00bb de Rataxes^^<br \/>\nJe pense que j&rsquo;ai du d\u00e9cider \u00e0 peu pr\u00e8s \u00e0 ce moment l\u00e0, vers mai, que je me pr\u00e9senterais aux pr\u00e9sidentielles un jour. La date a du se pr\u00e9ciser quand j&rsquo;ai appris la candidature de Dragalex pour le mandat pr\u00e9sidentiel de l&rsquo;\u00e9t\u00e9 2013. Pour ce mandat (Dragalex), les deux gros candidats des \u00e9lections \u00e9taient Summerzik et Dragalex. Etant tr\u00e8s proche des deux, j&rsquo;ai eu beaucoup de mal \u00e0 savoir qui soutenir, mais j&rsquo;\u00e9tais (et je suis toujours) dans le m\u00eame parti que Dragalex, je l&rsquo;ai soutenu par logique. J&rsquo;ai fais une petite pause durant l&rsquo;\u00e9t\u00e9 2013 \u00e0 cause de mes vacances (ou gr\u00e2ce, au choix).<br \/>\nVient ensuite le mandat de Jaquesdefranc, que j&rsquo;ai soutenu avec une grande ferveur. Il devait alors \u00eatre un de mes ministres lors de mon futur mandat. Mais pour des raisons diverses, que je n&rsquo;ai pas tr\u00e8s envie d&rsquo;\u00e9voquer ici, il s&rsquo;est peu \u00e0 peu \u00e9loign\u00e9 de moi et l&rsquo;id\u00e9e s&rsquo;est \u00e9vapor\u00e9e.<br \/>\nPuis, la campagne pr\u00e9sidentielle, d&rsquo;o\u00f9 je suis sorti vainqueur. Je pense avoir gagn\u00e9 cette campagne en bonne partie gr\u00e2ce \u00e0 la pr\u00e9sence d&rsquo;un candidat Rayvolutionnaire au second tour, Spendzst.<br \/>\nConcernant mon mandat, je conseille ceux qui veulent en savoir plus et qui ne l&rsquo;ont pas v\u00e9cus de demander \u00e0 mes opposants&#8230; Ils en auront des nouvelles^^<\/p>\n<p style=\"text-align: justify;\">En ce qui concerne les campagnes, je suis consid\u00e9r\u00e9 comme un joueur assez m\u00e9diocre et j&rsquo;assume cela. J&rsquo;ai re\u00e7u le VPM de Plomb du Moins Bon Campagnard de VPM lors de mon mandat pr\u00e9sidentiel. Mais bon, j&rsquo;ai tout de m\u00eame \u00e9t\u00e9 deux fois pr\u00e9sident de la r\u00e9gion Pays-de-la-Loire (pour mes plus grosses performances).<\/p>\n<p style=\"text-align: justify;\">C&rsquo;est assez court ?<\/p>\n<p style=\"text-align: justify;\">Pour ceux qui voudraient en savoir plus ou avoir \u00e7a sous une meilleure organisation, c&rsquo;est sur le <a href=\"http:\/\/wiki.vpmedias.fr\/Kerlinn\" target=\"_blank\">Wiki<\/a>.<\/p>\n<p style=\"text-align: justify;\"><span style=\"color: #008000;\">C&rsquo;est pr\u00e9cis, au moins ! ^^ Un avis sur VPM? Qu&rsquo;aimes-tu le plus, le moins?<\/span><\/p>\n<p style=\"text-align: justify;\">Le plus ? Les joueurs.<br \/>\nLe moins ? Les joueurs.<\/p>\n<p style=\"text-align: justify;\"><span style=\"color: #008000;\">Un petit retour sur ton \u00e9lection face \u00e0 Spendzst. Avec le recul d&rsquo;aujourd&rsquo;hui, qu&rsquo;en as tu pens\u00e9?<\/span><\/p>\n<p style=\"text-align: justify;\">Ah mince, j&rsquo;aurais du lire toutes les questions avant de r\u00e9pondre \u00e0 la premi\u00e8re. Donc pour cette \u00e9lection&#8230; Je pensais avoir mes chances, \u00e9tant donn\u00e9 les joueurs. Pour moi, me retrouver au second tour serait d\u00e9j\u00e0 une grande prouesse, mais j&rsquo;esp\u00e9rais pourtant gagner&#8230; Enfin bref&#8230; Je ne savais pas trop ce qui allait arriver quoi. ^^<br \/>\nEt puis les \u00e9lections sont arriv\u00e9es. Dans l&rsquo;ensemble, je ne les ai pas trop appr\u00e9ci\u00e9s, surtout pour l&rsquo;entre-deux-tours, o\u00f9 j&rsquo;ai contact\u00e9 pas mal de gens qui n&rsquo;avaient vot\u00e9 ni pour moi ni pour Spendzst et pour qui j&rsquo;esp\u00e9rais un report logique sur moi, qui m&rsquo;ont d\u00e9clar\u00e9s qu&rsquo;ils ne voteraient pas, ou blanc. En r\u00e9alit\u00e9, je m&rsquo;attendais \u00e0 un score beaucoup plus \u00e9lev\u00e9 que ce maigre 52%, mais j&rsquo;ai \u00e9t\u00e9 \u00e9lu avec et le score ne change pas grand chose au mandat, j&rsquo;\u00e9tais pr\u00e9sident et c&rsquo;\u00e9tait ce que j&rsquo;attendais, ni plus ni moins.<\/p>\n<p style=\"text-align: justify;\"><span style=\"color: #008000;\">Comment as-tu v\u00e9cu ton mandat?<\/span><\/p>\n<p style=\"text-align: justify;\">Ah \u00e7a, pas si bien, en fait. J&rsquo;\u00e9tais super content d&rsquo;\u00eatre pr\u00e9sident, vraiment, et je pense que cela va de soi, mais j&rsquo;avais un nombre d&rsquo;ennemis incalculable, et apparemment je n&rsquo;\u00e9tais pas tr\u00e8s appr\u00e9ci\u00e9&#8230; Comme tout bon pr\u00e9sident qui se respecte, en fait. Je mets au d\u00e9fi tout ancien ou futur pr\u00e9sident de dire avec honn\u00eatet\u00e9 qu&rsquo;il se croyait appr\u00e9ci\u00e9 par une majorit\u00e9. A part Jaquesdefranc, je pense que personne ne r\u00e9pondra cela, et pour ce qui est de l&rsquo;honn\u00eatet\u00e9 de ce gars l\u00e0, on peut en parler une autre fois si vous voulez.<\/p>\n<p style=\"text-align: justify;\"><span style=\"color: #008000;\">De quoi es-tu fier, durant ton mandat?<\/span><\/p>\n<p style=\"text-align: justify;\">La Justice, qui tout de m\u00eame a pas mal fonctionn\u00e9. Les animations de campagne, qui elles aussi ont biens r\u00e9ussies (merci Sengel !)<\/p>\n<p style=\"text-align: justify;\"><span style=\"color: #008000;\">Que penses-tu avoir rat\u00e9? Qu&rsquo;aurais-tu fait de diff\u00e9remment?<\/span><\/p>\n<p style=\"text-align: justify;\">C&rsquo;est \u00e9trange, mais je ne pense pas avoir rat\u00e9 de grandes choses. Bien \u00e9videmment qu&rsquo;il y a pleins de petits trucs que j&rsquo;aurais pu faire diff\u00e9remment pour que ce soit mieux, mais dans les grandes lignes, si c&rsquo;\u00e9tait \u00e0 refaire, je referais \u00e0 l&rsquo;identique, ou presque.<br \/>\nOn peut tout de m\u00eame noter le Minist\u00e8re de la Jeunesse qui a bien foir\u00e9, avec Harmonica\/Petitsaint, Soundandvision\/Summerzik, Hera&#8230;<\/p>\n<p style=\"text-align: justify;\"><span style=\"color: #008000;\">On ne te voit plus beaucoup. Tu t&rsquo;ennuies au Conseil Constitutionnel, c&rsquo;est \u00e7a ? ^^<\/span><\/p>\n<p style=\"text-align: justify;\">Pour dire vrai, c&rsquo;est tout simplement pour des raisons IRL que je suis assez absent en ce moment. Je reviendrais aux alentours de mi-ao\u00fbt, s\u00fbrement aussi \u00e0 VPM\u00e9dias, avec le temps.<\/p>\n<p style=\"text-align: justify;\"><span style=\"color: #008000;\">Que penses-tu de la r\u00e9forme de la Pr\u00e9sidentielle?<\/span><\/p>\n<p style=\"text-align: justify;\">Les pr\u00e9sidentielles avaient perdues depuis deux ou trois mandats leur sens, leur raison d&rsquo;\u00eatre : un concours de popularit\u00e9 dans l&rsquo;humour avec en bonus de l&rsquo;argent dont on pourrait se servir comme bon nous semblait. Ce concours de popularit\u00e9, il existait toujours, mais avec le d\u00e9part de beaucoup d&rsquo;anciens et l&rsquo;arriv\u00e9e de pas mal de nouveaux, l&rsquo;opposition des deux grands d&rsquo;il y a quelques ann\u00e9es, Krustyfranckistes et Saphiristes, n&rsquo;existait plus.<br \/>\nLes enjeux n&rsquo;\u00e9taient plus les m\u00eames, les pr\u00e9sidentielles plus ennuyantes (et j&rsquo;inclus mon mandat dedans, l&rsquo;opposition, hormis Druuna et quelques autres interventions peu fr\u00e9quentes, n&rsquo;avait aucun argument et aucun int\u00e9r\u00eat)&#8230; Il fallait faire quelque chose pour changer cela.<br \/>\nMaintenant, je ne sais pas si la d\u00e9cision qui a \u00e9t\u00e9 prise \u00e9tait la bonne, mais un changement \u00e9tait n\u00e9cessaire et je pense que Bananus a choisi une direction plut\u00f4t positive.<\/p>\n<p style=\"text-align: justify;\"><span style=\"color: #008000;\">Un avis sur le gouvernement actuel?<\/span><\/p>\n<p style=\"text-align: justify;\">Aucun, je ne l&rsquo;ai pas vu une seule seconde en action. Peut-\u00eatre deux, le temps d&rsquo;aller voir qui avait \u00e9t\u00e9 \u00e9lu. ^^<\/p>\n<p style=\"text-align: justify;\"><span style=\"color: #008000;\">As-tu un souvenir, une exp\u00e9rience m\u00e9morable sur VPM \u00e0 partager avec nous?<\/span><\/p>\n<p style=\"text-align: justify;\">Le jour o\u00f9 j&rsquo;ai surpris Louloudurscv dans le lit de Magne ?<\/p>\n<p style=\"text-align: justify;\"><span style=\"color: #008000;\">Un message pour la communaut\u00e9?<\/span><\/p>\n<p style=\"text-align: justify;\">Les pr\u00e9sidents aiment \u00e0 laisser croire qu&rsquo;ils vous aiment.<\/p>\n<p style=\"text-align: justify;\"><span style=\"color: #008000;\">Le mot de la fin?<\/span><\/p>\n<p style=\"text-align: justify;\">Ne fa\u00eetes jamais confiance \u00e0 votre prochain. Aimez-le, mais surtout ne lui fa\u00eetes pas confiance.<\/p>\n<p style=\"text-align: justify;\">\n<p style=\"text-align: justify;\"><em>Merci beaucoup pour cette interview instructive, Kerlinn, et \u00e0 bient\u00f4t !<\/em><\/p>\n","protected":false},"excerpt":{"rendered":"<p>Kerlinn, notre ancien pr\u00e9sident, revient sur son mandat et sur le jeu en g\u00e9n\u00e9ral.<\/p>\n","protected":false},"author":161,"featured_media":0,"comment_status":"open","ping_status":"open","sticky":false,"template":"","format":"standard","meta":{"site-container-style":"default","site-container-layout":"default","site-sidebar-layout":"default","disable-article-header":"default","disable-site-header":"default","disable-site-footer":"default","disable-content-area-spacing":"default","footnotes":""},"categories":[312,4],"tags":[34,209,54,418],"class_list":["post-19039","post","type-post","status-publish","format-standard","hentry","category-g-a-la-une","category-2-vpmc","tag-interview","tag-people","tag-president","tag-presidentielle"],"_links":{"self":[{"href":"https:\/\/vpmedias.fr\/index.php?rest_route=\/wp\/v2\/posts\/19039","targetHints":{"allow":["GET"]}}],"collection":[{"href":"https:\/\/vpmedias.fr\/index.php?rest_route=\/wp\/v2\/posts"}],"about":[{"href":"https:\/\/vpmedias.fr\/index.php?rest_route=\/wp\/v2\/types\/post"}],"author":[{"embeddable":true,"href":"https:\/\/vpmedias.fr\/index.php?rest_route=\/wp\/v2\/users\/161"}],"replies":[{"embeddable":true,"href":"https:\/\/vpmedias.fr\/index.php?rest_route=%2Fwp%2Fv2%2Fcomments&post=19039"}],"version-history":[{"count":5,"href":"https:\/\/vpmedias.fr\/index.php?rest_route=\/wp\/v2\/posts\/19039\/revisions"}],"predecessor-version":[{"id":19044,"href":"https:\/\/vpmedias.fr\/index.php?rest_route=\/wp\/v2\/posts\/19039\/revisions\/19044"}],"wp:attachment":[{"href":"https:\/\/vpmedias.fr\/index.php?rest_route=%2Fwp%2Fv2%2Fmedia&parent=19039"}],"wp:term":[{"taxonomy":"category","embeddable":true,"href":"https:\/\/vpmedias.fr\/index.php?rest_route=%2Fwp%2Fv2%2Fcategories&post=19039"},{"taxonomy":"post_tag","embeddable":true,"href":"https:\/\/vpmedias.fr\/index.php?rest_route=%2Fwp%2Fv2%2Ftags&post=19039"}],"curies":[{"name":"wp","href":"https:\/\/api.w.org\/{rel}","templated":true}]}}