{"id":19139,"date":"2014-09-12T10:57:39","date_gmt":"2014-09-12T09:57:39","guid":{"rendered":"http:\/\/vpmedias.fr\/?p=19139"},"modified":"2014-09-12T11:06:55","modified_gmt":"2014-09-12T10:06:55","slug":"et-si-le-courant-ray-revenait","status":"publish","type":"post","link":"https:\/\/vpmedias.fr\/?p=19139","title":{"rendered":"Et si le courant Rayvolutionnaire revenait ?"},"content":{"rendered":"<p><em>L&rsquo;ancien candidat \u00e0 la pr\u00e9sidentielle ayant engrang\u00e9 plus de 17% (lors de la <a href=\"http:\/\/wiki.vpmedias.fr\/Pr%C3%A9sidentielle_Geostar\">Pr\u00e9sidentielle Geostar<\/a> en 2012, ndle), l&rsquo;ancien chef de la rayvolution et du mouvement rayvolutionnaire a depuis environ 1 an et demi d\u00e9cid\u00e9 de se retirer progressivement de la vie politique pmienne. Aujourd&rsquo;hui, Chlochlos a d\u00e9cid\u00e9 de m&rsquo;accorder cette interview.<\/em><\/p>\n<p><em>Thom: Bonjour, Chlochlos merci de m&rsquo;accorder cette interview la premi\u00e8re depuis 1 an, comment allez vous ?<\/em><\/p>\n<p>Chlo: Bonjour, je vais bien merci.<\/p>\n<p><em>Thom: Tout d&rsquo;abord, on ne vous voit plus sur la sc\u00e8ne politique vpmienne, absent lors des 3 derni\u00e8res pr\u00e9sidentielles, certain pensaient \u00e0 votre retour lors de la derni\u00e8re pr\u00e9sidentielle&#8230; mais rien&#8230; que fa\u00eetes &#8211; vous sur VPM?<\/em><\/p>\n<p>Chlo: Effectivement, j&rsquo;ai failli me pr\u00e9senter lors de la derni\u00e8re pr\u00e9sidentielle, nous avions le programme, nous avions les soutiens, cependant je ne pouvais. Je ne voulais pas. En effet, j&rsquo;\u00e9tais tr\u00e9sorier de mon parti&#8230; Le parti for ever qui avait besoin de moi \u00e0 ce moment. Mon parti ayant besoin de moi, je ne pouvais pas partir vers d&rsquo;autres aventures en laissant mon parti de c\u00f4t\u00e9.<\/p>\n<p><em>Thom: Je comprends, mais alors aujourd&rsquo;hui quel est la forme de votre engagement ?<\/em><\/p>\n<p>Chlo: Mon engagement aujourd&rsquo;hui prend plusieurs formes. Tout d&rsquo;abord, je suis \u00e0 la t\u00eate de ma ville, mon fief, je concours au 11 i\u00e8me mandat \u00e0 la t\u00eate de Villeurbanne. De plus, je suis de nouveau tr\u00e9sorier de mon parti et j&rsquo;oeuvre pour la justice et la redistribution des richesses entre tous. Mais mon engagement va prendre une nouvelle tournure&#8230;<\/p>\n<p><em>Thom: Engag\u00e9 pour votre parti, engag\u00e9 dans votre ville, mais fini VPM?<\/em><\/p>\n<p>Chlo: Fini, je ne pense pas&#8230; Je pense qu&rsquo;il va falloir redonner un coup de peps \u00e0 notre forum, un coup de fouet au r\u00e9seau rayvolutionnaire qui peu \u00e0 peu meurt, hier repr\u00e9sentant 17% il plafonne autour de 12% si on en croit la carte de France des courants. Je pense donc qu&rsquo;il va falloir que toutes les villes ayant un maire rayvolutionnaire se mettent en contact&#8230; Pau, Le Mans, Troyes, Dijon&#8230; Une fois ce contact cr\u00e9\u00e9, je proposerai aux maires de faire des propositions afin de les proposer au gouvernement.<\/p>\n<p><em>Thom: Pensez-vous \u00eatre entendu ? Que faire si tel n&rsquo;est pas le cas ?<\/em><\/p>\n<p>Chlo: Nous allons \u00eatre entendu, et si tel n&rsquo;est pas le cas adviendra ce qu&rsquo;il adviendra&#8230;<\/p>\n<p><em>Thom: Le Chlochlos rayvolutionnaire pourrait &#8211; il revenir comme autre fois ? Une candidature \u00e0 la pr\u00e9sidentielle est \u00e0 envisager ?<\/em><\/p>\n<p>Chlo: Je pense que tout est possible, cependant je ne pense pas reprendre les armes. Les rayolutionnaires n&rsquo;ont plus envie d&rsquo;\u00eatre l&rsquo;opposition godillot, nous sommes pr\u00eat \u00e0 gouverner alors effectivement si nous ne sommes pas entendu nous soumettrons notre projet aux urnes.<\/p>\n<p><em>Thom: Est-ce une candidature ?<\/em><\/p>\n<p>Chlo: Non, pas pour le moment, il s&rsquo;ag\u00eet simplement de pr\u00e9venir pour le moment nous sommes au travail. Et pour ma part, je ne suis habit\u00e9 que par ma ville Villeurbanne.<\/p>\n<p><em>Thom: Un mot sur le nouveau pr\u00e9sident?<\/em><\/p>\n<p>Chlo: No comment<\/p>\n<p><em>Thom: Je te remercie pour cette interview. Et \u00e0 la prochaine<\/em><\/p>\n<p>Chlo: Merci.<\/p>\n","protected":false},"excerpt":{"rendered":"<p>Une interview de Chlochlo<\/p>\n","protected":false},"author":14,"featured_media":0,"comment_status":"open","ping_status":"open","sticky":false,"template":"","format":"standard","meta":{"site-container-style":"default","site-container-layout":"default","site-sidebar-layout":"default","disable-article-header":"default","disable-site-header":"default","disable-site-footer":"default","disable-content-area-spacing":"default","footnotes":""},"categories":[302],"tags":[34],"class_list":["post-19139","post","type-post","status-publish","format-standard","hentry","category-5-la-tribune-libre","tag-interview"],"_links":{"self":[{"href":"https:\/\/vpmedias.fr\/index.php?rest_route=\/wp\/v2\/posts\/19139","targetHints":{"allow":["GET"]}}],"collection":[{"href":"https:\/\/vpmedias.fr\/index.php?rest_route=\/wp\/v2\/posts"}],"about":[{"href":"https:\/\/vpmedias.fr\/index.php?rest_route=\/wp\/v2\/types\/post"}],"author":[{"embeddable":true,"href":"https:\/\/vpmedias.fr\/index.php?rest_route=\/wp\/v2\/users\/14"}],"replies":[{"embeddable":true,"href":"https:\/\/vpmedias.fr\/index.php?rest_route=%2Fwp%2Fv2%2Fcomments&post=19139"}],"version-history":[{"count":3,"href":"https:\/\/vpmedias.fr\/index.php?rest_route=\/wp\/v2\/posts\/19139\/revisions"}],"predecessor-version":[{"id":19141,"href":"https:\/\/vpmedias.fr\/index.php?rest_route=\/wp\/v2\/posts\/19139\/revisions\/19141"}],"wp:attachment":[{"href":"https:\/\/vpmedias.fr\/index.php?rest_route=%2Fwp%2Fv2%2Fmedia&parent=19139"}],"wp:term":[{"taxonomy":"category","embeddable":true,"href":"https:\/\/vpmedias.fr\/index.php?rest_route=%2Fwp%2Fv2%2Fcategories&post=19139"},{"taxonomy":"post_tag","embeddable":true,"href":"https:\/\/vpmedias.fr\/index.php?rest_route=%2Fwp%2Fv2%2Ftags&post=19139"}],"curies":[{"name":"wp","href":"https:\/\/api.w.org\/{rel}","templated":true}]}}