{"id":19360,"date":"2014-10-21T12:39:44","date_gmt":"2014-10-21T11:39:44","guid":{"rendered":"http:\/\/vpmedias.fr\/?p=19360"},"modified":"2014-10-24T13:49:17","modified_gmt":"2014-10-24T12:49:17","slug":"linterview-agreable-de-julienlef-supergenial","status":"publish","type":"post","link":"https:\/\/vpmedias.fr\/?p=19360","title":{"rendered":"L&rsquo;Interview Agr\u00e9able de Julienlef | SuperGenial"},"content":{"rendered":"<p class=\"aligncenter\"><span style=\"color: #000000; font-family: andale mono,times; font-size: medium;\">Bienvenue dans un nouvel article sur VPM\u00e9dias: Un ou deux sucres ? Le principe est simple, nous allons revoir l\u2019actualit\u00e9 du moment avec un invit\u00e9. Pour ce premier num\u00e9ro, notre invit\u00e9 et l&rsquo;hyperactif SuperGenial.<\/span><\/p>\n<p><strong><span style=\"color: #000000; font-family: Calibri; font-size: medium;\">\u00a0Julienlef : <\/span><span style=\"color: #000000; font-family: Calibri; font-size: large;\">SuperGenial, comment vas-tu ?<\/span><\/strong><\/p>\n<p><span style=\"font-size: large;\">\u00a0Supergenial : <\/span><span style=\"color: #000000; font-family: Calibri; font-size: large;\">Je vais super g\u00e9nialement bien merci. Bon OK je connais la sortie enfin non pas d\u00e9j\u00e0 l&rsquo;interview vient de commencer mais j&rsquo;ai une toute petite question, les sucres, dans quoi ?<\/span><\/p>\n<p><strong><span style=\"font-size: large;\">\u00a0<\/span><span style=\"color: #000000; font-family: Calibri; font-size: large;\">Justement, tu es plut\u00f4t Th\u00e9 ou Caf\u00e9 ? (D\u00e9dicace \u00e0 Catherine Ceylac)<\/span><\/strong><\/p>\n<p><span style=\"font-size: large;\"><span style=\"color: #000000; font-family: Calibri;\">Pour les VPMiens qui ne le sauraient pas, je n&rsquo;ai que 11 ans donc je n&rsquo;ai pas gout\u00e9 le caf\u00e9 quant au th\u00e9, je n\u2019ai pas gout\u00e9 non plus comme y&rsquo;en a pas chez moi.<\/span><\/span><\/p>\n<p><strong>\u00a0<span style=\"font-size: large;\"><span style=\"color: #000000; font-family: Calibri;\">Alors \u00e7a sera un verre de Nesquik pour toi\u00a0<span style=\"font-family: Times;\">;-)\u00a0<\/span> <\/span><span style=\"color: #000000; font-family: Calibri;\">Rentrons dans le vif de l&rsquo;actualit\u00e9, penses-tu que l&rsquo;assembl\u00e9e va rassembler l&rsquo;ensemble des VPMiens ?<\/span><\/span><\/strong><\/p>\n<p><span style=\"font-size: large;\"><span style=\"color: #000000; font-family: Calibri;\">Excuse-moi mais je ne mange pas de nesquik, \u00e7a sera plut\u00f4t un m\u00e9lange de jus d&rsquo;orange et de pamplemousse avec de la limonade. B<\/span><span style=\"color: #000000; font-family: Calibri;\">ien alors entrons dans le vif du sujet comme tu dis, je pense que m\u00eame un Krusty n\u2019aimera pas le pr\u00e9sident m\u00eame si il trouve l&rsquo;assembl\u00e9e g\u00e9niale mais krusty, c&rsquo;est krusty. Sinon, je pense que le mandat de Mamix \u00e9tait relativement appr\u00e9ci\u00e9 par les joueurs \u00e9tant sur le forum mais je pense que du fait que cela va relancer le tribunal, en m\u00eame temps contente les rayvolutionnaires, tout cela devrait bien rassembler les VPMiens.<\/span><\/span><\/p>\n<p><strong>\u00a0<span style=\"color: #000000; font-family: Calibri; font-size: large;\">Tu penses donc qu&rsquo;en cr\u00e9ant une assembl\u00e9e \u00e0 quelques jours de la fin du mandat et en contentant les rayvolutionnaires, les rebelles pourront gagner les pr\u00e9sidentielles ?<\/span><\/strong><\/p>\n<p><span style=\"color: #000000; font-family: Calibri; font-size: large;\">Je pense que les rebelles avaient d\u00e9j\u00e0 un bon nombre de voix assur\u00e9es. Si les Rayvolutionnaires estiment ne pas avoir de candidat, il est possible que certains (voire tous), satisfaits par l&rsquo;assembl\u00e9e votent rebelle.<\/span><\/p>\n<p><strong><span style=\"font-size: large;\"><span style=\"color: #000000; font-family: Calibri;\">Nous reviendrons aux pr\u00e9sidentielles un peu plus tard. <\/span><span style=\"color: #000000; font-family: Calibri;\">Tu accueilles les nouveaux sur VPM, penses-tu qu&rsquo;il y a en assez ? Sont-ils assez bien int\u00e9gr\u00e9s ? La jeunesse est-elle un sujet conquit par les rebelles<\/span><\/span><\/strong><\/p>\n<p><span style=\"color: #000000; font-family: Calibri; font-size: large;\">Des nouveaux, y&rsquo;en a plein.<\/span><span style=\"font-size: large;\"><span style=\"color: #000000; font-family: Calibri;\">Contrairement \u00e0 ce que certains disent, la plupart des nouveaux que j&rsquo;ai rencontr\u00e9s ont fait au moins une campagne compl\u00e8te. Par contre la proportion qui est actif sur le forum est faible et celle qui reste sur le jeu au bout d&rsquo;un moment encore plus. Depuis le 01\/08\/14, je n&rsquo;ai d\u00fb connaitre maximum 5 (sur 60) nouveaux qui sont rest\u00e9s plus de 1 mois.\u00a0\u00a0\u00a0\u00a0\u00a0\u00a0\u00a0\u00a0\u00a0 <\/span><span style=\"color: #000000; font-family: Calibri;\">En revanche, en dehors de toi, moi, Krusty, jinwest et lensvolcanus, peu de monde accueillent les nouveaux comme il se devrait. Beaucoup viennent leur dire bienvenu mais peu &#8211; m\u00eame tr\u00e8s peu &#8211; les prennent en MP pour qu&rsquo;ils posent leurs questions.\u00a0\u00a0\u00a0\u00a0\u00a0\u00a0\u00a0\u00a0\u00a0\u00a0\u00a0\u00a0\u00a0\u00a0\u00a0\u00a0\u00a0\u00a0\u00a0\u00a0\u00a0\u00a0\u00a0\u00a0\u00a0\u00a0\u00a0\u00a0\u00a0\u00a0\u00a0\u00a0\u00a0\u00a0\u00a0\u00a0\u00a0\u00a0\u00a0\u00a0\u00a0\u00a0\u00a0\u00a0\u00a0\u00a0\u00a0\u00a0\u00a0\u00a0\u00a0\u00a0\u00a0\u00a0\u00a0\u00a0\u00a0\u00a0\u00a0\u00a0\u00a0\u00a0\u00a0\u00a0\u00a0\u00a0\u00a0\u00a0\u00a0\u00a0\u00a0\u00a0\u00a0\u00a0\u00a0\u00a0\u00a0\u00a0\u00a0\u00a0\u00a0\u00a0\u00a0\u00a0\u00a0\u00a0\u00a0\u00a0\u00a0\u00a0\u00a0\u00a0\u00a0\u00a0\u00a0\u00a0\u00a0\u00a0\u00a0\u00a0\u00a0\u00a0\u00a0\u00a0\u00a0\u00a0\u00a0\u00a0\u00a0\u00a0\u00a0\u00a0\u00a0\u00a0\u00a0\u00a0\u00a0\u00a0\u00a0\u00a0\u00a0\u00a0\u00a0\u00a0\u00a0\u00a0\u00a0\u00a0\u00a0\u00a0\u00a0\u00a0\u00a0\u00a0\u00a0\u00a0\u00a0\u00a0\u00a0\u00a0\u00a0\u00a0\u00a0\u00a0\u00a0\u00a0\u00a0\u00a0\u00a0\u00a0\u00a0\u00a0\u00a0\u00a0\u00a0\u00a0\u00a0\u00a0\u00a0\u00a0\u00a0\u00a0\u00a0\u00a0\u00a0\u00a0\u00a0\u00a0\u00a0\u00a0\u00a0\u00a0\u00a0\u00a0\u00a0\u00a0\u00a0\u00a0\u00a0\u00a0\u00a0\u00a0\u00a0\u00a0\u00a0\u00a0\u00a0\u00a0\u00a0\u00a0\u00a0 <\/span><span style=\"color: #000000; font-family: Calibri;\">Pour la derni\u00e8re question, je r\u00e9pondrais oui et non. Oui parce que ils viennent r\u00e9guli\u00e8rement sur les march\u00e9s ou le forum leur dire bienvenue et parce qu&rsquo;ils ont nomm\u00e9s les personnes de la situation (Lensvolcanus, timba ou moi auparavant) mais non parce que en grande majorit\u00e9, ils ne les prennent pas en MP pour qu&rsquo;ils puissent poser leurs questions.<\/span><\/span><\/p>\n<p><strong><span style=\"color: #000000; font-family: Calibri; font-size: large;\">Mais pour toi, \u00eatre rebelle c&rsquo;est quoi ? Quelle est la diff\u00e9rence avec les rayvolutionnaire ?<\/span><\/strong><\/p>\n<p><span style=\"color: #000000; font-family: Calibri; font-size: large;\">Un rebelle, c&rsquo;est un membre de l&rsquo;alliance rebelle (FR, gauchos, d\u00e9terministres, l&rsquo;avenir des jeunes solidaires, libres partisans de la libert\u00e9, la force rebelle, experts rebels). Un Rayvolutionnaire, c&rsquo;est une vision diff\u00e9rente de VPM, c&rsquo;est un courant, chercher courant sur WikiVPM si pas content.<\/span><\/p>\n<p><strong>\u00a0<span style=\"font-size: large;\"><span style=\"color: #000000; font-family: Calibri;\">La r\u00e9bellion est donc une alliance strat\u00e9gique entre partis et la rayvolution, une id\u00e9ologie. <\/span><span style=\"color: #000000; font-family: Calibri;\">C\u00f4t\u00e9 campagne, que penses-tu de flop, de la \u00ab\u00a0chute\u00a0\u00bb du PFE et tout le reste ?<\/span><\/span><\/strong><\/p>\n<p><span style=\"color: #000000; font-family: Calibri; font-size: large;\">En ce qui concerne flop et le parti for ever, il n&rsquo;a ni tort ni raison. Il a raison dans le sens ou le parti for ever chute ces derniers temps mais il a tort sur le point ou ce n&rsquo;est pas \u00e0 cause de lui que le parti for ever se casse la figure.<\/span><\/p>\n<p><strong>\u00a0<span style=\"font-size: large;\"><span style=\"color: #000000; font-family: Calibri;\">Il remet en cause la strat\u00e9gie du parti. <\/span><span style=\"color: #000000; font-family: Calibri;\">As-tu une strat\u00e9gie en campagne, des habitudes ? Comment ton parti s&rsquo;organise ? Comment se passe ta campagne ?<\/span><\/span><\/strong><\/p>\n<p><span style=\"color: #000000; font-family: Calibri; font-size: large;\">Franchement, je ne suis pas excellent en campagne. Je corromps essentiellement les joueurs en t\u00eate ou qui me rattrapent mais quasiment jamais les joueurs ayant un faible score sauf pour prendre le leader pour moi. J&rsquo;affiche pas mal \u00e9galement. Mon parti n&rsquo;a pas r\u00e9ellement d&rsquo;organisation puisque je suis en train de recruter des tous nouveaux joueurs donc on va mettre au point une strat\u00e9gie progressivement.<\/span><\/p>\n<p><strong><span style=\"color: #000000; font-family: Calibri; font-size: large;\">Tu n&rsquo;es donc pas trop en campagne. Tu recrutes, plusieurs partis recrutent. Tu penses qu&rsquo;il y a plus de partis qui recrutent ou plus de partis qui cherchent des partis ?<\/span><\/strong><\/p>\n<p><span style=\"color: #000000; font-family: Calibri; font-size: large;\">Franchement, je n&rsquo;ai pas trop d&rsquo;id\u00e9es. A mon avis, plus de partis recrutent que de joueurs cherchent \u00e0 \u00eatre recrut\u00e9s.<\/span><\/p>\n<p><strong>\u00a0<span style=\"color: #000000; font-family: Calibri; font-size: large;\">Penses-tu qu&rsquo;il faut plus de joueurs sur VPM ? Comment promouvoir le jeu ? Les rebelles ont organis\u00e9 une animation pour promouvoir le jeu, c&rsquo;est un flop ?<\/span><\/strong><\/p>\n<p><span style=\"color: #000000; font-family: Calibri; font-size: large;\">Oui, il faut plus de joueurs QUI RESTENT sur VPM, voil\u00e0 le vrai probl\u00e8me. Je ne vois pas de quelle anim tu parles ?<\/span><\/p>\n<p><strong><span style=\"color: #000000; font-family: Calibri; font-size: large;\">L&rsquo;animation de shanadream, si tu n&rsquo;en as pas entendu parler, \u00e7a veut tout dire<\/span><\/strong><\/p>\n<p><span style=\"color: #000000; font-family: Calibri; font-size: large;\">Ah ben \u00e7a marche tellement pas que je m&rsquo;en suis m\u00eame pas aper\u00e7u!<\/span><\/p>\n<p><strong><span style=\"font-size: large;\"><span style=\"color: #000000; font-family: Calibri;\">Un \u00e9chec rebelle. <\/span><span style=\"color: #000000; font-family: Calibri;\">Quelles ont-\u00e9t\u00e9 les point forts et les points faibles du mandat ?<\/span><\/span><\/strong><\/p>\n<p><span style=\"font-size: large;\"><span style=\"color: #000000; font-family: Calibri;\">Points forts: forum anim\u00e9, nouveaux accueillis, projets mis en applications, bien g\u00e9r\u00e9 d\u00fb \u00e0 la r\u00e9forme des enveloppes que je trouve d\u00e9bile. <\/span><span style=\"color: #000000; font-family: Calibri;\">Points faibles: absence non pr\u00e9venue du pr\u00e9sident \u00e0 un moment, de certains ministres dont nous ne citerons pas le nom pour leur respect, copinage pour les enveloppes, m\u00eame si il avait peu de temps, il aurait pu les donner \u00e0 quelqu&rsquo;un d&rsquo;autre.<\/span><\/span><\/p>\n<p><strong>\u00a0<span style=\"font-size: large;\"><span style=\"color: #000000; font-family: Calibri;\">Absences de certains jusqu&rsquo;\u00e0 ce jour&#8230; <\/span><span style=\"color: #000000; font-family: Calibri;\">Revenons aux pr\u00e9sis qui sont imminentes. <\/span><span style=\"color: #000000; font-family: Calibri;\">Comment tu les vois ? Quelles seront les enjeux et les sujets qui feront l&rsquo;\u00e9lection ?<\/span><\/span><\/strong><\/p>\n<p><span style=\"font-size: large;\"><span style=\"color: #000000; font-family: Calibri;\">Je les voies&#8230; je ne sais pas trop parce que si ce p\u2019tit d&rsquo;admin pense que les enveloppes \u00e0 distribuer en 15 jours, c&rsquo;est une bonne id\u00e9e, alors c&rsquo;est mal barr\u00e9. <\/span><span style=\"color: #000000; font-family: Calibri;\">Les nouveaux risquent de bien faire d\u00e9bat ainsi que les anims mais malheureusement moins les m\u00e9dias. On commence \u00e0 avoir des id\u00e9es s\u00e9rieuses des candidats donc voil\u00e0.<\/span><\/span><\/p>\n<p><strong><span style=\"font-size: large;\"><span style=\"color: #000000; font-family: Calibri;\">A la fin de l&rsquo;\u00e9mission, je devais poser \u00e0 l&rsquo;invit\u00e9 une question pol\u00e9mique:\u00a0met-il un ou deux sucres dans son th\u00e9\/caf\u00e9 ?\u00a0<\/span><span style=\"color: #000000; font-family: Calibri;\">A la place, tu veux un ou deux carambars ?<\/span><\/span><\/strong><\/p>\n<p><span style=\"color: #000000; font-family: Calibri; font-size: large;\">Je n\u2019aime pas les carambars d&rsquo;ailleurs j&rsquo;aime aucun bonbon.<\/span><\/p>\n<p><strong>\u00a0<span style=\"color: #000000; font-family: Calibri; font-size: large;\">D\u00e9cid\u00e9ment, ils sont compliqu\u00e9s les rebelles ;)<\/span><\/strong><\/p>\n<p>&nbsp;<\/p>\n<p><span style=\"font-size: medium;\">On se retrouve tr\u00e8s bient\u00f4t au Salon de th\u00e9 de VPM\u00e9dias avec un nouvel invit\u00e9.<\/span><\/p>\n<p>[auteur]<\/p>\n","protected":false},"excerpt":{"rendered":"<p>On se retrouve au Salon de Th\u00e9 de VPM\u00e9dias pour commenter l&rsquo;actualit\u00e9 avec notre invit\u00e9.<\/p>\n","protected":false},"author":95,"featured_media":0,"comment_status":"open","ping_status":"open","sticky":false,"template":"","format":"standard","meta":{"site-container-style":"default","site-container-layout":"default","site-sidebar-layout":"default","disable-article-header":"default","disable-site-header":"default","disable-site-footer":"default","disable-content-area-spacing":"default","footnotes":""},"categories":[4],"tags":[34],"class_list":["post-19360","post","type-post","status-publish","format-standard","hentry","category-2-vpmc","tag-interview"],"_links":{"self":[{"href":"https:\/\/vpmedias.fr\/index.php?rest_route=\/wp\/v2\/posts\/19360","targetHints":{"allow":["GET"]}}],"collection":[{"href":"https:\/\/vpmedias.fr\/index.php?rest_route=\/wp\/v2\/posts"}],"about":[{"href":"https:\/\/vpmedias.fr\/index.php?rest_route=\/wp\/v2\/types\/post"}],"author":[{"embeddable":true,"href":"https:\/\/vpmedias.fr\/index.php?rest_route=\/wp\/v2\/users\/95"}],"replies":[{"embeddable":true,"href":"https:\/\/vpmedias.fr\/index.php?rest_route=%2Fwp%2Fv2%2Fcomments&post=19360"}],"version-history":[{"count":9,"href":"https:\/\/vpmedias.fr\/index.php?rest_route=\/wp\/v2\/posts\/19360\/revisions"}],"predecessor-version":[{"id":19366,"href":"https:\/\/vpmedias.fr\/index.php?rest_route=\/wp\/v2\/posts\/19360\/revisions\/19366"}],"wp:attachment":[{"href":"https:\/\/vpmedias.fr\/index.php?rest_route=%2Fwp%2Fv2%2Fmedia&parent=19360"}],"wp:term":[{"taxonomy":"category","embeddable":true,"href":"https:\/\/vpmedias.fr\/index.php?rest_route=%2Fwp%2Fv2%2Fcategories&post=19360"},{"taxonomy":"post_tag","embeddable":true,"href":"https:\/\/vpmedias.fr\/index.php?rest_route=%2Fwp%2Fv2%2Ftags&post=19360"}],"curies":[{"name":"wp","href":"https:\/\/api.w.org\/{rel}","templated":true}]}}