{"id":19406,"date":"2014-10-23T19:12:15","date_gmt":"2014-10-23T18:12:15","guid":{"rendered":"http:\/\/vpmedias.fr\/?p=19406"},"modified":"2014-10-23T20:52:22","modified_gmt":"2014-10-23T19:52:22","slug":"faites-nous-marches-7","status":"publish","type":"post","link":"https:\/\/vpmedias.fr\/?p=19406","title":{"rendered":"Faites-nous march\u00e9s ! #7"},"content":{"rendered":"<p>On est reparti pour un nouveau petit tour des march\u00e9s locaux de VPM. Aujourd&rsquo;hui on passe par Caen ou encore Reims. Bonne lecture \u00e0 tous.<\/p>\n<p style=\"text-align: center;\"><span style=\"font-size: large;\"><strong>Caen<\/strong><\/span><\/p>\n<blockquote>\n<p style=\"text-align: left;\">De <b>flop<\/b> le 13\/10 \u00e0 21:39<br \/>\nBonne campagne \u00e0 tous!<\/p>\n<p style=\"text-align: left;\">De <b>dralnu<\/b> le 21\/10 \u00e0 20:00<br \/>\nBonsoir,<\/p>\n<p>Si la personne qui vient de corrompre mon leader pouvait me dire \u00e0 combien s&rsquo;\u00e9l\u00e8vent mes d\u00e9penses pour cette campagne, histoire de me faire une id\u00e9e.<br \/>\nQue \u00e7a serve \u00e0 quelque chose au moins ^^<\/p>\n<p style=\"text-align: left;\">De <b>emor<\/b> le 21\/10 \u00e0 20:01<br \/>\nJ&rsquo;aimerai bien te le dire^^<\/p>\n<p style=\"text-align: left;\">De <b>gaetanloriaux<\/b> le 21\/10 \u00e0 20:04<br \/>\nPareil j aimerai bien le savoir ^^<\/p>\n<p style=\"text-align: left;\">De <b>dralnu<\/b> le 21\/10 \u00e0 20:04<br \/>\nEh bien te g\u00eane pas, de toute fa\u00e7on je savais bien que c&rsquo;\u00e9tait toi ;)<\/p>\n<p style=\"text-align: left;\">De <b>warnock<\/b> le 21\/10 \u00e0 20:07<br \/>\nDemain \u00e7a va sortir pour le compte en suisse :p<\/p>\n<p style=\"text-align: left;\">De <b>gaetanloriaux<\/b> le 21\/10 \u00e0 20:07<br \/>\nAh non &#8230; je pense pas la &#8230;. envoi moi le pr\u00e9fet va s&rsquo;y<\/p>\n<p style=\"text-align: left;\">De <b>warnock<\/b> le 21\/10 \u00e0 20:08<br \/>\nje parlais pas de toi ^^mais de dralnu<\/p>\n<p style=\"text-align: left;\">De <b>dralnu<\/b> le 21\/10 \u00e0 20:09<br \/>\nJe parlais d&rsquo;Emor pour la corruption ^^<br \/>\nGaetan je sais que tu ne me corromps pas ;)<\/p>\n<p style=\"text-align: left;\">De <b>gaetanloriaux<\/b> le 21\/10 \u00e0 20:09<br \/>\nMiam Miam tu aime ton compte en suisse dralnu&rsquo;? PPerso je voit pas l int\u00e9r\u00eat \u00e0 te corrompte j&rsquo;ai rien \u00e0 gagn\u00e9<\/p>\n<p style=\"text-align: left;\">De <b>dralnu<\/b> le 21\/10 \u00e0 20:11<br \/>\nFaut pas \u00e9couter les fausses rumeurs comme \u00e7a ^^<br \/>\nSurtout qu&rsquo;\u00e0 2 jours de la fin \u00e7a sert \u00e0 rien lol.<\/p>\n<p style=\"text-align: left;\">De <b>gaetanloriaux<\/b> le 21\/10 \u00e0 20:12<br \/>\nTu a combien sur ton compte en suisse dralnu ?<\/p>\n<p style=\"text-align: left;\">De <b>dralnu<\/b> le 21\/10 \u00e0 20:13<br \/>\nSi tu m&rsquo;avais corrompu tu saurais que je garde tout mes plakass sur moi :p<\/p>\n<p style=\"text-align: left;\">De <b>gaetanloriaux<\/b> le 21\/10 \u00e0 20:13<br \/>\nJe suis lady starlette \u00e0 un compte aussi ! attaqu\u00e9 la aussi<\/p>\n<p style=\"text-align: left;\">De <b>gaetanloriaux<\/b> le 21\/10 \u00e0 20:14<br \/>\n^^<\/p>\n<p style=\"text-align: left;\">De <b>dralnu<\/b> le 21\/10 \u00e0 20:16<br \/>\nTouchez pas \u00e0 ma lady, non mais ! ^^<\/p>\n<p style=\"text-align: left;\">De <b>ladystarla<\/b> le 21\/10 \u00e0 20:16<br \/>\nVous pouvez essayer je m&rsquo;en fous ^^<\/p>\n<p style=\"text-align: left;\">De <b>gaetanloriaux<\/b> le 21\/10 \u00e0 20:18<br \/>\nDralnu t&rsquo;inqui\u00e8te pas on n&rsquo;est pas m\u00e9chant on va pas te faire du mal !!! ^^<\/p>\n<p style=\"text-align: left;\">De <b>beuillot<\/b> le 21\/10 \u00e0 20:21<br \/>\n<img decoding=\"async\" alt=\"\" src=\"http:\/\/www.votezpourmoi.com\/images\/smileys\/smile1.gif\" \/>j&rsquo;adore ! les roi de la corruption se plaigne d&rsquo;etre corrompue trop fort!<br \/>\nmoi, \u00e7a fait des jours que je n&rsquo;est plus le contr\u00f4le de mon leader<\/p>\n<p style=\"text-align: left;\">De <b>dralnu<\/b> le 21\/10 \u00e0 20:22<br \/>\nJ&rsquo;ai compt\u00e9 et je me suis pris au moins 8 enqu\u00eates du pr\u00e9fet durant cette campagne, alors si y&rsquo;a un roi de la corruption je crois pas que ce soit moi ;)<\/p>\n<p style=\"text-align: left;\">De <b>ladystarla<\/b> le 21\/10 \u00e0 20:23<br \/>\nJe me plains pas et je me sens pas vis\u00e9e ^^<\/p>\n<p style=\"text-align: left;\">De <b>beuillot<\/b> le 21\/10 \u00e0 20:24<br \/>\n<img decoding=\"async\" alt=\"\" src=\"http:\/\/www.votezpourmoi.com\/images\/smileys\/smile1.gif\" \/>si tu te fait prendre, c&rsquo;est que tu n&rsquo;est pas si innocent que \u00e7a!lol!<\/p>\n<p style=\"text-align: left;\">De <b>gaetanloriaux<\/b> le 21\/10 \u00e0 20:24<br \/>\nDralnu t&rsquo;est m\u00e9chant on va se veng\u00e9 peut \u00eatre dans 48 heures ^^<\/p>\n<p style=\"text-align: left;\">De <b>dralnu<\/b> le 21\/10 \u00e0 20:26<br \/>\nOn peut avoir des infos sans pour autant se salir les mains ;)<\/p>\n<p style=\"text-align: left;\">De <b>dralnu<\/b> le 21\/10 \u00e0 20:35<br \/>\nEt pour mes d\u00e9penses alors s\u00e9rieusement, personne pour me le dire ?<\/p>\n<p style=\"text-align: left;\">De <b>gaetanloriaux<\/b> le 21\/10 \u00e0 20:36<br \/>\nPerso je sais pas et vous<\/p>\n<p style=\"text-align: left;\">De <b>dralnu<\/b> le 21\/10 \u00e0 20:37<br \/>\nKloden, warnock et emor le savent eux ^^<br \/>\nVous m&rsquo;avez pris 2 leaders, vous me devez bien \u00e7a :p<\/p>\n<p style=\"text-align: left;\">De <b>gaetanloriaux<\/b> le 22\/10 \u00e0 11:20<br \/>\nBonne fin de campagne \u00e0 tout le monde ,<\/p>\n<p style=\"text-align: left;\">De <b>gaetanloriaux<\/b> le 23\/10 \u00e0 00:27<br \/>\nVot\u00e9 emor<\/p>\n<\/blockquote>\n<p style=\"text-align: left;\">A Caen, c&rsquo;est anim\u00e9 ! On parle corruption et&#8230; corruption.\u00a0 Je ne sais pas si la corruption est r\u00e9ellement aussi active que dans ce march\u00e9 mais si c&rsquo;est tellement le cas, \u00e7a doit \u00eatre amusant ;)<\/p>\n<hr \/>\n<p style=\"text-align: center;\"><span style=\"font-size: large;\"><strong>Nancy<\/strong><\/span><\/p>\n<blockquote>\n<p style=\"text-align: left;\">De <b>bruuuce<\/b> le 16\/10 \u00e0 13:45<br \/>\nSalut les gens ! Bienvenue chez moi :)<\/p>\n<p style=\"text-align: left;\">De <b>nicoleger<\/b> le 16\/10 \u00e0 15:11<br \/>\nHahahahahaha<\/p>\n<p style=\"text-align: left;\">De <b>moonfiveteen<\/b> le 19\/10 \u00e0 09:02<br \/>\nSalut, allez fait tes valises bruuuuce<\/p>\n<p style=\"text-align: left;\">De <b>nicoleger<\/b> le 21\/10 \u00e0 17:07<br \/>\nL&rsquo;espoir fait vivre ! :)<\/p>\n<\/blockquote>\n<p style=\"text-align: left;\">Merci \u00e0 Nicoleger de ne pas nous d\u00e9couragez face \u00e0 Bruuuce, avec 42.4% !<\/p>\n<hr \/>\n<p style=\"text-align: center;\"><span style=\"font-size: large;\"><strong>Nice<\/strong><\/span><\/p>\n<blockquote>\n<p style=\"text-align: left;\">De <b>padricus<\/b> le 12\/10 \u00e0 00:47<br \/>\nSalut a tous et toutes<\/p>\n<p style=\"text-align: left;\">De <b>kmelia<\/b> le 12\/10 \u00e0 06:54<br \/>\nsalut bonne campagne \u00e0 tous :)<\/p>\n<p style=\"text-align: left;\">De <b>juillet<\/b> le 14\/10 \u00e0 09:46<br \/>\n<img decoding=\"async\" alt=\"\" src=\"http:\/\/www.votezpourmoi.com\/images\/smileys\/smile14.gif\" \/>Salut la compagnie,<\/p>\n<p>Faut pas croire ce qu&rsquo;a \u00e9crit ce \u00ab\u00a0merdeux\u00a0\u00bb de journaliste dans le journal du jour &#8230;<br \/>\nC&rsquo;est un vendu aux forces du mal ;)!<\/p>\n<p style=\"text-align: left;\">De <b>padricus<\/b> le 15\/10 \u00e0 21:15<br \/>\nlol<\/p>\n<p style=\"text-align: left;\">De <b>padricus<\/b> le 21\/10 \u00e0 00:43<br \/>\nje cherche des alli\u00e9es si jamais<\/p>\n<\/blockquote>\n<p style=\"text-align: left;\">Ah, nous avons par ici une \u00e9loge du journaliste et du journal de VPM. Vive les M\u00e9dias !<\/p>\n<hr \/>\n<p style=\"text-align: center;\"><span style=\"font-size: large;\"><strong>Reims<\/strong><\/span><\/p>\n<blockquote>\n<p style=\"text-align: left;\">De <b>magcha<\/b> le 23\/10 \u00e0 13:54<br \/>\nJe suis juste de passage pendant le pr\u00e9 campagne,pour preuves aucuns meetings ne sera programm\u00e9s,ni aucunes affiches coll\u00e9es&#8230;<br \/>\nDonc si vous pouvez \u00e9viter la corruption sur mes leaders \u00e7a serait sympa.<br \/>\nBonne campagne a tous :)<\/p>\n<\/blockquote>\n<p style=\"text-align: left;\">Merci de nous informer de votre petit passage ;)<\/p>\n<hr \/>\n<p style=\"text-align: center;\"><span style=\"font-size: large;\"><strong>Paris<\/strong><\/span><\/p>\n<blockquote>\n<p style=\"text-align: left;\">De <b>dens<\/b> le 12\/10 \u00e0 16:12<br \/>\nC&rsquo;est reparti pour un tour !<\/p>\n<p>J&rsquo;esp\u00e8re que cette campagne nous triturera les m\u00e9ninges, nous obligera \u00e0 jouer finement, nous reservera des surprises !<\/p>\n<p>Parce que c&rsquo;est \u00e7a, Paris !<\/p>\n<p>Enchant\u00e9 de te recroiser, sinc\u00e8rement, Renzo&rsquo;, et bonne campagne \u00e0 tous ;-)<\/p>\n<p style=\"text-align: left;\">De <b>sanghamaya<\/b> le 12\/10 \u00e0 16:13<br \/>\nBonne campagne \u00e0 toutes et \u00e0 tous !<\/p>\n<p>Et que le meilleur (moi ? Euh&#8230;) gagne !!<\/p>\n<p style=\"text-align: left;\">De <b>adriop<\/b> le 12\/10 \u00e0 16:25<br \/>\nHello la compagnie !<\/p>\n<p>On veut tous la m\u00eame chose Dens ;)<br \/>\nM\u00eame si j&rsquo;esp\u00e8re que la surprise sera plut\u00f4t bonne pour moi lors du d\u00e9nouement final ;)<\/p>\n<p>Bonne campagne \u00e0 tous !<\/p>\n<p style=\"text-align: left;\">De <b>talisman<\/b> le 12\/10 \u00e0 20:38<br \/>\nC&rsquo;est pas juste de faire commencer Paris un samedi soir :(<\/p>\n<p>Bonne campagne les zouzous !<\/p>\n<p style=\"text-align: left;\">De <b>sanghamaya<\/b> le 12\/10 \u00e0 21:42<br \/>\n<img decoding=\"async\" alt=\"\" src=\"http:\/\/www.votezpourmoi.com\/images\/smileys\/smile1.gif\" \/><br \/>\nMeeting \u00e0 : Place du march\u00e9<br \/>\nDate : Le 12\/10 entre 21h et 23h<br \/>\nTh\u00e8me : Humour<br \/>\nConf\u00e9rencier : Severino rura<br \/>\nSeverino rura \u00e9tait corrompu(e)<\/p>\n<p>Y en a qui ont des plakass \u00e0 perdre&#8230; d\u00e8s la pr\u00e9-campagne, lol<\/p>\n<p>\u00e7a aurait \u00e9t\u00e9 un zenith, je dis pas. Mais une place de march\u00e9 en d\u00e9but de pr\u00e9-campagne, m\u00eame \u00e0 Paris, strat\u00e9giquement, c&rsquo;est pas \u00ab\u00a0top\u00a0\u00bb.<\/p>\n<p>M&rsquo;enfin, si \u00e7a amuse quelqu&rsquo;un, c&rsquo;est d\u00e9j\u00e0 \u00e7a^^<\/p>\n<p style=\"text-align: left;\">De <b>renzoken<\/b> le 13\/10 \u00e0 02:02<br \/>\nRebonjour pour un tour. Je me suis fais tordre un bras donc je reviens a Paris. On se la joue cool les gens? Dens, je te garde a l oeil :p vilain coquin :)<\/p>\n<p style=\"text-align: left;\">De <b>momix<\/b> le 13\/10 \u00e0 09:36<br \/>\nsalutation presidentiel je vous invite tous au palais pour l&rsquo;ap\u00e9ro de pres campagne ^^ !!<\/p>\n<p>houraaaa vive mamix !! :D<\/p>\n<p style=\"text-align: left;\">De <b>dens<\/b> le 13\/10 \u00e0 10:00<br \/>\nRenzo&rsquo;, je ne saurais trop te conseiller de ne pas forc\u00e9ment programmer une salle all\u00e9cheante avec un leader faiblard entre deux tours ;-)<\/p>\n<p>Momix, tu sais qu&rsquo;irl, je vis en Tunisie ?<br \/>\nTu sais ce qu&rsquo;on fait des pr\u00e9sidents dictateurs, ici ?!<\/p>\n<p style=\"text-align: left;\">De <b>momix<\/b> le 13\/10 \u00e0 10:26<br \/>\noui je sais ( bonne r\u00e9ponse )<br \/>\non le remplace par des barbues ( bonne r\u00e9ponse )<\/p>\n<p>20\/20 je suis content :p !!<\/p>\n<p style=\"text-align: left;\">De <b>paquito<\/b> le 13\/10 \u00e0 13:43<br \/>\n<img decoding=\"async\" alt=\"\" src=\"http:\/\/www.votezpourmoi.com\/images\/smileys\/smile16.gif\" \/>Hola amigos,<\/p>\n<p>La Tunisie ?<br \/>\nC&rsquo;est pas le pays o\u00f9 une ancienne Ministre de la D\u00e9fense (la seule femme qui ait occup\u00e9 cette fonction d&rsquo;ailleurs) et son cher compagnon (d\u00e9put\u00e9 lui-m\u00eame) avait l&rsquo;habitude de se faire payer des vacances de luxe gratos par un dictateur d\u00e9chu depuis ? ;)<\/p>\n<p>Sinon, aujourd&rsquo;hui dans le calendrier des \u00ab\u00a0Saints\u00a0\u00bb, on c\u00e9l\u00e8bre les \u00ab\u00a0G\u00e9raud\u00a0\u00bb. Pas les \u00ab\u00a0G\u00e9rard\u00a0\u00bb mais bien les \u00ab\u00a0G\u00e9raud\u00a0\u00bb &#8230;<br \/>\nPerso, les \u00ab\u00a0saints\u00a0\u00bb ne m&rsquo;int\u00e9ressent pas. Foi de m\u00e9cr\u00e9ant, je pr\u00e9f\u00e8re largement les \u00ab\u00a0seins\u00a0\u00bb et notamment pour les \u00ab\u00a0seins qui prient la Madonne\u00a0\u00bb. Mais bon, \u00e7a, c&rsquo;est une autre histoire.<br \/>\nVu que je suis curieux, je suis all\u00e9 voir qui \u00e9tait ce G\u00e9raud : c&rsquo;est un type qui fut \u00ab\u00a0comte d&rsquo;Aurillac\u00a0\u00bb et qui pr\u00e9f\u00e9ra transformer son ch\u00e2teau en Abbaye (r\u00e9sum\u00e9 rapide). Il devint donc cur\u00e9 par vocation.<br \/>\nSi j&rsquo;avais l&rsquo;esprit tordu, je dirais que ce type pr\u00e9f\u00e9rais sans doute les petits gar\u00e7ons aux dames qui ont \u00ab\u00a0les seins qui prient la Madonne\u00a0\u00bb.<\/p>\n<p>Je crois bien que j&rsquo;ai l&rsquo;esprit tordu &#8230; ;)<\/p>\n<p>Une petite blagounette du lundi :<br \/>\nVous connaissez l&rsquo;histoire des deux cur\u00e9s qui prennent leur douche ensemble ?<\/p>\n<p style=\"text-align: left;\">De <b>dens<\/b> le 13\/10 \u00e0 15:34<br \/>\n\u00ab\u00a0T&rsquo;as grossi de la b*te, non ?\u00a0\u00bb<\/p>\n<p>\u00ab\u00a0Ah bon ? Tu trouves ? Bah non, je rentre toujours dans du douze ans !\u00a0\u00bb<\/p>\n<p>D\u00e9sol\u00e9, Juillet m&rsquo;a forc\u00e9 !<\/p>\n<p>Dans le m\u00eame genre, y a le point commun entre les \u00e9pinards et la sodomie ?<br \/>\nM\u00eame avec beurre, les enfants n&rsquo;aiment pas !<\/p>\n<p>Pour en revenir \u00e0 G\u00e9raud, sachez que c&rsquo;est un pr\u00e9nom plus donn\u00e9 en Auvergne qu&rsquo;ailleurs, ceci (l&rsquo;histoire du jour de Juillet, avant que \u00e7a ne d\u00e9rape) expliquand sans doute cela !<\/p>\n<p>Perso&rsquo;, de G\u00e9raud, j&rsquo;en connais un, que je croise depuis plus de vingt cinq ans, et il envoie du lourd de chez :<br \/>\n<iframe loading=\"lazy\" title=\"Marie Publique (G\u00e9raud Bastar &amp; Lux Bas-Fonds)\" width=\"500\" height=\"281\" src=\"https:\/\/www.youtube.com\/embed\/dX7n4S6cEAo?feature=oembed\" frameborder=\"0\" allow=\"accelerometer; autoplay; clipboard-write; encrypted-media; gyroscope; picture-in-picture; web-share\" referrerpolicy=\"strict-origin-when-cross-origin\" allowfullscreen><\/iframe><\/p>\n<p style=\"text-align: left;\">De <b>dens<\/b> le 13\/10 \u00e0 22:10<br \/>\n<img decoding=\"async\" alt=\"\" src=\"http:\/\/www.votezpourmoi.com\/images\/smileys\/smile4.gif\" \/>Rh\u00e2 mais fl\u00fbte de chez fl\u00fbte, vous devez pas comprendre !^^<\/p>\n<p>Je nous croyais sur la mess&rsquo; des Joyeux !^^<\/p>\n<p style=\"text-align: left;\">De <b>sanghamaya<\/b> le 13\/10 \u00e0 22:12<br \/>\nJ&rsquo;me disais aussi&#8230; On est pas en juillet, on est en octobre, PTDR !<\/p>\n<p>(bon ok, je sors&#8230;)<\/p>\n<p style=\"text-align: left;\">De <b>dens<\/b> le 13\/10 \u00e0 22:14<br \/>\n<img decoding=\"async\" alt=\"\" src=\"http:\/\/www.votezpourmoi.com\/images\/smileys\/smile1.gif\" \/>Non, mais c&rsquo;est vrai qu&rsquo;ici, je me serais pas permis !^^<\/p>\n<p style=\"text-align: left;\">De <b>dens<\/b> le 15\/10 \u00e0 08:17<br \/>\n\u00d4h ! Mes lead&rsquo;s sont taquin\u00e9s, dites-donc !<\/p>\n<p>Bon, je pr\u00e9viens tout le monde, comme \u00e7a vous serez pr\u00e9venus, le pr\u00eafet est \u00e0 mon service :)<\/p>\n<p>A ma place, vous feriez une enqu\u00eate sur qui ? Qui qu&rsquo;a pas fait mouche, ce matin ?!<\/p>\n<p>Moi j&rsquo;ai ma petite id\u00e9e ;-)<\/p>\n<p style=\"text-align: left;\">De <b>sofadj<\/b> le 16\/10 \u00e0 11:26<br \/>\ncomme ca fait longtemps je me fait plaisir ^^<\/p>\n<p>-Comment se faire beaucoup d&rsquo;argent ?<\/p>\n<p>Acheter un parisien pour ce qu&rsquo;il vaut et le revendre pour ce qu&rsquo;il croit valoir ^^<\/p>\n<p>-Pourquoi les parisiens ont-ils le dos qui pue ?<\/p>\n<p>C&rsquo;est \u00e0 force de p\u00e9ter plus haut que leur cul ^^<\/p>\n<p>-Combien faut-il de parisiens pour d\u00e9visser une ampoule ?<\/p>\n<p>Un seul, pour tenir l&rsquo;ampoule : il croit que le monde tourne autour de lui ^^<\/p>\n<p>-Quelle est la diff\u00e9rence entre Dieu et un parisien ?<\/p>\n<p>Dieu ne se prend pas pour un parisien &#8230;^^<\/p>\n<p>-Pourquoi les parisiennes ont-elles de gros t\u00e9tons et de petits seins ?<\/p>\n<p>Parce que les parisiens ont de grandes gueules et des petites mains ^^<\/p>\n<p style=\"text-align: left;\">De <b>lauue<\/b> le 16\/10 \u00e0 13:55<br \/>\nMDRRR !<\/p>\n<p style=\"text-align: left;\">De <b>paquito<\/b> le 21\/10 \u00e0 17:50<br \/>\n<img decoding=\"async\" alt=\"\" src=\"http:\/\/www.votezpourmoi.com\/images\/smileys\/smile16.gif\" \/>Hola amigos,<\/p>\n<p>Ahhhh Paris !<br \/>\nLa Tour Eiffel, le mus\u00e9e du Louvre et celui d&rsquo;Orsay (mon pr\u00e9f\u00e9r\u00e9), Montmartre et pas tr\u00e8s loin vers le bas Pigalle, le Moulin Rouge (pour les touristes) et le French Cancans (pour les touristes &#8230; libidineux), les Champs Elys\u00e9es et la grande braderie des commerces en tous genres, les clubs sportifs en tout genre et le PSG &#8230; Perso, je suis plus \u00ab\u00a0rugby\u00a0\u00bb que \u00ab\u00a0foot\u00a0\u00bb.<\/p>\n<p>A ce propos, peut-\u00eatre qu&rsquo;il y a des supporters de foot et du PSG ici ?<\/p>\n<p>Dans ce cas, une petite tripot\u00e9e de blagounettes sympatoches :<\/p>\n<p>Savez vous qu&rsquo;on va rebaptiser le parc des princes ???<br \/>\nIl s&rsquo;appellera d\u00e9sormais le stade Victor Hugo ! parce qu&rsquo;on y joue les Mis\u00e9rables tous les 15 jours<\/p>\n<p>Que faudrait-il pour que les parisiens mouillent le maillot ?<br \/>\n\u00ab\u00a0Qu&rsquo;il pleuve !\u00a0\u00bb<\/p>\n<p>Quelle est la diff\u00e9rence entre un supporter parisien intelligent et un extra-terrestre?<br \/>\nil y en a pas, on en a tous entendu parl\u00e9 mais on n&rsquo;en a jamais vu !<\/p>\n<p>Ma pr\u00e9f\u00e9r\u00e9e est la derni\u00e8re. Elle fait directement r\u00e9f\u00e9rence \u00e0 la politique.<br \/>\nSi, si, je vous promets &#8230; Un ex pr\u00e9sident de la r\u00e9publique fran\u00e7aise est un grand supporter du PSG bien que lui-m\u00eame soit de petite taille ;)<\/p>\n<p style=\"text-align: left;\">De <b>renzoken<\/b> le 22\/10 \u00e0 00:05<br \/>\nIl est FOU :P<\/p>\n<p>Bonnes blagues! mais ceux sur les Belges sont mieux :P<\/p>\n<p style=\"text-align: left;\">De <b>paquito<\/b> le 23\/10 \u00e0 15:00<br \/>\n<img decoding=\"async\" alt=\"\" src=\"http:\/\/www.votezpourmoi.com\/images\/smileys\/smile16.gif\" \/>Hola amigos,<\/p>\n<p>aujourd&rsquo;hui 23 octobre, dans le calendrier des \u00ab\u00a0Saints\u00a0\u00bb on c\u00e9l\u00e8bre Saint-Jean de Capristran.<\/p>\n<p>Un des 8 \u00ab\u00a0Saint-Jean\u00a0\u00bb f\u00eat\u00e9 dans l&rsquo;ann\u00e9e, ce qui fait des \u00ab\u00a0Jean\u00a0\u00bb les champions toute cat\u00e9gorie des pr\u00e9noms tendance chez les cathos !<br \/>\nLe Jean de Capristan en question \u00e9tait un sp\u00e9cialiste de la chose militaire et il a \u00e9t\u00e9 canonis\u00e9 en 1690 &#8230; Normal donc que quelques si\u00e8cles plus tard, en 1984, un autre Jean (un pape polonais qui s&rsquo;appellait un peu Paul aussi) nomme Jean de Capristan \u00ab\u00a0Patron des aum\u00f4niers militaires.<\/p>\n<p>Voil\u00e0, parce que Paquito est bon, il pense \u00e0 votre culture g\u00e9n\u00e9rale ! ;)<\/p>\n<p>Et comme \u00e0 dit un jour Pierre Dac qui n&rsquo;\u00e9tait pas un \u00ab\u00a0Saint\u00a0\u00bb, ni un \u00ab\u00a0Jean\u00a0\u00bb :<\/p>\n<p>\u00ab\u00a0Parler pour ne rien dire et ne rien dire pour parler sont les deux principes majeurs et rigoureux de tous ceux qui feraient mieux de la fermer avant de l&rsquo;ouvrir\u00a0\u00bb &#8230;.<\/p><\/blockquote>\n<p style=\"text-align: left;\">Entre discutions sur les probl\u00e8mes d&rsquo;organisation du d\u00e9but de la campagne et petites blagues, l\u2019authentique animation de Paris continu \u00e0 nous \u00e9merveiller !<\/p>\n<hr \/>\n<p style=\"text-align: center;\"><span style=\"font-size: large;\"><strong>Anvers<\/strong><\/span><\/p>\n<blockquote>\n<p style=\"text-align: left;\">De <b>okedoc<\/b> le 21\/10 \u00e0 15:35<br \/>\nD\u00e9j\u00e0 corrompu ?? S\u00e9rieux ???<\/p>\n<p style=\"text-align: left;\">De <b>okedoc<\/b> le 21\/10 \u00e0 15:35<\/p>\n<p>Massimo tufo<br \/>\nCharisme : *<br \/>\nloyaut\u00e9 : *<br \/>\nStatut actuel : corrompu<br \/>\nR\u00e9sistance : * %<br \/>\n(*** corruptible) Curriculum vitae :<br \/>\nConseiller municipal Anvers<br \/>\nMaire de Anvers<\/p>\n<p>\u00ab\u00a0***\u00a0\u00bb<\/p>\n<p>&gt; 2 meetings programm\u00e9s<\/p>\n<p>Le retour !<br \/>\nCharisme : *<br \/>\nloyaut\u00e9 : *<br \/>\nStatut actuel : corrompu<br \/>\nR\u00e9sistance : ** %<br \/>\n(*** corruptible) Curriculum vitae :<br \/>\ntraducteur<\/p>\n<p>\u00ab\u00a0***\u00a0\u00bb<\/p>\n<p>&gt; 2 meetings programm\u00e9s<\/p>\n<p>Limogeage du leader<\/p>\n<p style=\"text-align: left;\">De <b>okedoc<\/b> le 21\/10 \u00e0 23:09<br \/>\nEt \u00e7a continue, merci Nonoche, ou Lib devrais-je dire ?<\/p>\n<p>De Le retour ! le 21\/10 \u00e0 21:51<br \/>\nJ&rsquo;ai d&rsquo;autres plans le 27, je d\u00e9cide d&rsquo;annuler le meeting que je devais animer \u00e0 Zenith, sur le theme Economie.<\/p>\n<p>De Massimo tufo le 21\/10 \u00e0 21:51<br \/>\nJ&rsquo;ai d&rsquo;autres plans le 24, je d\u00e9cide d&rsquo;annuler le meeting que je devais animer \u00e0 Salle des f\u00eates, sur le theme Economie.<\/p>\n<p style=\"text-align: left;\">De <b>noi<\/b> le 22\/10 \u00e0 08:36<br \/>\nSalut \u00e0 tous ;)<\/p>\n<p style=\"text-align: left;\">De <b>okedoc<\/b> le 22\/10 \u00e0 10:29<br \/>\nSalut Noi :)<\/p>\n<p style=\"text-align: left;\">De <b>absinthe<\/b> le 23\/10 \u00e0 04:45<br \/>\nHello<\/p>\n<\/blockquote>\n<p style=\"text-align: left;\">Merci de toutes ces r\u00e9v\u00e9lations, Okedoc ! Bon, vu qu&rsquo;on me connait pour mon incroyable gentilesse, j&rsquo;ai tout cach\u00e9 ;)<\/p>\n<hr \/>\n<p style=\"text-align: center;\"><span style=\"font-size: large;\"><strong>Villeurbanne<\/strong><\/span><\/p>\n<blockquote>\n<p style=\"text-align: left;\">De <b>gouvernement<\/b> le 11\/10 \u00e0 09:48<br \/>\nbonjour a tous,<\/p>\n<p>continuons ensemble ! cette ville sort de la d\u00e9magogie, vous avez choisis de nous mettre aux affaires alors continuons ensemble a dire non a l&rsquo;abandons de cette ville par l&rsquo;ancienne municipalit\u00e9 dirig\u00e9 par l&rsquo;ancien maire et candidat Chlochlos, j&rsquo;appelle au large rassemblement de Villeurbanne derri\u00e8re la candidature de l&rsquo;\u00e9quipe sortant !<\/p>\n<p>nous travaillons pour vous ! eux travaille pour eux ! ensemble continuons cette belle aventure et dite non a la d\u00e9magogie orchestr\u00e9 par Chlochlos !<\/p>\n<p>dite que vous n&rsquo;avez plus besoin de lui !<\/p>\n<p style=\"text-align: left;\">De <b>gouvernement<\/b> le 11\/10 \u00e0 09:54<br \/>\nje vous annonce ici a tous, qu&rsquo;avec Pintor, nous avons choisi le choix de la responsabilit\u00e9, et non de la d\u00e9magogie, nous voulons d&rsquo;un villeurbanne fort ! d&rsquo;une \u00e9quipe forte !<\/p>\n<p>et pour la continuit\u00e9, pour l&rsquo;ensemble des habitants, nous avons d\u00e9cid\u00e9 de reformer le Duo cr\u00e9e au derni\u00e8re \u00e9lection !<\/p>\n<p>ne vous laissez pas endormir par Chlochlos, il es un manipulateur, un menteur, un voleur !<\/p>\n<p>nous voulons ensemble d&rsquo;un Villeurbanne fort !<\/p>\n<p>Pintor,<br \/>\nMaire de Villeurbanne<br \/>\nCandidat a sa r\u00e9\u00e9lection<br \/>\nCandidat aux l\u00e9gislatives (liste ensemble agissons pour le renouveau)<\/p>\n<p>Gouvernement,<br \/>\nAdjoint au maire de Villeurbanne<br \/>\nCandidat a sa r\u00e9\u00e9lection<br \/>\nCandidat aux l\u00e9gislatives (t\u00eate de liste ensemble agissons pour le renouveau)<\/p>\n<p style=\"text-align: left;\">De <b>chlochlos<\/b> le 11\/10 \u00e0 20:17<br \/>\nBonne campagne \u00e0 tous<\/p>\n<p>bisous<\/p>\n<p style=\"text-align: left;\">De <b>malimoi<\/b> le 11\/10 \u00e0 22:09<br \/>\n<img decoding=\"async\" alt=\"\" src=\"http:\/\/www.votezpourmoi.com\/images\/smileys\/smile3.gif\" \/>Bonjour \u00e0 tous !<br \/>\nBonne campagne \u00e0 tous !!<\/p>\n<p>Bizou sur vos fesses droite<\/p>\n<p style=\"text-align: left;\">De <b>pintor<\/b> le 11\/10 \u00e0 23:33<br \/>\nBonne campagne \u00e0 vous aussi.<\/p>\n<p style=\"text-align: left;\">De <b>gouvernement<\/b> le 12\/10 \u00e0 09:41<br \/>\nEt bonne campagne !<\/p>\n<p style=\"text-align: left;\">De <b>gouvernement<\/b> le 13\/10 \u00e0 21:13<br \/>\nje veux d&rsquo;une campagne digne de ce nom, je souhaite a tous bon courage et que le meilleure gagne !<\/p>\n<p>Gouvernement,<br \/>\nAdjoint au maire sortant<\/p>\n<p style=\"text-align: left;\">De <b>chlochlos<\/b> le 20\/10 \u00e0 13:25<br \/>\nMesdames, Messieurs,<\/p>\n<p>Durant une semaine vous avez vot\u00e9 pour \u00e9lire vos d\u00e9put\u00e9s qui si\u00e9geront \u00e0 l&rsquo;assembl\u00e9e. Le maire sortant \u00e9tait candidat et a \u00e9t\u00e9 balay\u00e9, son adjoint \u00e9tait candidat et a \u00e9t\u00e9 balay\u00e9 \u00e9galement, mais balay\u00e9 pour manquement grave au r\u00e8glement !<br \/>\nVous mes chers concitoyens, vous m&rsquo;avez donn\u00e9 mandat pendant des ann\u00e9es en tant que \u00e9lu de la ville mais cette semaine en tant qu&rsquo;\u00e9lu de l&rsquo;Etat m&rsquo;appelant \u00e0 de plus hautes fonctions.<br \/>\nC&rsquo;est pourquoi, je ne suis plus candidat au poste de maire, mais seulement une place au conseil municipal pour garder un pied dans notre territoire.<\/p>\n<p>Vive Villeurbanne, vive VPM !<\/p>\n<p style=\"text-align: left;\">De <b>pintor<\/b> le 20\/10 \u00e0 14:27<br \/>\nLe si\u00e8ge au conseil municipal te suffit parfaitement, tu \u00e9tais sans doute bien mieux dans le fauteuil de la mairie, c&rsquo;est vrai qu&rsquo;il est bien confortable.<\/p>\n<p style=\"text-align: left;\">De <b>gouvernement<\/b> le 21\/10 \u00e0 12:01<br \/>\nTechnique pour minimiser la d\u00e9faite mdr<\/p>\n<\/blockquote>\n<hr \/>\n<p style=\"text-align: left;\">Nous arrivons maintenant \u00e0 la fin de votre chronique VPM\u00e9dias pr\u00e9f\u00e9r\u00e9e. On se retrouve tr\u00e8s bient\u00f4t pour un nouveau document exclusif sur les march\u00e9s locaux de VPM\u00e9dias.<\/p>\n<p style=\"text-align: left;\">[auteur]<\/p>\n","protected":false},"excerpt":{"rendered":"<p>Un nouveau num\u00e9ro de votre chronique enti\u00e8rement consacr\u00e9 aux march\u00e9s locaux de VPM est d\u00e9sormais disponible. A lire d&rsquo;urgence !<\/p>\n","protected":false},"author":91,"featured_media":0,"comment_status":"open","ping_status":"open","sticky":false,"template":"","format":"standard","meta":{"site-container-style":"default","site-container-layout":"default","site-sidebar-layout":"default","disable-article-header":"default","disable-site-header":"default","disable-site-footer":"default","disable-content-area-spacing":"default","footnotes":""},"categories":[312,4],"tags":[39,450],"class_list":["post-19406","post","type-post","status-publish","format-standard","hentry","category-g-a-la-une","category-2-vpmc","tag-humour","tag-marches"],"_links":{"self":[{"href":"https:\/\/vpmedias.fr\/index.php?rest_route=\/wp\/v2\/posts\/19406","targetHints":{"allow":["GET"]}}],"collection":[{"href":"https:\/\/vpmedias.fr\/index.php?rest_route=\/wp\/v2\/posts"}],"about":[{"href":"https:\/\/vpmedias.fr\/index.php?rest_route=\/wp\/v2\/types\/post"}],"author":[{"embeddable":true,"href":"https:\/\/vpmedias.fr\/index.php?rest_route=\/wp\/v2\/users\/91"}],"replies":[{"embeddable":true,"href":"https:\/\/vpmedias.fr\/index.php?rest_route=%2Fwp%2Fv2%2Fcomments&post=19406"}],"version-history":[{"count":7,"href":"https:\/\/vpmedias.fr\/index.php?rest_route=\/wp\/v2\/posts\/19406\/revisions"}],"predecessor-version":[{"id":19412,"href":"https:\/\/vpmedias.fr\/index.php?rest_route=\/wp\/v2\/posts\/19406\/revisions\/19412"}],"wp:attachment":[{"href":"https:\/\/vpmedias.fr\/index.php?rest_route=%2Fwp%2Fv2%2Fmedia&parent=19406"}],"wp:term":[{"taxonomy":"category","embeddable":true,"href":"https:\/\/vpmedias.fr\/index.php?rest_route=%2Fwp%2Fv2%2Fcategories&post=19406"},{"taxonomy":"post_tag","embeddable":true,"href":"https:\/\/vpmedias.fr\/index.php?rest_route=%2Fwp%2Fv2%2Ftags&post=19406"}],"curies":[{"name":"wp","href":"https:\/\/api.w.org\/{rel}","templated":true}]}}