{"id":19568,"date":"2014-11-19T19:44:00","date_gmt":"2014-11-19T18:44:00","guid":{"rendered":"http:\/\/vpmedias.fr\/?p=19568"},"modified":"2014-11-19T19:46:20","modified_gmt":"2014-11-19T18:46:20","slug":"interview-du-candidat-maxdeniiice","status":"publish","type":"post","link":"https:\/\/vpmedias.fr\/?p=19568","title":{"rendered":"Interview du candidat Maxdeniiice"},"content":{"rendered":"<p style=\"text-align: justify;\"><em>A l&rsquo;occasion de ce premier tour de la 22<sup>e<\/sup> \u00e9lection pr\u00e9sidentielle pour lequel il est en lice, Maxdeniiice a r\u00e9pondu aux questions que nous avons pos\u00e9es \u00e0 chaque candidat.<!--more--><\/em><\/p>\n<p style=\"text-align: justify;\"><strong>VPM\u00e9dias : Bonjour Maxdeniiice. Tout d\u2019abord peux-tu te pr\u00e9senter \u00e0 ceux qui ne te conna\u00eetraient pas encore ?<\/strong><\/p>\n<p style=\"text-align: justify;\"><strong>Maxdeniiice:<\/strong> On m&rsquo;a parl\u00e9 d&rsquo;une surprise ? Je veux mon Kinder !<\/p>\n<p style=\"text-align: justify;\">Bref, je vais faire simple, bref et concis. Je suis Max de Nice. Je joue depuis 2008, mon ancien compte est aujourd&rsquo;hui disparu. Je n&rsquo;ai fait qu&rsquo;une campagne \u00e0 Paris. Je pr\u00e9f\u00e8re faire campagne dans des villes de taille moyenne. Pour finir, j&rsquo;ai toujours perdu la Pr\u00e9sidentielle avec environ 5% de voix. Et je compte ne pas briser la tradition ! Le reste, c&rsquo;est sur ma <a href=\"http:\/\/wiki.vpmedias.fr\/Maxdenice\" target=\"_blank\">fiche Wiki<\/a> :)<\/p>\n<p style=\"text-align: justify;\"><strong>Que penses-tu des nouveaut\u00e9s dans le mandat du pr\u00e9sident qui seront appliqu\u00e9es \u00e0 ce nouveau mandat: augmentation du nombre et ministre et du budget notamment ?<\/strong><\/p>\n<p style=\"text-align: justify;\">C&rsquo;est bien. Mais je propose du changement ! Je veux devenir un m\u00e9chant dictateur qui se moque de te tout : je nommerai aucun Ministre, je jetterai les enveloppes par la fen\u00eatre car apr\u00e8s tout, nous n&rsquo;\u00e9lisons pas un Dictateur pour \u00e7a ! (a)<\/p>\n<p style=\"text-align: justify;\">Je ne serai pas \u00e9lu malheureusement. Du coup, le fait qu&rsquo;il a augment\u00e9 tout \u00e7a me permettra d&rsquo;avoir plus de chances d&rsquo;\u00eatre nomm\u00e9 (suite \u00e0 mon excellent mandat de Ministre sous Kerlinn) et que mon parti re\u00e7oit encore plus de sousous.<\/p>\n<p style=\"text-align: justify;\"><strong> Sur quels th\u00e8mes as-tu choisi de mettre en avant pendant ta campagne ?<\/strong><\/p>\n<p style=\"text-align: justify;\">&#8211; Autorit\u00e9 : Il faut bien un meneur sur le jeu qui prenne le pouvoir et mette fin \u00e0 cette absurdit\u00e9 d\u00e9mocratique. (a)<br \/>\n&#8211; Famille : Il faut bien inciter les VPMiens \u00e0 procr\u00e9er pour que la communaut\u00e9 grandisse, non ?<br \/>\n&#8211; Plaisirs : \u00ab\u00a0Du pain et des jeux !\u00a0\u00bb disait-on \u00e0 Rome. Je veux faire plaisir aux VPMiens pour qu&rsquo;ils ne se pr\u00e9occupent gu\u00e8re de la cr\u00e9ation de mon nouveau r\u00e9gime politique.<\/p>\n<p style=\"text-align: justify;\"><strong> As-tu voulu mettre en \u0153uvre un programme ? Si oui, peux-tu nous en parler ? Si non, pourquoi ?<\/strong><\/p>\n<p style=\"text-align: justify;\">Un programme ? Il n&rsquo;y a que la t\u00e9l\u00e9vision qui propose des programmes. Tu sais, cette bo\u00eete sans cervelle qui parle en boucle pour dire la m\u00eame chose ? Et puis, les th\u00e8mes cit\u00e9s au-dessus ne montrent-ils pas un certain point de vue sur la question ? ^^ En r\u00e9sum\u00e9, mon mandat promet d&rsquo;\u00eatre anim\u00e9 !<\/p>\n<p style=\"text-align: justify;\"><strong> Comment comptes-tu nommer ton gouvernement ? (par affinit\u00e9, par comp\u00e9tences \u2026) Et \u00e9ventuellement qui, si tu as d\u00e9j\u00e0 choisi ?<\/strong><\/p>\n<p style=\"text-align: justify;\">Quel gouvernement ? Je parlerai de Conseillers du Dictateur. Ce seront mes pantins qui feront de mes ordres une r\u00e9alit\u00e9. Je les nommerai en fonction de ma confiance en eux et leur implication dans la communaut\u00e9 et non les campagnes car notre r\u00f4le sera d&rsquo;animer march\u00e9 et forum.<\/p>\n<p style=\"text-align: justify;\"><strong> Souhaites-tu animer le forum durant ton mandat en cas d\u2019\u00e9lection ?<\/strong><\/p>\n<p style=\"text-align: justify;\">Si je ne le souhaitais pas, je ne me pr\u00e9senterai pas car c&rsquo;est mon unique but. Par contre, adieu l&rsquo;Assembl\u00e9e. Le mandat de Mamix a montr\u00e9 que c&rsquo;\u00e9tait un v\u00e9ritable \u00e9chec. D&rsquo;autres animations seront propos\u00e9es de meilleures qualit\u00e9s puisqu&rsquo;elles ont \u00e9t\u00e9 pens\u00e9es avant.<\/p>\n<p style=\"text-align: justify;\"><strong>Un dernier mot pour terminer ?<\/strong><\/p>\n<p style=\"text-align: justify;\">Votez pour un mandat&#8230; unique et durable !<\/p>\n","protected":false},"excerpt":{"rendered":"<p>A l&rsquo;occasion de ce premier tour de la 22e \u00e9lection pr\u00e9sidentielle pour lequel il est en lice, Maxdeniiice a r\u00e9pondu aux questions que nous avons pos\u00e9es \u00e0 chaque candidat.<\/p>\n","protected":false},"author":5,"featured_media":0,"comment_status":"open","ping_status":"open","sticky":false,"template":"","format":"standard","meta":{"site-container-style":"default","site-container-layout":"default","site-sidebar-layout":"default","disable-article-header":"default","disable-site-header":"default","disable-site-footer":"default","disable-content-area-spacing":"default","footnotes":""},"categories":[4],"tags":[421,34,418,14],"class_list":["post-19568","post","type-post","status-publish","format-standard","hentry","category-2-vpmc","tag-candidats","tag-interview","tag-presidentielle","tag-presidentielles"],"_links":{"self":[{"href":"https:\/\/vpmedias.fr\/index.php?rest_route=\/wp\/v2\/posts\/19568","targetHints":{"allow":["GET"]}}],"collection":[{"href":"https:\/\/vpmedias.fr\/index.php?rest_route=\/wp\/v2\/posts"}],"about":[{"href":"https:\/\/vpmedias.fr\/index.php?rest_route=\/wp\/v2\/types\/post"}],"author":[{"embeddable":true,"href":"https:\/\/vpmedias.fr\/index.php?rest_route=\/wp\/v2\/users\/5"}],"replies":[{"embeddable":true,"href":"https:\/\/vpmedias.fr\/index.php?rest_route=%2Fwp%2Fv2%2Fcomments&post=19568"}],"version-history":[{"count":3,"href":"https:\/\/vpmedias.fr\/index.php?rest_route=\/wp\/v2\/posts\/19568\/revisions"}],"predecessor-version":[{"id":19570,"href":"https:\/\/vpmedias.fr\/index.php?rest_route=\/wp\/v2\/posts\/19568\/revisions\/19570"}],"wp:attachment":[{"href":"https:\/\/vpmedias.fr\/index.php?rest_route=%2Fwp%2Fv2%2Fmedia&parent=19568"}],"wp:term":[{"taxonomy":"category","embeddable":true,"href":"https:\/\/vpmedias.fr\/index.php?rest_route=%2Fwp%2Fv2%2Fcategories&post=19568"},{"taxonomy":"post_tag","embeddable":true,"href":"https:\/\/vpmedias.fr\/index.php?rest_route=%2Fwp%2Fv2%2Ftags&post=19568"}],"curies":[{"name":"wp","href":"https:\/\/api.w.org\/{rel}","templated":true}]}}