{"id":19583,"date":"2014-11-19T21:49:51","date_gmt":"2014-11-19T20:49:51","guid":{"rendered":"http:\/\/vpmedias.fr\/?p=19583"},"modified":"2014-11-19T21:56:46","modified_gmt":"2014-11-19T20:56:46","slug":"interview-du-candidat-justinnice","status":"publish","type":"post","link":"https:\/\/vpmedias.fr\/?p=19583","title":{"rendered":"Interview du candidat Justinnice"},"content":{"rendered":"<p style=\"text-align: justify;\"><em>Il est 21h40 lorsque je suis admis dans le grand QG de campagne de Justinnice pour une interview qui s&rsquo;annonce br\u00e8ve : le temps qui nous s\u00e9pare de son bureau jusqu&rsquo;aux commodit\u00e9s du b\u00e2timent. Ne perdons pas de temps !<!--more--><\/em><br \/>\n<strong> Bonjour cher candidat et merci de r\u00e9pondre \u00e0 mon interview. Tout d\u2019abord peux-tu te pr\u00e9senter pour les personnes qui ne te connaissent pas ?<\/strong><\/p>\n<p style=\"text-align: justify;\">Je me pr\u00e9sente je m&rsquo;appelle Justin je suis jeu dynamique, dr\u00f4le j&rsquo;esp\u00e8re. ;)<\/p>\n<p style=\"text-align: justify;\"><strong> Que penses-tu des quelques modifications du mandat du pr\u00e9sident qui seront appliqu\u00e9s \u00e0 la suite de cette pr\u00e9sidentielle ? (augmentation du nombre et ministre et du budget notamment)<\/strong><\/p>\n<p style=\"text-align: justify;\">Je pense que l&rsquo;augmentation du budget et + de ministre est une bonne chose.<\/p>\n<p style=\"text-align: justify;\"><strong> Sur quels th\u00e8mes veux-tu travailler pendant ta campagne ?<\/strong><\/p>\n<p style=\"text-align: justify;\"><em>Bip bip (arriv\u00e9e de l&rsquo;ascenseur)<strong><\/strong>, nous ne comprenons pas la r\u00e9ponse du du candidat.<\/em><\/p>\n<p style=\"text-align: justify;\"><strong> As-tu voulu mettre en \u0153uvre un programme ? Si oui, peux-tu nous en parler ? Si non, pourquoi ?<\/strong><\/p>\n<p style=\"text-align: justify;\">Oui nous avons fais un programme par rapport \u00e0 ce que va faire chaque ministre.<\/p>\n<p style=\"text-align: justify;\"><strong> Comment comptes-tu nommer ton gouvernement ? (par affinit\u00e9, par comp\u00e9tences \u2026)<\/strong><\/p>\n<p style=\"text-align: justify;\">Je ne nommerai pas de gouvernement car nous avons fais une alliance avec ladystarla en \u00e7a faveur.<\/p>\n<p style=\"text-align: justify;\"><strong> Souhaites-tu animer le forum durant ton mandat en cas d\u2019\u00e9lection ?<\/strong><\/p>\n<p style=\"text-align: justify;\">Je pense que l&rsquo;animation des forums doit \u00eatre une priorit\u00e9 comme pour les tchats.<\/p>\n<p style=\"text-align: justify;\"><strong> Un dernier mot pour finir cette interview ?<\/strong><\/p>\n<p style=\"text-align: justify;\">Merci.<\/p>\n<p style=\"text-align: justify;\"><strong>Merci cher Justi&#8230; <\/strong><em>(Nous sommes remerci\u00e9s de notre visite et on nous raccompagne vers l&rsquo;entr\u00e9e du b\u00e2timent)<\/em><\/p>\n<p style=\"text-align: justify;\"><em>\u00a0Voici d\u00e9j\u00e0 la fin de notre interview de ce candidat. On se retrouve tr\u00e8s bient\u00f4t avec un autre candidat !<\/em><\/p>\n<p style=\"text-align: justify;\">[auteur]<\/p>\n","protected":false},"excerpt":{"rendered":"<p>Entre escaliers, tapis et ascenseurs, nous vous livrons une interview exclusive !<\/p>\n","protected":false},"author":91,"featured_media":0,"comment_status":"open","ping_status":"open","sticky":false,"template":"","format":"standard","meta":{"site-container-style":"default","site-container-layout":"default","site-sidebar-layout":"default","disable-article-header":"default","disable-site-header":"default","disable-site-footer":"default","disable-content-area-spacing":"default","footnotes":""},"categories":[4],"tags":[34,418],"class_list":["post-19583","post","type-post","status-publish","format-standard","hentry","category-2-vpmc","tag-interview","tag-presidentielle"],"_links":{"self":[{"href":"https:\/\/vpmedias.fr\/index.php?rest_route=\/wp\/v2\/posts\/19583","targetHints":{"allow":["GET"]}}],"collection":[{"href":"https:\/\/vpmedias.fr\/index.php?rest_route=\/wp\/v2\/posts"}],"about":[{"href":"https:\/\/vpmedias.fr\/index.php?rest_route=\/wp\/v2\/types\/post"}],"author":[{"embeddable":true,"href":"https:\/\/vpmedias.fr\/index.php?rest_route=\/wp\/v2\/users\/91"}],"replies":[{"embeddable":true,"href":"https:\/\/vpmedias.fr\/index.php?rest_route=%2Fwp%2Fv2%2Fcomments&post=19583"}],"version-history":[{"count":4,"href":"https:\/\/vpmedias.fr\/index.php?rest_route=\/wp\/v2\/posts\/19583\/revisions"}],"predecessor-version":[{"id":19586,"href":"https:\/\/vpmedias.fr\/index.php?rest_route=\/wp\/v2\/posts\/19583\/revisions\/19586"}],"wp:attachment":[{"href":"https:\/\/vpmedias.fr\/index.php?rest_route=%2Fwp%2Fv2%2Fmedia&parent=19583"}],"wp:term":[{"taxonomy":"category","embeddable":true,"href":"https:\/\/vpmedias.fr\/index.php?rest_route=%2Fwp%2Fv2%2Fcategories&post=19583"},{"taxonomy":"post_tag","embeddable":true,"href":"https:\/\/vpmedias.fr\/index.php?rest_route=%2Fwp%2Fv2%2Ftags&post=19583"}],"curies":[{"name":"wp","href":"https:\/\/api.w.org\/{rel}","templated":true}]}}