{"id":19589,"date":"2014-11-19T22:37:03","date_gmt":"2014-11-19T21:37:03","guid":{"rendered":"http:\/\/vpmedias.fr\/?p=19589"},"modified":"2014-11-19T22:37:03","modified_gmt":"2014-11-19T21:37:03","slug":"interview-du-candidat-mamix","status":"publish","type":"post","link":"https:\/\/vpmedias.fr\/?p=19589","title":{"rendered":"Interview du candidat Mamix"},"content":{"rendered":"<p>Mamix, notre actuel pr\u00e9sident et \u00e9galement candidat \u00e0 sa propre succession est actuellement au micro de VPM\u00e9dias. Sans plus attendre, d\u00e9butons cette interview !<\/p>\n<p><strong>Bonjour cher candidat et merci de r\u00e9pondre \u00e0 mon interview. Tout d\u2019abord peux-tu te pr\u00e9senter pour les personnes qui ne te connaissent pas ?<\/strong><\/p>\n<p>les gens me connaisse, car je suis un dicta euu homme bon :p, pour les autres faut juste avoir que je suis un buveur de talisman :p<\/p>\n<p><strong>Que penses-tu des quelques modifications du mandat du pr\u00e9sident qui seront appliqu\u00e9s \u00e0 la suite de cette pr\u00e9sidentielle ? (augmentation du nombre et ministre et du budget notamment)<\/strong><\/p>\n<p>je pense que c&rsquo;est une tres bonne innitiative, etant bien plac\u00e9 vu que je suis qui a subi le precedant changement ^^.<\/p>\n<p><strong> Sur quels th\u00e8mes veux-tu travailler pendant ta campagne ?<\/strong><\/p>\n<p>motiver les vpmiens pour animer<br \/>\naccueillir encore et toujours les nouveaux ^^<br \/>\net continuer a faire fleurir le rp sur le forum :) surtout avec l&rsquo;assembl\u00e9e.<\/p>\n<p><strong> As-tu voulu mettre en \u0153uvre un programme ? Si oui, peux-tu nous en parler ? Si non, pourquoi ?<\/strong><\/p>\n<p>pas vraiment, mais ma seul promesse c&rsquo;est que ca serra anim\u00e9 et tout cela dans la bonne ambiance et l&rsquo;humour ^^.<\/p>\n<p><strong> Comment comptes-tu nommer ton gouvernement ? (par affinit\u00e9, par comp\u00e9tences \u2026)<\/strong><\/p>\n<p>les deux faut pas ce mentir faut bien avoir des potes pour bien d\u00e9conner ;)<\/p>\n<p><strong> Souhaites-tu animer le forum durant ton mandat en cas d\u2019\u00e9lection ?<\/strong><\/p>\n<p>comme mon pr\u00e9c\u00e9dant mandat je m&rsquo;engage avec toute mon \u00e9quipe a animer du mieux possible ^^ .<\/p>\n<p><strong> Un dernier mot pour finir cette interview ?<\/strong><\/p>\n<p>votez mamix et bien sur :<br \/>\nVive la R\u00e9bellion et VIVE VPM !<\/p>\n<p><strong>Merci Mamix de m&rsquo;avoir r\u00e9pondu lors de cette interview, et bon courage pour la suite de votre campagne!<\/strong><\/p>\n<p>[auteur]<\/p>\n","protected":false},"excerpt":{"rendered":"<p>Interview tr\u00e8s sp\u00e9ciale de notre pr\u00e9sident-candidat, \u00e0 lire d&rsquo;urgence !<\/p>\n","protected":false},"author":91,"featured_media":0,"comment_status":"open","ping_status":"open","sticky":false,"template":"","format":"standard","meta":{"site-container-style":"default","site-container-layout":"default","site-sidebar-layout":"default","disable-article-header":"default","disable-site-header":"default","disable-site-footer":"default","disable-content-area-spacing":"default","footnotes":""},"categories":[4],"tags":[34,418],"class_list":["post-19589","post","type-post","status-publish","format-standard","hentry","category-2-vpmc","tag-interview","tag-presidentielle"],"_links":{"self":[{"href":"https:\/\/vpmedias.fr\/index.php?rest_route=\/wp\/v2\/posts\/19589","targetHints":{"allow":["GET"]}}],"collection":[{"href":"https:\/\/vpmedias.fr\/index.php?rest_route=\/wp\/v2\/posts"}],"about":[{"href":"https:\/\/vpmedias.fr\/index.php?rest_route=\/wp\/v2\/types\/post"}],"author":[{"embeddable":true,"href":"https:\/\/vpmedias.fr\/index.php?rest_route=\/wp\/v2\/users\/91"}],"replies":[{"embeddable":true,"href":"https:\/\/vpmedias.fr\/index.php?rest_route=%2Fwp%2Fv2%2Fcomments&post=19589"}],"version-history":[{"count":2,"href":"https:\/\/vpmedias.fr\/index.php?rest_route=\/wp\/v2\/posts\/19589\/revisions"}],"predecessor-version":[{"id":19591,"href":"https:\/\/vpmedias.fr\/index.php?rest_route=\/wp\/v2\/posts\/19589\/revisions\/19591"}],"wp:attachment":[{"href":"https:\/\/vpmedias.fr\/index.php?rest_route=%2Fwp%2Fv2%2Fmedia&parent=19589"}],"wp:term":[{"taxonomy":"category","embeddable":true,"href":"https:\/\/vpmedias.fr\/index.php?rest_route=%2Fwp%2Fv2%2Fcategories&post=19589"},{"taxonomy":"post_tag","embeddable":true,"href":"https:\/\/vpmedias.fr\/index.php?rest_route=%2Fwp%2Fv2%2Ftags&post=19589"}],"curies":[{"name":"wp","href":"https:\/\/api.w.org\/{rel}","templated":true}]}}