{"id":19624,"date":"2014-11-24T00:07:00","date_gmt":"2014-11-23T23:07:00","guid":{"rendered":"http:\/\/vpmedias.fr\/?p=19624"},"modified":"2014-11-24T00:07:00","modified_gmt":"2014-11-23T23:07:00","slug":"notre-president-fixe-ses-objectifs","status":"publish","type":"post","link":"https:\/\/vpmedias.fr\/?p=19624","title":{"rendered":"Notre pr\u00e9sident fixe ses objectifs"},"content":{"rendered":"<p>Bonsoir, nous venons d&rsquo;avoir \u00e9t\u00e9 re\u00e7u au Palais de l&rsquo;Elys\u00e9e o\u00f9 nous a accueilli le nouveau pr\u00e9sident d\u00e9sormais en exercice : Talisman. Nous avons pu dialoguer pendant un quart d&rsquo;heure pendant que notre bon pr\u00e9sident pr\u00e9parait ses bagages pour son premier voyage officiel \u00e0 Mayotte. Il y est attendu demain vers 10h, apr\u00e8s l&rsquo;annonce de son premier gouvernement qui s&rsquo;annonce plein de \u00ab\u00a0diversit\u00e9\u00a0\u00bb.<\/p>\n<p><strong>Bonsoir Mr le Pr\u00e9sident, comment se passe cette premi\u00e8re journ\u00e9e ?<\/strong><\/p>\n<p>Plut\u00f4t pas mal. Mes valises sont d\u00e9j\u00e0 boucl\u00e9es. J&rsquo;ai re\u00e7u des dizaines de bouquets de fleurs quand Mamix se recevait des tomates, j&rsquo;ai assist\u00e9 \u00e0 un combat de gladiateurs et l\u00e0 \u00e0 la fin de cet interview papal je serai conduit par mon chauffeur Starman \u00e0 l&rsquo;a\u00e9roport ou un avion m&rsquo;attend pour Mamoudzou. Ces prochains mois s&rsquo;annoncent ensoleill\u00e9s :)<\/p>\n<p><strong> Quelles furent vos premi\u00e8res impressions hier soir ?<\/strong><\/p>\n<p>SURPRISE SUR PRISE ! Il est o\u00f9 Marcel Beliveau ??? Voil\u00e0 ma premi\u00e8re impression. Ma seconde impression c&rsquo;\u00e9tait: We Are the Champions !!! My Friends !!! Aujourd&rsquo;hui ma 3\u00e8me impression c&rsquo;\u00e9tait tout nu et tout bronz\u00e9 !! Voil\u00e0<\/p>\n<p><strong> Quel est votre regard sur cette campagne pr\u00e9sidentielle?<\/strong><\/p>\n<p>Calme au d\u00e9but, puis mouvement\u00e9 sur les derniers jours. Ca n&rsquo;a pas trop d\u00e9rap\u00e9 donc c&rsquo;est cool mais ca s&rsquo;est termin\u00e9 au bon moment je crois ^^ Mais tr\u00e8s bonne pr\u00e9sidentielle et le meilleur a gagn\u00e9 :P<\/p>\n<p><strong> Comment pressentez-vous ce mandat ?<\/strong><\/p>\n<p>Outch moi je pars bient\u00f4t l\u00e0, donc je laisse \u00e7a \u00e0 mes ministres hein^^ Mais de ce que j&rsquo;ai compris ca va \u00eatre un mandat diff\u00e9rent des derniers, anim\u00e9 et avec beaucoup de rayvolution, de rebelles et de clowns ^^<\/p>\n<p><strong> Quand allez-vous annoncer la liste de vos ministres? Avez-vous d\u00e9j\u00e0 r\u00e9fl\u00e9chis \u00e0 certains noms de ministres ?<\/strong><\/p>\n<p>Quand elle sera d\u00e9finie et quand Bananus me prendra en contact :P<\/p>\n<p>Il reste encore les derniers d\u00e9tails \u00e0 r\u00e9gler, et le combat des gladiateurs est bient\u00f4t fini. Les 8 derniers seront \u00e9toil\u00e9s :P<\/p>\n<p><strong> Que souhaitez-vous effectuer en premier dans ce lancement de mandat ?<\/strong><\/p>\n<p>Mes chaussettes ont laiss\u00e9 des traces de bronzages pas tr\u00e8s top. Et \u00e7a c&rsquo;est primordial d&rsquo;y remedier :P<\/p>\n<p><strong> Que souhaitez-vous dire \u00e0 vos soutiens gr\u00e2ce \u00e0 qui vous \u00eates l\u00e0 aujourd&rsquo;hui ?<\/strong><\/p>\n<p>Quelle bande de nouille !! Talisman pr\u00e9sident lool. Mais je les aimes mes zouzous :)<\/p>\n<p><strong> Un mot pour la fin ?<\/strong><\/p>\n<p>Non<\/p>\n<hr \/>\n<p>Merci \u00e0 Talisman de nous avoir accorder cette interview en exclusivit\u00e9 pour VPM\u00e9dias. Nous le retrouvons tr\u00e8s prochainement pour le d\u00e9but de ce 22\u00e8me mandat pr\u00e9sidentielle de l&rsquo;histoire de VPM !<\/p>\n<p>[auteur]<\/p>\n","protected":false},"excerpt":{"rendered":"<p>Talisman r\u00e9pond \u00e0 nos questions sur l&rsquo;orientation de ce mandat qui d\u00e9bute aujourd&rsquo;hui.<\/p>\n","protected":false},"author":91,"featured_media":0,"comment_status":"open","ping_status":"open","sticky":false,"template":"","format":"standard","meta":{"site-container-style":"default","site-container-layout":"default","site-sidebar-layout":"default","disable-article-header":"default","disable-site-header":"default","disable-site-footer":"default","disable-content-area-spacing":"default","footnotes":""},"categories":[312,4],"tags":[34,54],"class_list":["post-19624","post","type-post","status-publish","format-standard","hentry","category-g-a-la-une","category-2-vpmc","tag-interview","tag-president"],"_links":{"self":[{"href":"https:\/\/vpmedias.fr\/index.php?rest_route=\/wp\/v2\/posts\/19624","targetHints":{"allow":["GET"]}}],"collection":[{"href":"https:\/\/vpmedias.fr\/index.php?rest_route=\/wp\/v2\/posts"}],"about":[{"href":"https:\/\/vpmedias.fr\/index.php?rest_route=\/wp\/v2\/types\/post"}],"author":[{"embeddable":true,"href":"https:\/\/vpmedias.fr\/index.php?rest_route=\/wp\/v2\/users\/91"}],"replies":[{"embeddable":true,"href":"https:\/\/vpmedias.fr\/index.php?rest_route=%2Fwp%2Fv2%2Fcomments&post=19624"}],"version-history":[{"count":3,"href":"https:\/\/vpmedias.fr\/index.php?rest_route=\/wp\/v2\/posts\/19624\/revisions"}],"predecessor-version":[{"id":19627,"href":"https:\/\/vpmedias.fr\/index.php?rest_route=\/wp\/v2\/posts\/19624\/revisions\/19627"}],"wp:attachment":[{"href":"https:\/\/vpmedias.fr\/index.php?rest_route=%2Fwp%2Fv2%2Fmedia&parent=19624"}],"wp:term":[{"taxonomy":"category","embeddable":true,"href":"https:\/\/vpmedias.fr\/index.php?rest_route=%2Fwp%2Fv2%2Fcategories&post=19624"},{"taxonomy":"post_tag","embeddable":true,"href":"https:\/\/vpmedias.fr\/index.php?rest_route=%2Fwp%2Fv2%2Ftags&post=19624"}],"curies":[{"name":"wp","href":"https:\/\/api.w.org\/{rel}","templated":true}]}}