{"id":19823,"date":"2014-12-30T03:54:10","date_gmt":"2014-12-30T02:54:10","guid":{"rendered":"http:\/\/vpmedias.fr\/?p=19823"},"modified":"2014-12-30T03:54:10","modified_gmt":"2014-12-30T02:54:10","slug":"bilan-de-lannee-2014-janvier","status":"publish","type":"post","link":"https:\/\/vpmedias.fr\/?p=19823","title":{"rendered":"Bilan de l&rsquo;ann\u00e9e 2014 | Janvier"},"content":{"rendered":"<p>Que c&rsquo;est il pass\u00e9 en 2014 sur VPM ? Tel est la question \u00e0 laquelle nous allons r\u00e9pondre dans cet article ! Qu&rsquo;est-ce qui a chang\u00e9 sur notre jeu pendant l&rsquo;ann\u00e9e 2014 ? Qui a su se r\u00e9v\u00e9l\u00e9 parmi les nombreux joueurs de VPM ? R\u00e9ponse maintenant !<\/p>\n<p style=\"text-align: center;\"><span style=\"text-decoration: underline; font-size: x-large;\"><strong>Janvier 2014<\/strong><\/span><\/p>\n<p style=\"text-align: left;\">Ce mois de Janvier est marqu\u00e9 par <strong>la fin de la pr\u00e9sidence de Jaquesdefranc sur VPM<\/strong> (<a title=\"Pr\u00e9sidence Jaquesdefranc - WikiVPM\" href=\"http:\/\/wiki.vpmedias.fr\/Pr\u00e9sidence_Jaquesdefranc\" target=\"_blank\">plus d&rsquo;infos ici<\/a>). Le premier ministre de l&rsquo;\u00e9poque, <strong>Alladinsane<\/strong> allias Summerzik a notamment quitt\u00e9 son poste au cours des premiers jours du mois, comme s&rsquo;en f\u00e9licite Sttropclement dans ce topic sur le forum :<\/p>\n<p style=\"text-align: left;\"><img loading=\"lazy\" decoding=\"async\" class=\"alignleft size-full wp-image-19824\" alt=\"aladin vir\u00e9 sttrop content\" src=\"http:\/\/vpmedias.fr\/wp-content\/uploads\/2014\/12\/aladin-vir\u00e9-sttrop-content.png\" width=\"540\" height=\"616\" srcset=\"https:\/\/vpmedias.fr\/wp-content\/uploads\/2014\/12\/aladin-vir\u00e9-sttrop-content.png 540w, https:\/\/vpmedias.fr\/wp-content\/uploads\/2014\/12\/aladin-vir\u00e9-sttrop-content-131x150.png 131w, https:\/\/vpmedias.fr\/wp-content\/uploads\/2014\/12\/aladin-vir\u00e9-sttrop-content-262x300.png 262w\" sizes=\"auto, (max-width: 540px) 100vw, 540px\" \/><\/p>\n<p>&nbsp;<\/p>\n<p>&nbsp;<\/p>\n<p>&nbsp;<\/p>\n<p>&nbsp;<\/p>\n<p>&nbsp;<\/p>\n<p>&nbsp;<\/p>\n<p>&nbsp;<\/p>\n<p>&nbsp;<\/p>\n<p>&nbsp;<\/p>\n<p>&nbsp;<\/p>\n<p>&nbsp;<\/p>\n<p>&nbsp;<\/p>\n<p>&nbsp;<\/p>\n<p>&nbsp;<\/p>\n<p>&nbsp;<\/p>\n<p>&nbsp;<\/p>\n<p>&nbsp;<\/p>\n<p>&nbsp;<\/p>\n<p>&nbsp;<\/p>\n<p>&nbsp;<\/p>\n<p>Ceci \u00e9tait d&rsquo;ailleurs le premier topic de <strong>ce joueur atypique<\/strong> et pour qui l&rsquo;ann\u00e9e aura \u00e9t\u00e9 riche. Tr\u00e8s remarqu\u00e9 par toute la communaut\u00e9 pour son orthographe hors du commun, et sa vie priv\u00e9e farfelue.<\/p>\n<p>On retrouve \u00e9galement dans ce d\u00e9but d&rsquo;ann\u00e9e <strong>les voeux de notre bon pr\u00e9sident Jaquesdefranc ainsi que de notre Pape Magne Ier<\/strong>. Dont vous pouvez retrouver l&rsquo;int\u00e9gralit\u00e9 des textes en cliquant sur l&rsquo;une des vignettes ci-dessous.<\/p>\n<figure id=\"attachment_19826\" aria-describedby=\"caption-attachment-19826\" style=\"width: 150px\" class=\"wp-caption alignleft\"><a href=\"http:\/\/vpmedias.fr\/wp-content\/uploads\/2014\/12\/voeux-du-pr\u00e9sident-jdf.png\"><img loading=\"lazy\" decoding=\"async\" class=\"size-thumbnail wp-image-19826  \" alt=\"V\u0153ux du Pr\u00e9sident Jaquesdefranc\" src=\"http:\/\/vpmedias.fr\/wp-content\/uploads\/2014\/12\/voeux-du-pr\u00e9sident-jdf-150x141.png\" width=\"150\" height=\"141\" srcset=\"https:\/\/vpmedias.fr\/wp-content\/uploads\/2014\/12\/voeux-du-pr\u00e9sident-jdf-150x141.png 150w, https:\/\/vpmedias.fr\/wp-content\/uploads\/2014\/12\/voeux-du-pr\u00e9sident-jdf-300x282.png 300w, https:\/\/vpmedias.fr\/wp-content\/uploads\/2014\/12\/voeux-du-pr\u00e9sident-jdf.png 540w\" sizes=\"auto, (max-width: 150px) 100vw, 150px\" \/><\/a><figcaption id=\"caption-attachment-19826\" class=\"wp-caption-text\">V\u0153ux du Pr\u00e9sident Jaquesdefranc<\/figcaption><\/figure>\n<figure id=\"attachment_19825\" aria-describedby=\"caption-attachment-19825\" style=\"width: 98px\" class=\"wp-caption alignleft\"><a href=\"http:\/\/vpmedias.fr\/wp-content\/uploads\/2014\/12\/voeux-du-pape-magne.png\"><img loading=\"lazy\" decoding=\"async\" class=\"size-thumbnail wp-image-19825  \" alt=\"V\u0153ux du Pape Magne Ier\" src=\"http:\/\/vpmedias.fr\/wp-content\/uploads\/2014\/12\/voeux-du-pape-magne-98x150.png\" width=\"98\" height=\"150\" srcset=\"https:\/\/vpmedias.fr\/wp-content\/uploads\/2014\/12\/voeux-du-pape-magne-98x150.png 98w, https:\/\/vpmedias.fr\/wp-content\/uploads\/2014\/12\/voeux-du-pape-magne-197x300.png 197w, https:\/\/vpmedias.fr\/wp-content\/uploads\/2014\/12\/voeux-du-pape-magne.png 433w\" sizes=\"auto, (max-width: 98px) 100vw, 98px\" \/><\/a><figcaption id=\"caption-attachment-19825\" class=\"wp-caption-text\">V\u0153ux du Pape Magne Ier<\/figcaption><\/figure>\n<p>&nbsp;<\/p>\n<p>&nbsp;<\/p>\n<p>&nbsp;<\/p>\n<p>&nbsp;<\/p>\n<p>&nbsp;<\/p>\n<p>&nbsp;<\/p>\n<p>&nbsp;<\/p>\n<p>Lorsque nous visitons les d\u00e9bats et bavardages, nous retrouvons toute une nouvelle s\u00e9rie de voeux en tout genre, il s&rsquo;agit de ceux de Petitefilledecat, Julse, Galf, Spendzst, Chlochlos et Minion. VPM\u00e9dias a donc d\u00e9cide de vous refaire vivre en direct toutes ces c\u00e9r\u00e9monies :<\/p>\n<figure id=\"attachment_19836\" aria-describedby=\"caption-attachment-19836\" style=\"width: 150px\" class=\"wp-caption alignleft\"><a href=\"http:\/\/vpmedias.fr\/wp-content\/uploads\/2014\/12\/voeux-galf.png\"><img loading=\"lazy\" decoding=\"async\" class=\"size-thumbnail wp-image-19836\" alt=\"voeux galf\" src=\"http:\/\/vpmedias.fr\/wp-content\/uploads\/2014\/12\/voeux-galf-150x63.png\" width=\"150\" height=\"63\" srcset=\"https:\/\/vpmedias.fr\/wp-content\/uploads\/2014\/12\/voeux-galf-150x63.png 150w, https:\/\/vpmedias.fr\/wp-content\/uploads\/2014\/12\/voeux-galf-300x126.png 300w, https:\/\/vpmedias.fr\/wp-content\/uploads\/2014\/12\/voeux-galf.png 533w\" sizes=\"auto, (max-width: 150px) 100vw, 150px\" \/><\/a><figcaption id=\"caption-attachment-19836\" class=\"wp-caption-text\">V\u0153ux de Galf<\/figcaption><\/figure>\n<figure id=\"attachment_19837\" aria-describedby=\"caption-attachment-19837\" style=\"width: 150px\" class=\"wp-caption alignleft\"><a href=\"http:\/\/vpmedias.fr\/wp-content\/uploads\/2014\/12\/voeux-julse.png\"><img loading=\"lazy\" decoding=\"async\" class=\"size-thumbnail wp-image-19837\" alt=\"voeux julse\" src=\"http:\/\/vpmedias.fr\/wp-content\/uploads\/2014\/12\/voeux-julse-150x110.png\" width=\"150\" height=\"110\" srcset=\"https:\/\/vpmedias.fr\/wp-content\/uploads\/2014\/12\/voeux-julse-150x110.png 150w, https:\/\/vpmedias.fr\/wp-content\/uploads\/2014\/12\/voeux-julse-300x220.png 300w, https:\/\/vpmedias.fr\/wp-content\/uploads\/2014\/12\/voeux-julse.png 536w\" sizes=\"auto, (max-width: 150px) 100vw, 150px\" \/><\/a><figcaption id=\"caption-attachment-19837\" class=\"wp-caption-text\">Voeux de Julse<\/figcaption><\/figure>\n<figure id=\"attachment_19838\" aria-describedby=\"caption-attachment-19838\" style=\"width: 150px\" class=\"wp-caption alignleft\"><a href=\"http:\/\/vpmedias.fr\/wp-content\/uploads\/2014\/12\/voeux-minion.png\"><img loading=\"lazy\" decoding=\"async\" class=\"size-thumbnail wp-image-19838\" alt=\"voeux minion\" src=\"http:\/\/vpmedias.fr\/wp-content\/uploads\/2014\/12\/voeux-minion-150x59.png\" width=\"150\" height=\"59\" srcset=\"https:\/\/vpmedias.fr\/wp-content\/uploads\/2014\/12\/voeux-minion-150x59.png 150w, https:\/\/vpmedias.fr\/wp-content\/uploads\/2014\/12\/voeux-minion-300x118.png 300w, https:\/\/vpmedias.fr\/wp-content\/uploads\/2014\/12\/voeux-minion.png 537w\" sizes=\"auto, (max-width: 150px) 100vw, 150px\" \/><\/a><figcaption id=\"caption-attachment-19838\" class=\"wp-caption-text\">V\u0153ux de Minion<\/figcaption><\/figure>\n<figure id=\"attachment_19839\" aria-describedby=\"caption-attachment-19839\" style=\"width: 150px\" class=\"wp-caption alignleft\"><a href=\"http:\/\/vpmedias.fr\/wp-content\/uploads\/2014\/12\/voeux-petitefilledecat.png\"><img loading=\"lazy\" decoding=\"async\" class=\"size-thumbnail wp-image-19839\" alt=\"voeux petitefilledecat\" src=\"http:\/\/vpmedias.fr\/wp-content\/uploads\/2014\/12\/voeux-petitefilledecat-150x64.png\" width=\"150\" height=\"64\" srcset=\"https:\/\/vpmedias.fr\/wp-content\/uploads\/2014\/12\/voeux-petitefilledecat-150x64.png 150w, https:\/\/vpmedias.fr\/wp-content\/uploads\/2014\/12\/voeux-petitefilledecat-300x129.png 300w, https:\/\/vpmedias.fr\/wp-content\/uploads\/2014\/12\/voeux-petitefilledecat.png 539w\" sizes=\"auto, (max-width: 150px) 100vw, 150px\" \/><\/a><figcaption id=\"caption-attachment-19839\" class=\"wp-caption-text\">Voeux de Petitefilledecat<\/figcaption><\/figure>\n<figure id=\"attachment_19840\" aria-describedby=\"caption-attachment-19840\" style=\"width: 150px\" class=\"wp-caption alignleft\"><a href=\"http:\/\/vpmedias.fr\/wp-content\/uploads\/2014\/12\/voeux-chlochlos.png\"><img loading=\"lazy\" decoding=\"async\" class=\"size-thumbnail wp-image-19840\" alt=\"voeux chlochlos\" src=\"http:\/\/vpmedias.fr\/wp-content\/uploads\/2014\/12\/voeux-chlochlos-150x98.png\" width=\"150\" height=\"98\" srcset=\"https:\/\/vpmedias.fr\/wp-content\/uploads\/2014\/12\/voeux-chlochlos-150x98.png 150w, https:\/\/vpmedias.fr\/wp-content\/uploads\/2014\/12\/voeux-chlochlos-300x197.png 300w, https:\/\/vpmedias.fr\/wp-content\/uploads\/2014\/12\/voeux-chlochlos.png 537w\" sizes=\"auto, (max-width: 150px) 100vw, 150px\" \/><\/a><figcaption id=\"caption-attachment-19840\" class=\"wp-caption-text\">V\u0153ux de Chlochlos<\/figcaption><\/figure>\n<p>&nbsp;<\/p>\n<p>&nbsp;<\/p>\n<p>&nbsp;<\/p>\n<p>&nbsp;<\/p>\n<figure id=\"attachment_19841\" aria-describedby=\"caption-attachment-19841\" style=\"width: 150px\" class=\"wp-caption alignnone\"><a href=\"http:\/\/vpmedias.fr\/wp-content\/uploads\/2014\/12\/voeux-spendzst.png\"><img loading=\"lazy\" decoding=\"async\" class=\"size-thumbnail wp-image-19841 \" alt=\"voeux spendzst\" src=\"http:\/\/vpmedias.fr\/wp-content\/uploads\/2014\/12\/voeux-spendzst-150x56.png\" width=\"150\" height=\"56\" srcset=\"https:\/\/vpmedias.fr\/wp-content\/uploads\/2014\/12\/voeux-spendzst-150x56.png 150w, https:\/\/vpmedias.fr\/wp-content\/uploads\/2014\/12\/voeux-spendzst-300x113.png 300w, https:\/\/vpmedias.fr\/wp-content\/uploads\/2014\/12\/voeux-spendzst.png 535w\" sizes=\"auto, (max-width: 150px) 100vw, 150px\" \/><\/a><figcaption id=\"caption-attachment-19841\" class=\"wp-caption-text\">V\u0153ux de Spendzst<\/figcaption><\/figure>\n<p>Janvier marque aussi \u00e9galement la fin du &#8230; <strong>premier topic \u00ab\u00a0fil d&rsquo;actualit\u00e9\u00a0\u00bb de VPM\u00e9dias<\/strong>, avec pr\u00e8s de 664 messages, il est certainement l&rsquo;un de plus sujet que notre jeu est connu. Ecrit en premier lieu par BobMorane en 2010, il est cloturer apr\u00e8s 3 ans de bon et loyaux services.<\/p>\n<p>Bananus nous propose \u00e9galement le premier <strong>classement des 200 partis<\/strong> de l&rsquo;ann\u00e9e, vous pouvez le retrouver en int\u00e9gralit\u00e9 ici : <a title=\"Classement des 200 partis \u2013 Janvier 2014\" href=\"http:\/\/vpmedias.fr\/?p=19829\">Classement des 200 partis de Janvier 2014<\/a>. Ce classement est alors domin\u00e9 par La Communaut\u00e9 de l&rsquo;Agneau et leur chef charismatique Druuna, plus grand opposant du pr\u00e9sident (RP).<\/p>\n<p>Dens se r\u00e9jouit d&rsquo;ailleurs le 07 janvier \u00e0 l&rsquo;occasion de l&rsquo;<strong>anniversaire de son parti, Les Joyeux Auvergnats<\/strong>. Ils f\u00eataient alors leurs 7\u00e8me ann\u00e9e de fonctionnement sur le jeu. Ce parti toujours actif devrait normalement atteindre ses 8 ans prochainement. Nous vous faisons d\u00e9couvrir ou red\u00e9couvrir son message :<\/p>\n<blockquote><p>De <b>dens<\/b><img decoding=\"async\" alt=\"\" src=\"http:\/\/www.votezpourmoi.com\/images\/etoile_t.gif\" \/><img decoding=\"async\" alt=\"\" src=\"http:\/\/www.votezpourmoi.com\/images\/etoile_t.gif\" \/><br \/>\nLe 06\/01\/14 \u00e0 09:08:14<\/p>\n<div align=\"justify\">\n<p>Sept ans !les Joyeux Auvergnats ont sept ans aujourd&rsquo;hui !Sept ans de jeu, quasiment autant de pr\u00e9sence dans le Top 15, \u00e0 peu pr\u00e8s toutes les grandes villes et r\u00e9gions gagn\u00e9es, et on est toujours l\u00e0, simplement \u00e0 prendre du plaisir \u00e0 jouer ensemble !<\/p>\n<p>Les Joyeux jouent sans autre objectif que celui-ci, et passer du bon temps ensemble !<\/p>\n<p>De tr\u00e8s grands noms sont, ou sont pass\u00e9s dans ce parti :<br \/>\nDans le d\u00e9sordre, dans anciens maires de Paris \u00e0 la pelle, et sans doute comme nulle part ailleurs, des anciens pr\u00e9sidents, des V(I)PM !<\/p>\n<p>Dragalex, Saphir, Paquito, Ethylo, Vagal sous d&rsquo;autres pseudos, Sarkasme, Foudgy, Attarine, Ptitlug, et des joueurs bien plus discrets sur le forum, mais tellement pr\u00e9cieux ici, comme JR, Lylies (avec qui je \u00ab\u00a0bourlingue\u00a0\u00bb depuis le d\u00e9but), LeePhi&#8230;.<\/p>\n<p>D&rsquo;autres qui ont laiss\u00e9 leur empreinte et sont toujours chez eux ici, Mercredi, Ghool, Magnac&#8230;.<\/p>\n<p>Et d&rsquo;autres qui depuis nous ont quitt\u00e9, souvent pour arr\u00eater le jeu, tels MmePois, Euskadi, Sid, Horizon, Lolly, et j&rsquo;en oublie&#8230;.<\/p>\n<p>Tr\u00e8s peu de mouvements au final, en sept ans&#8230;.<br \/>\nOn rentre aux Joyeux, on n&rsquo;en ressort pas !^^<\/p>\n<p>Bref, tout \u00e7a pour rendre hommage \u00e0 tous ceux l\u00e0, et ceux que j&rsquo;oublie, et leur dire&#8230;. Merci !<\/p>\n<p>Merci d&rsquo;avoir contribu\u00e9 \u00e0 amener ce parti au sommet, et de l&rsquo;avoir maintenu dans le Top 15 depuis toutes ces ann\u00e9es, merci pour cette jolie aventure, merci pour tout !<\/p>\n<p>On a plus rien \u00e0 prouver, je r\u00e9ponds souvent aux demandes de recrutement que nous ne sommes pas en comp\u00e9tition, que nous n&rsquo;avons pas d&rsquo;autre objectifs que celui de jouer ensemble&#8230;.<\/p>\n<p>Les Joyeux ne sont pas les seuls \u00e0 avoir un tel palmar\u00e8s ou parcours, d&rsquo;autres partis, tels les Cat&rsquo;s Eyes, les Live, les For Ever ou Spa-Tulle peuvent se targuer d&rsquo;une telle long\u00e9vit\u00e9&#8230;.<\/p>\n<p>Mais malgr\u00e9 tout, on est pas pl\u00e9thore, et surtout, on en veut encore ;-)<\/p>\n<\/div>\n<\/blockquote>\n<p>Autre anniversaire, cette fois saluer par Spendzst. Il s&rsquo;agit du<strong> VPMonde, m\u00e9dia de VPM<\/strong> qui f\u00eatait alors son premier anniversaire. Ce dernier est aujourd&rsquo;hui totalement inactif. Vous retrouvez les derniers vestiges de ce m\u00e9dia directement ici : <a href=\"http:\/\/vpmonde.e-monsite.com\/\">Le VPMonde<\/a>. Il est \u00e9galement bon de savoir que ce m\u00e9dia dispos\u00e9 de sa propre webradio qui diffuser des programmes sur VPM ainsi que de la musique 24h\/24.<\/p>\n<p>Un peu plus tard, je vous avez \u00e9galement propos\u00e9 de <strong>progresser dans le \u00ab\u00a0ratage de campagne\u00a0\u00bb<\/strong>, des conseils toujours d&rsquo;actualit\u00e9 qui pourrait bien \u00eatre toujours aussi pertinent et int\u00e9ressant! Je vais donc vous les reproposer ici sur VPM\u00e9dias.<\/p>\n<blockquote>\n<div align=\"justify\"><span style=\"color: #9900cc;\"><span style=\"color: #9900cc;\"><img decoding=\"async\" alt=\"\" src=\"http:\/\/www.votezpourmoi.com\/photos\/153652.jpg\" align=\"left\" \/> De <b>filsdemagne<\/b><br \/>\nLe 05\/01\/14 \u00e0 01:08:12<br \/>\n<br clear=\"all\" \/><\/span><\/span><\/p>\n<div align=\"justify\">\n<p>Salut tout le monde ! Si je me d\u00e9place aujourd&rsquo;hui jusqu&rsquo;ici c&rsquo;est pour vous apprendre un art. L&rsquo;art d&rsquo;\u00eatre nul.Cet art est tr\u00e8s connu avec son utilisation fa\u00eete notamment par Krustyfrancky, Dragalex ou plus r\u00e9cemment Kerlinn.Et oui, contrairement \u00e0 ce qu&rsquo;on pourrait penser, ce n&rsquo;est pas facile d&rsquo;\u00eatre nul. Pour cela, pas la peine de rien faire, vous n&rsquo;y arriverez pas. Les astuces pour la meilleur r\u00e9ussite sont ENFIN disponible sur VPM en exclusivit\u00e9 papal !<\/p>\n<p>Tout d&rsquo;abord, je vous propose de r\u00e9diger un slogan le plus nul qui pourrait exister. Je vous propose par exemple \u00ab\u00a0Moi, c&rsquo;est moi !\u00a0\u00bb ou bien \u00ab\u00a0J&rsquo;aime Sarkojul\u00a0\u00bb, une fois que votre slogan est not\u00e9 \u00ab\u00a0Tr\u00e8s Mauvais\u00a0\u00bb, vous pouvez estimer que cet objectif est atteint!<\/p>\n<p>Faire des \u00e9conomies sur les affichages, je vous conseille d&rsquo;en mettre 0 par jour. Une fois que ce chiffre est atteint, cet objectif est r\u00e9ussi !<\/p>\n<p>Avoir l&rsquo;un des pire leader et ne pas lui donner de prime. Une fois que votre leader est \u00e0 4 de loyaut\u00e9 et 3 de charisme, vous avez r\u00e9ussi cet objectif!<\/p>\n<p>Ne pas organiser de meetings, \u00e0 moins d&rsquo;\u00eatre sur de le rater ( par exemple : th\u00e8me 0%, zenith, leader : 2 de charisme )<\/p>\n<p>Envoyer le maximum de valises, histoire de vous faire plein d&rsquo;ennemis sur la campagne.<\/p>\n<p>Arrangez vous avec vos ennemis pour qu&rsquo;il vous d\u00e9nonce au pr\u00e9fet et vous corrompe r\u00e9guli\u00e8rement !<\/p>\n<p>Ne faite pas d&rsquo;alliance, vous risqueriez de gagner des points.<\/p>\n<p>Demander \u00e0 vos concurrents qu&rsquo;ils diminent les quelques militants que vous pourriez avoir.<\/p>\n<p>Corrompre le journaliste pour supprimer tout les articles positif qu&rsquo;il pourrait poster sur vous dans la rubrique en vrac.<\/p>\n<p>Changer un membre de la direction de votre parti tout les jours.<\/p>\n<p>Cr\u00e9er un compte en suisse et demander \u00e0 un de vos concurrents de vous le d\u00e9noncer. Si personne ne souhaite le faire, arranger vous en cr\u00e9dits.<\/p>\n<p>Arranger vous pour que vous soyer souvent d\u00e9noncer pour financement occulte.<\/p>\n<p>Prenez 3 leaders en permanence, cela vous fait trois fois plus de chance de perdre des points.<\/p>\n<p>Prenez r\u00e9guli\u00e8rement le politologue et v\u00e9rifi\u00e9 que vous restiez bien nul. Si jamais vous voyez un citoyen que vous avez influencer, utilisez une technique pour vous en d\u00e9barrasser avant minuit avec l&rsquo;une des m\u00e9thodes si-dessous.<\/p>\n<p>Arrangez-vous pour avoir des th\u00e8mes inf\u00e9rieurs \u00e0 2%, 0% est bien sur le mieux.<\/p>\n<p>Je vous propose \u00e9galement de corrompre les modos pour qu&rsquo;ils mettent des +1 sur le march\u00e9 local \u00e0 tous vos concurrents.<\/p>\n<p>Ne vous rendez surtout pas sur les march\u00e9s, vous risqueriez d&rsquo;influencer un citoyen.<\/p>\n<p>J&rsquo;esp\u00e8re que ce petit m\u00e9mo vous aidera \u00e0 exercer cette art en toute s\u00e9r\u00e9nit\u00e9 !<\/p>\n<p>Magne Ier,<br \/>\nPape de VPM<\/p>\n<\/div>\n<\/div>\n<\/blockquote>\n<p>Au niveau des animations de forum, vous retrouvez les classiques Miss VPM 2014 (qui a \u00e9t\u00e9 organis\u00e9 plus t\u00f4t cette ann\u00e9e), Miss Prestige National 2014, anim\u00e9 par mon pr\u00e9d\u00e9cesseur au poste de pr\u00e9sident de la Soci\u00e9t\u00e9 Miss VPM, je veux bien s\u00fbr parler de Petitefilledecat.<\/p>\n<p>On peut \u00e9galement penser \u00e0 l&rsquo;animation de la meilleur r\u00e9solution de Maxans, le quitte ou double de Adriop (pas le m\u00eame que celui que l&rsquo;on retrouve aujourd&rsquo;hui sur VPM).<\/p>\n<p>N&rsquo;oublions bien s\u00fbr pas \u00ab\u00a0l&rsquo;animation la plus chiante de VPM\u00a0\u00bb propos\u00e9 par notre ami Drraake, qui constituait une attaque envers l&rsquo;organisatrice du concours Miss VPM 2014, Petitefilledecat.<\/p>\n<p><img loading=\"lazy\" decoding=\"async\" class=\"aligncenter size-full wp-image-19834\" alt=\"animation la plus chiante de VPM\" src=\"http:\/\/vpmedias.fr\/wp-content\/uploads\/2014\/12\/animation-la-plus-chiante-de-VPM.png\" width=\"540\" height=\"580\" srcset=\"https:\/\/vpmedias.fr\/wp-content\/uploads\/2014\/12\/animation-la-plus-chiante-de-VPM.png 540w, https:\/\/vpmedias.fr\/wp-content\/uploads\/2014\/12\/animation-la-plus-chiante-de-VPM-139x150.png 139w, https:\/\/vpmedias.fr\/wp-content\/uploads\/2014\/12\/animation-la-plus-chiante-de-VPM-279x300.png 279w\" sizes=\"auto, (max-width: 540px) 100vw, 540px\" \/><\/p>\n<p>Je ne souhaite bien s\u00fbr pas oubli\u00e9 l&rsquo;animation Mister VPM 2014, que j&rsquo;ai moi m\u00eame organis\u00e9 par simple soucis d&rsquo;\u00e9galit\u00e9 entre les deux sexes sur notre site. Le laur\u00e9at a d&rsquo;ailleurs \u00e9t\u00e9 Jumpo et Kenpachii suite \u00e0 une \u00e9galit\u00e9 parfaite entre les deux candidats.<\/p>\n<p>Korigan nous a \u00e9galement appel\u00e9 \u00e0 le suivre dans sa lutte pour la protection de l&rsquo;Islande contre la construction d&rsquo;une autoroute. Vous retrouvez sur VPM\u00e9dias son premier message, accueilli avec plus ou moins de succ\u00e8s. Ce sujet a d&rsquo;ailleurs pationn\u00e9 Popolytik par la suite.<\/p>\n<blockquote><p><span style=\"color: #9900cc;\"><span style=\"color: #9900cc;\">De <b>korigan<\/b><br \/>\nLe 03\/01\/14 \u00e0 12:24:42<br \/>\n<br clear=\"all\" \/><\/span><\/span><\/p>\n<div align=\"justify\">\n<p>.. stoppent un projet d&rsquo;autoroute<\/p>\n<p>L&rsquo;Islande est donc le vrai pays des elfes. En tout cas, c&rsquo;est une croyance fortement enracin\u00e9e dans l&rsquo;imaginaire de sa population. Assez pour qu&rsquo;un mouvement appel\u00e9 \u00ables amis de Lava\u00bb &#8211; un lieu menac\u00e9 par un chantier &#8211; alli\u00e9 aux \u00e9cologistes, s&rsquo;oppose \u00e0 un projet d&rsquo;autoroute mena\u00e7ant \u00abl&rsquo;habitat elfe et une \u00e9glise elfique\u00bb.<br \/>\nLe groupe a plusieurs fois mobilis\u00e9 des centaines de personnes pour arr\u00eater la construction d&rsquo;une route menant de Gardabaer \u00e0 la pointe de la p\u00e9ninsule d&rsquo;Alftanes, \u00e0 une dizaine de kilom\u00e8tres de Reykjavik, la capitale islandaise. Sujet \u00e9minemment pol\u00e9mique, le pr\u00e9sident islandais y poss\u00e9dant une r\u00e9sidence.<br \/>\nDans ce pays nordique, il ne fait pas bon rire avec le \u00abHuldufolk\u00bb ( le peuple cach\u00e9). Le projet est \u00e0 l&rsquo;arr\u00eat, dans l&rsquo;attente d&rsquo;une d\u00e9cision de la cour supr\u00eame du pays, consult\u00e9e sur le sujet. Une enqu\u00eate montrait en 2007 que 62 % de la population islandaise croyait aux Elfes. Pour les \u00abamis de Lava\u00bb, c&rsquo;est avant tout une occasion de d\u00e9fendre \u00abla culture et l&rsquo;histoire de paysages uniques au monde\u00bb.<\/p>\n<p>\u00abLa question elfe peut para\u00eetre perturbante mais ce qui peut para\u00eetre irrationnel ne l&rsquo;est pas pour beaucoup d&rsquo;Islandais\u00bb, explique ainsi Andri Snaer Magnason, membre du collectif. Les l\u00e9gendes sur les elfes et les trolls font partie de la litt\u00e9rature depuis le XIXe si\u00e8cle et de la mythologie islandaise depuis le passage des Vikings au Moyen-Age.<br \/>\nvive l &lsquo; Islande<\/p>\n<\/div>\n<div align=\"justify\"><\/div>\n<\/blockquote>\n<p>Galf nous a ensuite propos\u00e9 un nouveau d\u00e9bat tr\u00e8s int\u00e9ressant, il permettait de choisir entre chocolatine et pain au chocolat. Et vous, qu&rsquo;auriez-vous vot\u00e9 ? Vous pouvez nous le dire en commentaire. Je pr\u00e9cise qu&rsquo;il y a eu une \u00e9galit\u00e9 entre les deux noms de ce d\u00e9licieux met bien fran\u00e7ais.<\/p>\n<p>Nous avons \u00e9galement eu droit aux diff\u00e9rents topics concernant un humoriste que vous connaissez certainement qui a fait beaucoup parl\u00e9 de lui en 2014, il s&rsquo;agit \u00e9videmment de Dieudonn\u00e9. Ouranos et Louistiti ont essayer d&rsquo;aborder le sujet avec un certains succ\u00e8s, plus de 90 messages au total.<\/p>\n<p>Questionnement \u00e9galement autour du Ballon d&rsquo;Or 2013, cette r\u00e9compense qui honore le meilleur footballeur au monde, d\u00e9cern\u00e9 le 13 janvier 2014 \u00e0 Christiano Ronaldo. C&rsquo;est Snow qui a trait\u00e9 de la question.<\/p>\n<hr \/>\n<p>&nbsp;<\/p>\n<p>C&rsquo;est ainsi que nous terminons ce petit tour d&rsquo;horizon de ce qui c&rsquo;est produit en Janvier 2014 ! 2015 sera-t-il aussi riche en rebondissement ? Seul l&rsquo;avenir nous le dira. On se retrouve dans quelques jours pour le r\u00e9capitulatif de F\u00e9vrier 2014 et bien \u00e9videmment du reste de l&rsquo;ann\u00e9e. N&rsquo;h\u00e9sitez pas \u00e0 comment\u00e9 toute l&rsquo;actu abord\u00e9 ici, avec toute l&rsquo;\u00e9quipe de VPM\u00e9dias.fr<\/p>\n<p>[auteur]<\/p>\n","protected":false},"excerpt":{"rendered":"<p>Que c&rsquo;est-il pass\u00e9 en Janvier 2014 sur VPM ? Enqu\u00eates, R\u00e9v\u00e9lations et R\u00e9ponses ici !<\/p>\n","protected":false},"author":91,"featured_media":0,"comment_status":"open","ping_status":"open","sticky":false,"template":"","format":"standard","meta":{"site-container-style":"default","site-container-layout":"default","site-sidebar-layout":"default","disable-article-header":"default","disable-site-header":"default","disable-site-footer":"default","disable-content-area-spacing":"default","footnotes":""},"categories":[312,4],"tags":[617,482,18],"class_list":["post-19823","post","type-post","status-publish","format-standard","hentry","category-g-a-la-une","category-2-vpmc","tag-617","tag-actualites","tag-forum"],"_links":{"self":[{"href":"https:\/\/vpmedias.fr\/index.php?rest_route=\/wp\/v2\/posts\/19823","targetHints":{"allow":["GET"]}}],"collection":[{"href":"https:\/\/vpmedias.fr\/index.php?rest_route=\/wp\/v2\/posts"}],"about":[{"href":"https:\/\/vpmedias.fr\/index.php?rest_route=\/wp\/v2\/types\/post"}],"author":[{"embeddable":true,"href":"https:\/\/vpmedias.fr\/index.php?rest_route=\/wp\/v2\/users\/91"}],"replies":[{"embeddable":true,"href":"https:\/\/vpmedias.fr\/index.php?rest_route=%2Fwp%2Fv2%2Fcomments&post=19823"}],"version-history":[{"count":9,"href":"https:\/\/vpmedias.fr\/index.php?rest_route=\/wp\/v2\/posts\/19823\/revisions"}],"predecessor-version":[{"id":19845,"href":"https:\/\/vpmedias.fr\/index.php?rest_route=\/wp\/v2\/posts\/19823\/revisions\/19845"}],"wp:attachment":[{"href":"https:\/\/vpmedias.fr\/index.php?rest_route=%2Fwp%2Fv2%2Fmedia&parent=19823"}],"wp:term":[{"taxonomy":"category","embeddable":true,"href":"https:\/\/vpmedias.fr\/index.php?rest_route=%2Fwp%2Fv2%2Fcategories&post=19823"},{"taxonomy":"post_tag","embeddable":true,"href":"https:\/\/vpmedias.fr\/index.php?rest_route=%2Fwp%2Fv2%2Ftags&post=19823"}],"curies":[{"name":"wp","href":"https:\/\/api.w.org\/{rel}","templated":true}]}}