{"id":19884,"date":"2015-01-07T22:08:05","date_gmt":"2015-01-07T21:08:05","guid":{"rendered":"http:\/\/vpmedias.fr\/?p=19884"},"modified":"2015-01-07T22:36:16","modified_gmt":"2015-01-07T21:36:16","slug":"carnet-de-campagne-maxdeniiice-a-besancon","status":"publish","type":"post","link":"https:\/\/vpmedias.fr\/?p=19884","title":{"rendered":"[Carnet de Campagne] Maxdeniiice \u00e0 Besan\u00e7on"},"content":{"rendered":"<p><span><b><strong>Maxdeniiice, je suis. Mon histoire, je vais raconter.<!--more--><\/strong><\/b><\/span><\/p>\n<p><span>J&rsquo;ai 7 ans. Je suis n\u00e9 le 03 mars 2008 sur la ville Nice. Mon p\u00e8re est d\u00e9c\u00e9d\u00e9 \u00e0 la suite d&rsquo;un traumatisme cr\u00e2nien d\u00fb \u00e0 un coup de valise. Ma m\u00e8re n&rsquo;a pu subvenir \u00e0 mes besoins de futur politicien. Elle m&rsquo;a abandonn\u00e9 l&rsquo;\u00e9t\u00e9 2008 \u00e0 la Cath\u00e9drale Saint-Paria, \u00e0 Bourges.<\/span><br \/>\n<span> Depuis, je recherche le chemin pour retourner dans ma ville natale, la ville ni\u00e7oise.<\/span><\/p>\n<p><span><b><strong>Besan\u00e7on a \u00e9t\u00e9 une des \u00e9tapes de mon p\u00e9riple.<\/strong><\/b><\/span><\/p>\n<p><span>Quand j&rsquo;y suis all\u00e9 pour la premi\u00e8re fois, Besan\u00e7on venait d&rsquo;\u00eatre prise par Gclement. Lors de ma derni\u00e8re campagne l\u00e0-bas, la troisi\u00e8me, il se pr\u00e9parait \u00e0 devenir dictateur tel Krusty avec son village. Gclement avait tout pr\u00e9vu : les plans pour construire son Palais Royal, l&rsquo;ouverture de son compte en Suisses, le pillage des ressources&#8230; Tout, sauf l&rsquo;arriv\u00e9e des Rebelles Acad\u00e9mies \u00e0 cette campagne. Et ces Rebelles \u00e9taient fut\u00e9s : ils connaissaient le point faible du Parti G\u00e9nitale auquel appartenait Gclement. Cette faiblesse sont les femmes. Thepeste, femme Rebelle, y a donc \u00e9t\u00e9 investie.<\/span><\/p>\n<p><span>Le 21 d\u00e9cembre, Bananus a annonc\u00e9 en fanfare le d\u00e9but de campagne. Pour ma part, je cherchais \u00e0 travers l&rsquo;herbe un Panda, une Laju, une Sengel ou un Sauvage \u00e0 faire r\u00f4tir. Au lieu de \u00e7a, j&rsquo;ai trouv\u00e9 un Slip puant, Pifpaf.<\/span><br \/>\n<span> Tandis que je faisais des d\u00e9couvertes tel Christophe Colomb d\u00e9couvrant l&rsquo;Asie, les autres campagnards n&rsquo;ont pas entendu le d\u00e9part d&rsquo;une campagne mais celui d&rsquo;une bataille. Ils prenaient des valises, tapaient, assommais. L&rsquo;un a perdu deux leaders, l&rsquo;autre a \u00e9t\u00e9 mis k.o. (0%), un autre s&rsquo;est tap\u00e9 l&rsquo;affiche. C&rsquo;\u00e9tait dur \u00e0 voir, c&rsquo;\u00e9tait un vrai d\u00e9sastre.<\/span><br \/>\n<span> Dans mon coin, apr\u00e8s avoir trouv\u00e9 un rat des champs, j&rsquo;ai fait un petit barbecue. Le pr\u00e9fet s&rsquo;est invit\u00e9. Le journaliste a insist\u00e9 pour me faire une interview. Euh&#8230; Plut\u00f4t me voler mon rat. Et l&rsquo;autre, me voler mon argent. Oui, j&rsquo;ai \u00e9t\u00e9 pris comme victime.<\/span><\/p>\n<p><span>Les plakass volaient, les tomates rebondissaient. Ses beaux cheveux blonds flottaient au vent. Ses beaux yeux bleut\u00e9s avaient un si beau reflet. Ah oui, c&rsquo;est mon reflet qu&rsquo;il y a dans ses yeux. La classe !<\/span><br \/>\n<span> Elle s&rsquo;avan\u00e7a avec sa machette et dans un calme religieux, la lan\u00e7a. Elle atteignit Gclement.<\/span><br \/>\n<span> Ce n&rsquo;est pas la pin-up de VPM qui a vaincu le futur dictateur mais, la Rebelle, Thepeste atteinte de strabisme.<\/span><\/p>\n<hr \/>\n<p><span><em>Auteur: Maxdeniiice. Retrouvez sur cet article les textes et les participants \u00e0 l&rsquo;animation Carnet de Campagne.<\/em><\/span><\/p>\n","protected":false},"excerpt":{"rendered":"<p>La participation de Maxdeniiice \u00e0 l&rsquo;animation Carnets de Campagne. Il nous raconte sa campagne \u00e0 Besan\u00e7on.<\/p>\n","protected":false},"author":14,"featured_media":0,"comment_status":"open","ping_status":"open","sticky":false,"template":"","format":"standard","meta":{"site-container-style":"default","site-container-layout":"default","site-sidebar-layout":"default","disable-article-header":"default","disable-site-header":"default","disable-site-footer":"default","disable-content-area-spacing":"default","footnotes":""},"categories":[302],"tags":[435,45],"class_list":["post-19884","post","type-post","status-publish","format-standard","hentry","category-5-la-tribune-libre","tag-animation","tag-campagne"],"_links":{"self":[{"href":"https:\/\/vpmedias.fr\/index.php?rest_route=\/wp\/v2\/posts\/19884","targetHints":{"allow":["GET"]}}],"collection":[{"href":"https:\/\/vpmedias.fr\/index.php?rest_route=\/wp\/v2\/posts"}],"about":[{"href":"https:\/\/vpmedias.fr\/index.php?rest_route=\/wp\/v2\/types\/post"}],"author":[{"embeddable":true,"href":"https:\/\/vpmedias.fr\/index.php?rest_route=\/wp\/v2\/users\/14"}],"replies":[{"embeddable":true,"href":"https:\/\/vpmedias.fr\/index.php?rest_route=%2Fwp%2Fv2%2Fcomments&post=19884"}],"version-history":[{"count":3,"href":"https:\/\/vpmedias.fr\/index.php?rest_route=\/wp\/v2\/posts\/19884\/revisions"}],"predecessor-version":[{"id":19946,"href":"https:\/\/vpmedias.fr\/index.php?rest_route=\/wp\/v2\/posts\/19884\/revisions\/19946"}],"wp:attachment":[{"href":"https:\/\/vpmedias.fr\/index.php?rest_route=%2Fwp%2Fv2%2Fmedia&parent=19884"}],"wp:term":[{"taxonomy":"category","embeddable":true,"href":"https:\/\/vpmedias.fr\/index.php?rest_route=%2Fwp%2Fv2%2Fcategories&post=19884"},{"taxonomy":"post_tag","embeddable":true,"href":"https:\/\/vpmedias.fr\/index.php?rest_route=%2Fwp%2Fv2%2Ftags&post=19884"}],"curies":[{"name":"wp","href":"https:\/\/api.w.org\/{rel}","templated":true}]}}