{"id":19976,"date":"2015-01-10T23:02:27","date_gmt":"2015-01-10T22:02:27","guid":{"rendered":"http:\/\/vpmedias.fr\/?p=19976"},"modified":"2015-01-10T23:02:27","modified_gmt":"2015-01-10T22:02:27","slug":"lillu-du-samedi-10012015","status":"publish","type":"post","link":"https:\/\/vpmedias.fr\/?p=19976","title":{"rendered":"L&rsquo;illu du samedi 10\/01\/2015"},"content":{"rendered":"<p style=\"text-align: justify;\">Le noir sur la partie habituellement color\u00e9e du logo, la neige qui ne tombe plus: c&rsquo;est l&rsquo;hommage discret de VPM\u00e9dias aux victimes des \u00e9v\u00e9nements r\u00e9cents, qui mobilisent aujourd&rsquo;hui et demain en France, et notamment aux journalistes de Charlie Hebdo, dans les circonstances et pour les raisons que l&rsquo;on conna\u00eet. <!--more-->Sans en dire plus, je publie simplement un des derniers dessin de Charb, sans doute un des plus ironiques. Il est accompagn\u00e9 d&rsquo;une illustration. Il y a quelques ann\u00e9es, cette rubrique de VPM\u00e9dias faisait honneur au dessin de presse chaque samedi, en publiant un dessin traitant de l&rsquo;actualit\u00e9 IRL ou VPMienne.<\/p>\n<p style=\"text-align: justify;\"><a href=\"http:\/\/vpmedias.fr\/wp-content\/uploads\/2015\/01\/54ad2d289d0e3.jpg\"><img loading=\"lazy\" decoding=\"async\" class=\"aligncenter size-full wp-image-19977\" alt=\"Charlie-hebdo-charb\" src=\"http:\/\/vpmedias.fr\/wp-content\/uploads\/2015\/01\/54ad2d289d0e3.jpg\" width=\"321\" height=\"314\" srcset=\"https:\/\/vpmedias.fr\/wp-content\/uploads\/2015\/01\/54ad2d289d0e3.jpg 489w, https:\/\/vpmedias.fr\/wp-content\/uploads\/2015\/01\/54ad2d289d0e3-150x146.jpg 150w, https:\/\/vpmedias.fr\/wp-content\/uploads\/2015\/01\/54ad2d289d0e3-300x293.jpg 300w\" sizes=\"auto, (max-width: 321px) 100vw, 321px\" \/><\/a><\/p>\n<p style=\"text-align: justify;\"><a href=\"http:\/\/vpmedias.fr\/wp-content\/uploads\/2015\/01\/P1110235.jpg\"><img loading=\"lazy\" decoding=\"async\" class=\"aligncenter size-full wp-image-19978\" alt=\"Illu10janvier2015\" src=\"http:\/\/vpmedias.fr\/wp-content\/uploads\/2015\/01\/P1110235.jpg\" width=\"500\" height=\"343\" srcset=\"https:\/\/vpmedias.fr\/wp-content\/uploads\/2015\/01\/P1110235.jpg 500w, https:\/\/vpmedias.fr\/wp-content\/uploads\/2015\/01\/P1110235-150x102.jpg 150w, https:\/\/vpmedias.fr\/wp-content\/uploads\/2015\/01\/P1110235-300x205.jpg 300w\" sizes=\"auto, (max-width: 500px) 100vw, 500px\" \/><\/a><\/p>\n","protected":false},"excerpt":{"rendered":"<p>Un dessin, un croquis, une photo qui vient illuster l\u2019actu VPMienne ou de la vraie vie. Aujourd\u2019hui: un hommage.<\/p>\n","protected":false},"author":5,"featured_media":0,"comment_status":"open","ping_status":"open","sticky":false,"template":"","format":"standard","meta":{"site-container-style":"default","site-container-layout":"default","site-sidebar-layout":"default","disable-article-header":"default","disable-site-header":"default","disable-site-footer":"default","disable-content-area-spacing":"default","footnotes":""},"categories":[4],"tags":[328,39,188,255],"class_list":["post-19976","post","type-post","status-publish","format-standard","hentry","category-2-vpmc","tag-edition-du-week-end","tag-humour","tag-lillu-du-samedi","tag-la-vraie-vie"],"_links":{"self":[{"href":"https:\/\/vpmedias.fr\/index.php?rest_route=\/wp\/v2\/posts\/19976","targetHints":{"allow":["GET"]}}],"collection":[{"href":"https:\/\/vpmedias.fr\/index.php?rest_route=\/wp\/v2\/posts"}],"about":[{"href":"https:\/\/vpmedias.fr\/index.php?rest_route=\/wp\/v2\/types\/post"}],"author":[{"embeddable":true,"href":"https:\/\/vpmedias.fr\/index.php?rest_route=\/wp\/v2\/users\/5"}],"replies":[{"embeddable":true,"href":"https:\/\/vpmedias.fr\/index.php?rest_route=%2Fwp%2Fv2%2Fcomments&post=19976"}],"version-history":[{"count":2,"href":"https:\/\/vpmedias.fr\/index.php?rest_route=\/wp\/v2\/posts\/19976\/revisions"}],"predecessor-version":[{"id":19980,"href":"https:\/\/vpmedias.fr\/index.php?rest_route=\/wp\/v2\/posts\/19976\/revisions\/19980"}],"wp:attachment":[{"href":"https:\/\/vpmedias.fr\/index.php?rest_route=%2Fwp%2Fv2%2Fmedia&parent=19976"}],"wp:term":[{"taxonomy":"category","embeddable":true,"href":"https:\/\/vpmedias.fr\/index.php?rest_route=%2Fwp%2Fv2%2Fcategories&post=19976"},{"taxonomy":"post_tag","embeddable":true,"href":"https:\/\/vpmedias.fr\/index.php?rest_route=%2Fwp%2Fv2%2Ftags&post=19976"}],"curies":[{"name":"wp","href":"https:\/\/api.w.org\/{rel}","templated":true}]}}