{"id":21045,"date":"2015-03-27T13:07:55","date_gmt":"2015-03-27T12:07:55","guid":{"rendered":"http:\/\/vpmedias.fr\/?p=21045"},"modified":"2015-03-27T13:10:34","modified_gmt":"2015-03-27T12:10:34","slug":"krustyisbackk-votre-clown-ne-vous-laissera-pas-tomber","status":"publish","type":"post","link":"https:\/\/vpmedias.fr\/?p=21045","title":{"rendered":"Krustyisbackk : \u00ab Votre clown ne vous laissera pas tomber \u00bb"},"content":{"rendered":"<p style=\"text-align: justify;\"><em>Aujourd\u2019hui, retrouvez sur VPM\u00e9dias un rapide portrait des candidats en lice pour le premier tour de l\u2019\u00e9lection pr\u00e9sidentielle.<\/em><\/p>\n<p style=\"text-align: justify;\"><strong>Bonjour Krustyisbackk,<\/strong><\/p>\n<p style=\"text-align: justify;\"><strong>Bienvenue dans nos superbes locaux. <!--more-->Peux-tu te pr\u00e9senter, pour qui ne t&rsquo;auraient pas encore crois\u00e9 ?<\/strong><\/p>\n<p style=\"text-align: justify;\">Bonjour la foule. Quelle honte de devoir me pr\u00e9senter, je suis \u00e0 trois doigts de claquer la porte. Sinon votre clown s\u00e9vit depuis quasiment 1 an sur VPM sous ce pseudo. R\u00e9ellement il y 8 ans que je joue \u00e0 VPM mais c&rsquo;\u00e9tait de mani\u00e8re irr\u00e9guli\u00e8re.<\/p>\n<p style=\"text-align: justify;\"><strong>\u00a0Comment as-tu v\u00e9cu cette campagne pr\u00e9sidentielle ? Etait-ce anim\u00e9 ?<\/strong><\/p>\n<p style=\"text-align: justify;\">Calme au d\u00e9but mais c&rsquo;est du au fait que malgr\u00e9 que nous sommes concurrent pour la pr\u00e9si, les 3 favoris (Ganad, Thepeste et moi m\u00eame) nous nous entendons tr\u00e8s tr\u00e8s bien sur les march\u00e9s et en MP. Nous discutons quasiment quotidiennement et c&rsquo;est dur de pourrir la campagne de l&rsquo;un et de l&rsquo;autre.<\/p>\n<p style=\"text-align: justify;\"><strong>\u00a0As-tu voulu mettre en oeuve un programme ? Si oui, quel est-il ?<\/strong><\/p>\n<p style=\"text-align: justify;\">Bien sur (fait soif ici, t&rsquo;a rien \u00e0 boire ?).\u00a0 Je compte justement m&rsquo;occuper grandement des m\u00e9dias, qui ont \u00e9t\u00e9 oubli\u00e9 sous la p\u00e9riode Talisman\u00e8sque.\u00a0 Des animations m\u00e9dias, la cr\u00e9ation d&rsquo;une grande loterie vpm hebdromadaire qui rapporterai des cr\u00e9dits aux vpmiens sans favoritisme. Promouvoir VPM, qui n&rsquo;est pas assez mis en avant, il faut exploiter ce potentiel, je suis persuad\u00e9 que l&rsquo;on peut doubl\u00e9 le nombre de joueur actif en 4 mois. Et surtout, un pr\u00e9sident proche des vpmiens. Ma pr\u00e9sence continue ici n&rsquo;est plus \u00e0 prouver.<\/p>\n<p style=\"text-align: justify;\"><strong>Voici une Duff! Qui seront tes ministres si tu es \u00e9lu ?<\/strong><\/p>\n<p style=\"text-align: justify;\">J&rsquo;ai d\u00e9j\u00e0 pr\u00e9vu quelques noms, mais je n&rsquo;ai fais aucune promesse lors de la campagne, je ne joue pas \u00e0 cela. Certains savent qu&rsquo;ils seront ministre mais je ne d\u00e9voilerai pas de nom pour ne pas fausser le vote. Tout ce que je souhaite dire c&rsquo;est que ce sera un gouvernement de tous horizons et pas 100% rebelle comme on tente de le faire croire.<\/p>\n<p style=\"text-align: justify;\"><strong>\u00a0Deux adjectifs qui te d\u00e9finissent ?<\/strong><\/p>\n<p style=\"text-align: justify;\">Auto-d\u00e9rision &amp; humour<\/p>\n<p style=\"text-align: justify;\"><strong>\u00a0Pourquoi devrait-on voter pour toi et pas un autre ?<\/strong><\/p>\n<p style=\"text-align: justify;\">Car votre clown ne vous laissera pas tomber et a vraiment \u00e0 c\u0153ur de r\u00e9ussir ce mandat. Ce serait vraiment un mandat du tonnerre avec Krusty pr\u00e9sident. Si vous avez des c**** tentez l&rsquo;exp\u00e9rience. :)<br \/>\nMerci \u00e0 vpm\u00e9dia de m&rsquo;avoir re\u00e7u, beau boulot comme d&rsquo;habitude, continuez.<\/p>\n<p style=\"text-align: justify;\"><em>Merci Krustyisbackk, bon retour dans ton QG de campagne et bonne chance.<\/em><\/p>\n","protected":false},"excerpt":{"rendered":"<p>Le candidat Krustyisbackk est pass\u00e9 dans nos locaux. Il nous parle de sa campagne et de ce qu&rsquo;il pr\u00e9voit, entre autres !<\/p>\n","protected":false},"author":5,"featured_media":0,"comment_status":"open","ping_status":"open","sticky":false,"template":"","format":"standard","meta":{"site-container-style":"default","site-container-layout":"default","site-sidebar-layout":"default","disable-article-header":"default","disable-site-header":"default","disable-site-footer":"default","disable-content-area-spacing":"default","footnotes":""},"categories":[4],"tags":[34,49,639,418],"class_list":["post-21045","post","type-post","status-publish","format-standard","hentry","category-2-vpmc","tag-interview","tag-portrait","tag-presi-23","tag-presidentielle"],"_links":{"self":[{"href":"https:\/\/vpmedias.fr\/index.php?rest_route=\/wp\/v2\/posts\/21045","targetHints":{"allow":["GET"]}}],"collection":[{"href":"https:\/\/vpmedias.fr\/index.php?rest_route=\/wp\/v2\/posts"}],"about":[{"href":"https:\/\/vpmedias.fr\/index.php?rest_route=\/wp\/v2\/types\/post"}],"author":[{"embeddable":true,"href":"https:\/\/vpmedias.fr\/index.php?rest_route=\/wp\/v2\/users\/5"}],"replies":[{"embeddable":true,"href":"https:\/\/vpmedias.fr\/index.php?rest_route=%2Fwp%2Fv2%2Fcomments&post=21045"}],"version-history":[{"count":4,"href":"https:\/\/vpmedias.fr\/index.php?rest_route=\/wp\/v2\/posts\/21045\/revisions"}],"predecessor-version":[{"id":21050,"href":"https:\/\/vpmedias.fr\/index.php?rest_route=\/wp\/v2\/posts\/21045\/revisions\/21050"}],"wp:attachment":[{"href":"https:\/\/vpmedias.fr\/index.php?rest_route=%2Fwp%2Fv2%2Fmedia&parent=21045"}],"wp:term":[{"taxonomy":"category","embeddable":true,"href":"https:\/\/vpmedias.fr\/index.php?rest_route=%2Fwp%2Fv2%2Fcategories&post=21045"},{"taxonomy":"post_tag","embeddable":true,"href":"https:\/\/vpmedias.fr\/index.php?rest_route=%2Fwp%2Fv2%2Ftags&post=21045"}],"curies":[{"name":"wp","href":"https:\/\/api.w.org\/{rel}","templated":true}]}}