{"id":21066,"date":"2015-03-27T21:52:39","date_gmt":"2015-03-27T20:52:39","guid":{"rendered":"http:\/\/vpmedias.fr\/?p=21066"},"modified":"2015-03-27T21:53:58","modified_gmt":"2015-03-27T20:53:58","slug":"ganad-je-me-sens-capable-doser","status":"publish","type":"post","link":"https:\/\/vpmedias.fr\/?p=21066","title":{"rendered":"Ganad : \u00ab Je me sens capable d&rsquo;oser \u00bb"},"content":{"rendered":"<p style=\"text-align: justify;\"><em>Aujourd\u2019hui, retrouvez sur VPM\u00e9dias un rapide portrait des candidats en lice pour le premier tour de l\u2019\u00e9lection pr\u00e9sidentielle.<!--more--><\/em><\/p>\n<p style=\"text-align: justify;\"><strong>Bonjour Ganad,<\/strong><\/p>\n<p style=\"text-align: justify;\"><strong>Certains joueurs ne te connaissent peut-\u00eatre pas encore, alors peux tu faire une petite pr\u00e9sentation \u00e0 leur intention ?<\/strong><\/p>\n<p style=\"text-align: justify;\">Pas encore, tu es s\u00e9rieux l\u00e0 ?? Je suis un jeune canard, inscrit sur VPM depuis 2008, peut-\u00eatre m\u00eame avant, je ne me souviens plus trop. Au d\u00e9but, plut\u00f4t discret puis j&rsquo;ai commenc\u00e9 \u00e0 m&rsquo;int\u00e9resser aux pr\u00e9sidentielles. De fait et avec l&rsquo;\u00e9lection de Talisman, je suis devenu beaucoup plus pr\u00e9sent et je dois avouer que \u00e7a m&rsquo;a plu d&rsquo;o\u00f9 ma candidature. En dehors de \u00e7a, je dirige Le Mans avec mon compte Cancre, parti pour le quel je suis SG depuis bien longtemps maintenant. Je domine, ou dominais Anvers avec mon compte Agneau et j&rsquo;ai enfin un compte au Parti Orgasmique.<br \/>\nAuparavant, j&rsquo;\u00e9tais au parti For ever, parti des ch\u00e8ques, parti Zan, parti du Canard d\u00e9chain\u00e9, Freeze Parti, bref j&rsquo;ai fait le tour.<br \/>\nJe dirais que je suis ouvert, j&rsquo;aime discuter avec les joueurs m\u00eame s&rsquo;ils ne sont pas du m\u00eame avis et c&rsquo;est ce que je veux continuer de faire.<\/p>\n<p style=\"text-align: justify;\"><strong> Comment as-tu v\u00e9cu cette campagne ? Tu as trouv\u00e9 \u00e7a assez anim\u00e9 ?<\/strong><\/p>\n<p style=\"text-align: justify;\">Anim\u00e9, non, malheureusement. M\u00eame si j&rsquo;appr\u00e9cie Krusty et Thepeste, ils n&rsquo;ont pas \u00e9t\u00e9 tr\u00e8s vifs sur cette campagne. D&rsquo;un c\u00f4t\u00e9 Krusty, assez absent du forum mais pr\u00e9sent sur les march\u00e9s, qui a plut\u00f4t tendance \u00e0 tout faire faire par mp ou pas Mamix et de l&rsquo;autre Thepeste qui pr\u00e9f\u00e8re ne pas r\u00e9agir. Du coup, malgr\u00e9 les piques de Sengel, Sauvage, et quelqu&rsquo;unes \u00e0 moi, cette campagne n&rsquo;a pas vraiment \u00e9t\u00e9 \u00e0 la hauteur. Il sera difficile pour le prochain pr\u00e9sident de r\u00e9tablir une bonne ambiance sur VPM.<\/p>\n<p style=\"text-align: justify;\"><strong> Parles-nous de ton programme si tu es \u00e9lu ?<\/strong><\/p>\n<p style=\"text-align: justify;\">D\u00e9j\u00e0, je veux axer mon projet sur le fait qu&rsquo;il n&rsquo;existe pas des rebelles, non rebelles et autres, mais des VPMiens. On a un peu oubli\u00e9 cela. Pour le coup, je vais essayer de faire des animations o\u00f9 se c\u00f4toieront les deux tendances pour essayer un rapprochement; Apr\u00e8s cela, il s&rsquo;agira de cr\u00e9er une vraie opposition, mais pas une opposition enfantine comme on a souvent vu. Beaucoup de grosses animations sont pr\u00e9vues, avec des prix, des plus courtes aussi. Je m&rsquo;engage \u00e0 distribuer des enveloppes \u00e0 ceux qui en auront besoin, bref aider les jeunes, tout en d\u00e9veloppant VPM. C\u00f4t\u00e9 ministres, 8 seront nomm\u00e9s et je ferai remaniement au troisi\u00e8me mois. Bref un projet sur l&rsquo;humour qui r\u00e9tablira VPM sur de bonnes bases pour attirer d&rsquo;autres joueurs. Sans oublier les m\u00e9dias, pour lesquels je pr\u00e9voie quelques animations. Une tr\u00e8s grosse animation sur l&rsquo;enti\u00e8ret\u00e9 du mandat sera propos\u00e9e, en mettant en avant toutes les magouilles du jeu, par le biais de missions secr\u00e8tes.<\/p>\n<p style=\"text-align: justify;\"><strong> Qui seront tes ministres en cas de victoire ?<\/strong><\/p>\n<p style=\"text-align: justify;\">Question difficile : tout d\u00e9pendra des r\u00e9sultats de ce soir. Ce que je peux d\u00e9j\u00e0 dire, c&rsquo;est que Prikachu, Kropo, Boblecave, Supergenial, Krusty, Thepeste&#8230; sont dans ma t\u00eate. A cela se rajouteront les vainqueurs aux diff\u00e9rentes animations d\u00e9j\u00e0 lanc\u00e9es, un campagnard, un responsable soir\u00e9es VPM,&#8230;<\/p>\n<p style=\"text-align: justify;\"><strong> Donne-nous deux adjectifs qui te d\u00e9finissent ?<\/strong><\/p>\n<p style=\"text-align: justify;\">Ouvert &#8211; motiv\u00e9<\/p>\n<p style=\"text-align: justify;\"><strong> Enfin, pourquoi devrait-on voter pour toi et pas un autre ?<\/strong><\/p>\n<p style=\"text-align: justify;\">Pourquoi pas ? Vous avez devant vous un ministre actif, appr\u00e9ci\u00e9 d&rsquo;une partie de VPM. En face, ils sont sympas mais inexp\u00e9riment\u00e9s. Ils vont distribuer les enveloppes n&rsquo;importe comment, n&rsquo;assumeront rien et partiront tr\u00e8s vite de peur des critiques. J&rsquo;ai du v\u00e9cu, je sais ce qu&rsquo;il ne faut pas faire et je me sens capable d&rsquo;oser faire des choses peu orthodoxes&#8230; Et puis, un canard, \u00e7a ne se refuse pas.<\/p>\n<p style=\"text-align: justify;\"><em>Merci Ganad d&rsquo;avoir r\u00e9pondu \u00e0 nos questions, et bonne chance pour ce premier tour.<\/em><\/p>\n","protected":false},"excerpt":{"rendered":"<p>Le candidat Ganad nous fait part de son constat sur le jeu et de son projet dans le cadre de sa candidature.<\/p>\n","protected":false},"author":5,"featured_media":0,"comment_status":"open","ping_status":"open","sticky":false,"template":"","format":"standard","meta":{"site-container-style":"default","site-container-layout":"default","site-sidebar-layout":"default","disable-article-header":"default","disable-site-header":"default","disable-site-footer":"default","disable-content-area-spacing":"default","footnotes":""},"categories":[4],"tags":[34,49,639,418],"class_list":["post-21066","post","type-post","status-publish","format-standard","hentry","category-2-vpmc","tag-interview","tag-portrait","tag-presi-23","tag-presidentielle"],"_links":{"self":[{"href":"https:\/\/vpmedias.fr\/index.php?rest_route=\/wp\/v2\/posts\/21066","targetHints":{"allow":["GET"]}}],"collection":[{"href":"https:\/\/vpmedias.fr\/index.php?rest_route=\/wp\/v2\/posts"}],"about":[{"href":"https:\/\/vpmedias.fr\/index.php?rest_route=\/wp\/v2\/types\/post"}],"author":[{"embeddable":true,"href":"https:\/\/vpmedias.fr\/index.php?rest_route=\/wp\/v2\/users\/5"}],"replies":[{"embeddable":true,"href":"https:\/\/vpmedias.fr\/index.php?rest_route=%2Fwp%2Fv2%2Fcomments&post=21066"}],"version-history":[{"count":2,"href":"https:\/\/vpmedias.fr\/index.php?rest_route=\/wp\/v2\/posts\/21066\/revisions"}],"predecessor-version":[{"id":21069,"href":"https:\/\/vpmedias.fr\/index.php?rest_route=\/wp\/v2\/posts\/21066\/revisions\/21069"}],"wp:attachment":[{"href":"https:\/\/vpmedias.fr\/index.php?rest_route=%2Fwp%2Fv2%2Fmedia&parent=21066"}],"wp:term":[{"taxonomy":"category","embeddable":true,"href":"https:\/\/vpmedias.fr\/index.php?rest_route=%2Fwp%2Fv2%2Fcategories&post=21066"},{"taxonomy":"post_tag","embeddable":true,"href":"https:\/\/vpmedias.fr\/index.php?rest_route=%2Fwp%2Fv2%2Ftags&post=21066"}],"curies":[{"name":"wp","href":"https:\/\/api.w.org\/{rel}","templated":true}]}}