{"id":21107,"date":"2015-03-31T00:52:52","date_gmt":"2015-03-30T23:52:52","guid":{"rendered":"http:\/\/vpmedias.fr\/?p=21107"},"modified":"2015-03-31T13:05:14","modified_gmt":"2015-03-31T12:05:14","slug":"premieres-reactions-de-ganad-a-lannonce-des-resultats","status":"publish","type":"post","link":"https:\/\/vpmedias.fr\/?p=21107","title":{"rendered":"Apr\u00e8s sa victoire, Ganad nous confie ses premi\u00e8res impressions"},"content":{"rendered":"<div style=\"text-align: left;\">\n<p style=\"text-align: justify;\"><em>Tout fra\u00eechement d\u00e9cor\u00e9 de ses trois nouvelles \u00e9toiles de Pr\u00e9sident de la R\u00e9publique, Ganad a accept\u00e9 cette nuit de r\u00e9pondre \u00e0 chaud \u00e0 nos premi\u00e8res questions lors d&rsquo;une interview exclusive pour notre site.<\/em><!--more--><\/p>\n<p style=\"text-align: justify;\"><strong>Bob : F\u00e9licitations Ganad pour cette victoire ! Quelles sont tes premi\u00e8res impressions ?<\/strong><br \/>\n<em><strong>Ganad<\/strong> :<\/em> Bah rien, je suis un dictateur sur ce jeu, donc je ne ressens rien. J&rsquo;ai vu les r\u00e9sultats, pris un calva et mon bouquin sur comment r\u00e9gner sur une communaut\u00e9 et j&rsquo;ai attendu le premier message de Bananus&#8230;<\/p>\n<p style=\"text-align: justify;\">Plus s\u00e9rieusement, beaucoup d&rsquo;\u00e9motions \u00e9videmment et surtout une envie de commencer. Je n&rsquo;imaginais pas un jour devenir pr\u00e9sident de VPM et voil\u00e0 qu&rsquo;en quelques semaines, je me vois affubl\u00e9 de 8 \u00e9toiles.<\/p>\n<p style=\"text-align: justify;\"><strong>Que repr\u00e9sente ce poste de Pr\u00e9sident pour toi ? Pas mal de choses, j&rsquo;imagine ?<\/strong><br \/>\nDeux \u00e9toiles en plus et des crises \u00e0 ne plus en finir. Je regardais sans oser approcher les pr\u00e9sidents(tes) s&rsquo;enchainer en me disant int\u00e9rieurement que je n&rsquo;avais aucune chance. Comme beaucoup de jeunes joueurs, on s&rsquo;est peu int\u00e9ress\u00e9 \u00e0 moi, et c&rsquo;est pour cela que je suis rest\u00e9 dans mon coin. Gr\u00e2ce \u00e0 l\u2019<em>affreux<\/em> Talisman, j&rsquo;ai d\u00e9couvert en moi une certaine volont\u00e9 d&rsquo;aller \u00e0 la rencontre des VPMiens. C&rsquo;est pour cela que je remercie chaque VPMien, ayant vot\u00e9 pour moi ou non. Ils m&rsquo;ont fait confiance en tant que ministre et d\u00e9montrent ce soir que mon action n&rsquo;a pas \u00e9t\u00e9 inutile. Je tiens \u00e0 f\u00e9liciter chacun de mes adversaires et leur assurer ma d\u00e9termination \u00e0 poursuivre ma dictature. Un pr\u00e9sident\/ministre\/pr\u00e9sident de conseil\/maire et SG du premier parti de VPM, d\u00e9j\u00e0 vu ? Et puis, je suis fier de succ\u00e9der \u00e0 Talisman et Jacquesdefranc, pr\u00e9sident et ancien SG des Cancres.<\/p>\n<p style=\"text-align: justify;\"><strong>Selon toi, \u00e0 quoi et \u00e0 qui dois-tu ta victoire ?<\/strong><br \/>\nJe ne la dois qu\u2019\u00e0 moi m\u00eame !&#8230; et \u00e0 mes nombreux soutiens bien s\u00fbr, que je citerai dans mon discours demain. A leur d\u00e9termination et \u00e0 leur volont\u00e9 d&rsquo;\u00e9lire un pr\u00e9sident alliant humour, s\u00e9rieux et respect. J&rsquo;ai voulu rencontrer chaque joueur, chaque courant pour devenir un candidat hors alliance ou groupe, je suis le candidat des VPMiens.<\/p>\n<p style=\"text-align: justify;\"><strong>Quels furent tes soutiens ? Est-ce que tu as du faire des promesses ou m\u00eame donner des cr\u00e9dits pour gagner des voix ? ^^<\/strong><br \/>\nIls furent nombreux : Cancres, PLH, Vachettes, PO, Jmenfoutistes, RA, quelques rebelles&#8230; Mais surtout Talisman, Mohamedben, Fontaine, Blackranger, Kropo, Krusty, Prika, Baghera&#8230;<br \/>\nAucune promesse n&rsquo;a \u00e9t\u00e9 faite. J&rsquo;ai spontan\u00e9ment propos\u00e9 deux postes \u00e0 Thepeste qui m&rsquo;avait au pr\u00e9alable propos\u00e9 ses voix. Aucun cr\u00e9dit n&rsquo;at \u00e9t\u00e9 utilis\u00e9, la banane doit me d\u00e9tester!<\/p>\n<p style=\"text-align: justify;\"><strong><img loading=\"lazy\" decoding=\"async\" class=\"alignright size-full wp-image-21112\" alt=\"ganad\" src=\"http:\/\/vpmedias.fr\/wp-content\/uploads\/2015\/03\/ganad.jpg\" width=\"227\" height=\"276\" srcset=\"https:\/\/vpmedias.fr\/wp-content\/uploads\/2015\/03\/ganad.jpg 269w, https:\/\/vpmedias.fr\/wp-content\/uploads\/2015\/03\/ganad-123x150.jpg 123w, https:\/\/vpmedias.fr\/wp-content\/uploads\/2015\/03\/ganad-247x300.jpg 247w\" sizes=\"auto, (max-width: 227px) 100vw, 227px\" \/>Quel fut ton avantage incontestable sur ton adversaire Krustyisback ?<\/strong><br \/>\nKrusty ? C&rsquo;est qui ? Je croyais que je faisais campagne contre Ludu !<\/p>\n<p style=\"text-align: justify;\">Krusty est un chouette joueur, sympa, dynamique mais encore jeune sur le jeu. Aussi, je n&rsquo;\u00e9tais pas le candidat d&rsquo;une alliance, de fait j&rsquo;ai obtenu sans doute plus de voix des joueurs hors alliance. Mais le probl\u00e8me vient sans doute de ce nom, \u00ab\u00a0rebelle\u00a0\u00bb. Qu&rsquo;elle est sa signification aujourd&rsquo;hui ? C&rsquo;est assez flou, malgr\u00e9 les nombreuses tentatives d&rsquo;\u00e9claircissements. Les VPMiens ont encore en t\u00eate la d\u00e9sagr\u00e9able premi\u00e8re partie du mandat Talisman due aux critiques infond\u00e9es de joueurs qui se disaient rebelles. Cela, je vais essayer de changer. Je pense aussi que mon auto-d\u00e9rision et ma volont\u00e9 permanente de discuter avec les joueurs a aid\u00e9. VPM est un jeu, une communaut\u00e9, rien d&rsquo;autre.<\/p>\n<p style=\"text-align: justify;\"><strong>Comment \u00e7a s&rsquo;est pass\u00e9 entre vous ? C&rsquo;\u00e9tait plut\u00f4t tendu ou sympa ? Et une question que peut-\u00eatre plusieurs joueurs se posent : s&rsquo;est-il assez battu \u00e0 ton go\u00fbt ?<\/strong><br \/>\nEn dehors du fait qu&rsquo;il vient me casser les pieds chaque matin devant les fen\u00eatres de la mairie du Mans, il est cool et belge comme moi. Son \u00e9rection, pardon, \u00e9lection, en tant que rebelle alors qu&rsquo;il ne l&rsquo;est pas reste assez comique. Je vais le nommer secr\u00e9taire d&rsquo;\u00e9tat au nez rouge !<\/p>\n<p style=\"text-align: justify;\"><strong>Le versement des enveloppes va d\u00e9marrer tr\u00e8s t\u00f4t. A qui sera destin\u00e9 la premi\u00e8re ?<\/strong><br \/>\nPour moi voyons ! Comme promis dans mon programme, mes 5 premi\u00e8res enveloppes sont destin\u00e9es \u00e0 cinq partis hors top 15. J&rsquo;en ai fait une animation. Il faudra ensuite les distribuer selon les animations du mandat. Pas de cadeau ou de coup fourr\u00e9 \u00e0 ce niveau l\u00e0. Je veux que tous en profitent.<\/p>\n<p style=\"text-align: justify;\"><strong>Quand annonceras-tu le nom des ministres ?<\/strong><br \/>\nBient\u00f4t, je dois encore affiner cela.<\/p>\n<p style=\"text-align: justify;\"><strong>Mais dis-moi, qu&rsquo;est ce qui se pr\u00e9pare ? Dictature ? Imposture ? Rayvolussion ?<\/strong><br \/>\nAh, une dictature, c&rsquo;est une \u00e9vidence. Vous savez, le gars qui dirige tout, qui contr\u00f4le tout, qui voit tout ? Celui qui fera peur la nuit aux clowns ou qui viendra servir une soupe d\u00e9licieuse aux RA le midi ?<\/p>\n<p style=\"text-align: justify;\"><strong>Lecteurs, fuyez, pauvres fous ! Enfin Ganad, un mot pour conclure cet entretien ?<\/strong><br \/>\nMerci \u00e0 tous et que le show commence !<\/p>\n<p style=\"text-align: justify;\"><em>Merci beaucoup Ganad de t&rsquo;\u00eatre confi\u00e9 \u00e0 notre micro ! Il est tout moite maintenant dis-donc, qu&rsquo;as-tu bricol\u00e9 avec ? En te souhaitant une bonne c\u00e9r\u00e9monie de passation de pouvoirs \u00e0 l&rsquo;Elys\u00e9e, encore bravo et bonne chance pour ce mandat. A vous les studios !<\/em><\/p>\n<\/div>\n","protected":false},"excerpt":{"rendered":"<p>Exclusif : Celui qui succ\u00e8de \u00e0 Talisman \u00e9tait au micro de VPM\u00e9dias dans les minutes qui ont suivi son \u00e9lection.<\/p>\n","protected":false},"author":5,"featured_media":0,"comment_status":"open","ping_status":"open","sticky":false,"template":"","format":"standard","meta":{"site-container-style":"default","site-container-layout":"default","site-sidebar-layout":"default","disable-article-header":"default","disable-site-header":"default","disable-site-footer":"default","disable-content-area-spacing":"default","footnotes":""},"categories":[312,4],"tags":[34,639,54,418,438],"class_list":["post-21107","post","type-post","status-publish","format-standard","hentry","category-g-a-la-une","category-2-vpmc","tag-interview","tag-presi-23","tag-president","tag-presidentielle","tag-resultats"],"_links":{"self":[{"href":"https:\/\/vpmedias.fr\/index.php?rest_route=\/wp\/v2\/posts\/21107","targetHints":{"allow":["GET"]}}],"collection":[{"href":"https:\/\/vpmedias.fr\/index.php?rest_route=\/wp\/v2\/posts"}],"about":[{"href":"https:\/\/vpmedias.fr\/index.php?rest_route=\/wp\/v2\/types\/post"}],"author":[{"embeddable":true,"href":"https:\/\/vpmedias.fr\/index.php?rest_route=\/wp\/v2\/users\/5"}],"replies":[{"embeddable":true,"href":"https:\/\/vpmedias.fr\/index.php?rest_route=%2Fwp%2Fv2%2Fcomments&post=21107"}],"version-history":[{"count":9,"href":"https:\/\/vpmedias.fr\/index.php?rest_route=\/wp\/v2\/posts\/21107\/revisions"}],"predecessor-version":[{"id":21120,"href":"https:\/\/vpmedias.fr\/index.php?rest_route=\/wp\/v2\/posts\/21107\/revisions\/21120"}],"wp:attachment":[{"href":"https:\/\/vpmedias.fr\/index.php?rest_route=%2Fwp%2Fv2%2Fmedia&parent=21107"}],"wp:term":[{"taxonomy":"category","embeddable":true,"href":"https:\/\/vpmedias.fr\/index.php?rest_route=%2Fwp%2Fv2%2Fcategories&post=21107"},{"taxonomy":"post_tag","embeddable":true,"href":"https:\/\/vpmedias.fr\/index.php?rest_route=%2Fwp%2Fv2%2Ftags&post=21107"}],"curies":[{"name":"wp","href":"https:\/\/api.w.org\/{rel}","templated":true}]}}