{"id":21457,"date":"2015-05-05T14:58:29","date_gmt":"2015-05-05T13:58:29","guid":{"rendered":"http:\/\/vpmedias.fr\/?p=21457"},"modified":"2015-05-05T14:59:52","modified_gmt":"2015-05-05T13:59:52","slug":"le-regard-de-moostach-kahii-looren-et-macco-sur-lambiance","status":"publish","type":"post","link":"https:\/\/vpmedias.fr\/?p=21457","title":{"rendered":"Le regard de Moostach, Kahii, Looren et Macco sur l&rsquo;ambiance"},"content":{"rendered":"<p style=\"text-align: justify;\"><span style=\"color: #000000;\"><em>En ce beau jour de mai, 4 VPMiens ont accept\u00e9 que je leurs pose 2 questions : c&rsquo;est une interview express.<\/em><\/span><strong><span style=\"color: #000000;\"><em><!--more--><\/em><\/span><\/strong><\/p>\n<p style=\"text-align: justify;\">Je n&rsquo;ai pas eu vraiment le temps de leurs poser d&rsquo;autres questions, mais deux c&rsquo;est d\u00e9j\u00e0 bien, et si vous n&rsquo;\u00eates pas contents allez vous plaindre \u00e0 Magne et \u00e0 Bob de m&rsquo;avoir embauch\u00e9 &#8211; non je plaisantais, j&rsquo;y tiens \u00e0 ma place !<\/p>\n<p style=\"text-align: justify;\"><strong>Faisons la pr\u00e9sentation de nos 4 chers VPMiens<\/strong><\/p>\n<p style=\"text-align: justify;\">Voici <strong style=\"color: #0000ff;\">Moostach<\/strong>, le moustachu, secr\u00e9taire g\u00e9n\u00e9ral de l&rsquo;AP (non, ce n&rsquo;est pas un blague !). Comme son nom l&rsquo;indique, il adore les moustaches, il aime taquiner un peu tout le monde, entre autre Pilorman, le grand Pilorien. Mais en interview c&rsquo;est pas le plus bavard. Elle m&rsquo;a rendu service en me donnant en temps r\u00e9el les scores du match final de la H Cup RCT (Toulon) &#8211; Clermont Auvergne \u00a0(Le RCT a gagn\u00e9, je suis super contente car je viens de Toulon ! Bon ce n&rsquo;est pas ce qui nous int\u00e9resse) !<\/p>\n<p style=\"text-align: justify;\">Voici <strong style=\"color: #990000;\">Kahii<\/strong>, un tout nouveau VPMiens, qui est tr\u00e8s sympa d&rsquo;ailleurs, et qui m&rsquo;a tout de suite saut\u00e9 au cou pour que je l&rsquo;interviewe.<\/p>\n<p style=\"text-align: justify;\">Voici <strong style=\"color: #cc0000;\">Looren<\/strong>, obs\u00e9d\u00e9 par l&rsquo;\u00e9lection du procureur, on l&rsquo;appelera \u00ab\u00a0Le Justicier\u00a0\u00bb vous comprendrez pourquoi.<\/p>\n<p style=\"text-align: justify;\">Et enfin, voici <strong style=\"color: #336600;\">Macco<\/strong>, il (ou elle, je sais pas vraiment) fait partie des\u00a0\u00bb Vachettes Normandes\u00a0\u00bb. Il m&rsquo;a paru tr\u00e8s sympathique \u00e9galement et j&rsquo;ai pris du plaisir \u00e0 l&rsquo;interviewer. Je vous ai pr\u00e9sent\u00e9 les 4 VPMiens, \u00e9coutons-les maintenant sur cette premi\u00e8re question :<\/p>\n<p style=\"text-align: justify;\"><span style=\"font-size: medium;\"><strong>Quelles am\u00e9liorations pourriez-vous apporter \u00e0 VPM \u00a0?<\/strong><\/span><\/p>\n<p style=\"color: #3300ff; text-align: justify;\"><strong>Moostach<\/strong> : \u00ab\u00a0O<em>ula, ben les am\u00e9liorations ne sont pas de mon ressort<\/em>\u00a0(Oui, j&rsquo;avais compris \u00e7a)<\/p>\n<p style=\"color: #990000; text-align: justify;\"><strong>Kahii<\/strong> : \u00ab\u00a0<em>j&rsquo;aimerais bien que l&rsquo;on puisse choisir sa musique dans le juke-box via un syst\u00e8me comme l&rsquo;hymne de parti, la on est trop limiter <\/em><\/p>\n<p style=\"color: #990000; text-align: justify;\"><span style=\"color: #000000;\">&#8211; Ok, bonne id\u00e9e ^^<\/span><\/p>\n<p style=\"color: #336600; text-align: justify;\"><strong>Macco<\/strong> : \u00ab\u00a0<em>Le tchat normalement devrait prendre plus de sept personnes. On ne doit pas \u00eatre refoul\u00e9 cela conduit au suicide. <\/em><\/p>\n<p style=\"color: #336600; text-align: justify;\"><span style=\"color: #000000;\">&#8211; Je ressens la m\u00eame chose, mais je me suis pas encore suicid\u00e9, j&rsquo;avais trop de trucs \u00e0 faire.<\/span><\/p>\n<p style=\"color: #cc0000; text-align: justify;\"><strong>Looren<\/strong>: \u00ab\u00a0P<em>oursuivre les meurtrier et d\u00e9couvrir les financements occultes. <\/em><\/p>\n<p style=\"text-align: justify;\">&#8211; Oui monsieur le justicier !<\/p>\n<p style=\"text-align: justify;\"><span style=\"font-size: medium;\"><strong>Comment trouvez-vous l&rsquo;ambiance sur VPM, en ce moment ?<\/strong><\/span><\/p>\n<p style=\"color: #3300ff; text-align: justify;\"><strong>Moostach<\/strong> : \u00ab\u00a0<em>L&rsquo;ambiance pourrait \u00eatre meilleure&#8230;plus taquine&#8230; <\/em><\/p>\n<p style=\"color: #3300ff; text-align: justify;\"><span style=\"color: #000000;\">&#8211; Ouais, ouais toi qui taquine tout le temps !<\/span><\/p>\n<p style=\"color: #990000; text-align: justify;\"><strong>Kahii<\/strong> : \u00a0\u00bb J&rsquo;ai eu quelque probleme d&rsquo;int\u00e9gration, certaines personnes, haut class\u00e9es, ne disent meme pas bonjour ou bonsoir impossible de leur poser une question, mais quand on trouve un bon petit groupe on voit que la communaut\u00e9 est sympa.<\/p>\n<p style=\"color: #336600; text-align: justify;\"><strong>Macco<\/strong> : \u00a0\u00bb\u00a0<em>J&rsquo;ai trouv\u00e9 l&rsquo;ambiance plate, il ny a aucune ambiance. sauf dans mon parti les vachettes o\u00fa on s&rsquo;amuse beaucoup sur le tchat. Mais en dehors j&rsquo;ai l&rsquo;impression que les vpmiens sont morts<\/em><\/p>\n<p style=\"color: #336600; text-align: justify;\"><span style=\"color: #000000;\">&#8211; Non t&rsquo;inqui\u00e8te pas on est tous vivants!<\/span><\/p>\n<p style=\"color: #cc0000; text-align: justify;\"><strong>Looren<\/strong> : L<em>&lsquo;ambiance est tr\u00e9s bonne. PS: Kahii a \u00e9t\u00e9 tu\u00e9, on ne sait pas qui l&rsquo;a tu\u00e9 !<br \/>\n<\/em><\/p>\n<p style=\"color: #cc0000; text-align: justify;\"><span style=\"color: #000000;\">Il a tenu \u00e0 me dire \u00e7a \u00e0 la fin, je sais pas pourquoi mais c&rsquo;est encore une enqu\u00eate pour Looren le justicier ! <\/span><\/p>\n<p style=\"color: #000000; text-align: justify;\"><span style=\"color: #000000;\">Ce sera tout pour aujourd&rsquo;hui, je vous retrouve prochainement en mai pour de nouvelles interviews. Oui, avec plus de questions et \u00e9ventuellemt plus de VPMiens ! Je vous souhaite un agr\u00e9able moment sur VPM.<\/span><\/p>\n<p style=\"text-align: justify;\">\n","protected":false},"excerpt":{"rendered":"<p>4 VPMiens : Moostach, Kahii, Looren et Macco, pour une interview express<\/p>\n","protected":false},"author":200,"featured_media":0,"comment_status":"open","ping_status":"open","sticky":false,"template":"","format":"standard","meta":{"site-container-style":"default","site-container-layout":"default","site-sidebar-layout":"default","disable-article-header":"default","disable-site-header":"default","disable-site-footer":"default","disable-content-area-spacing":"default","footnotes":""},"categories":[312,4],"tags":[130,34,515],"class_list":["post-21457","post","type-post","status-publish","format-standard","hentry","category-g-a-la-une","category-2-vpmc","tag-ambiance","tag-interview","tag-nouveaux"],"_links":{"self":[{"href":"https:\/\/vpmedias.fr\/index.php?rest_route=\/wp\/v2\/posts\/21457","targetHints":{"allow":["GET"]}}],"collection":[{"href":"https:\/\/vpmedias.fr\/index.php?rest_route=\/wp\/v2\/posts"}],"about":[{"href":"https:\/\/vpmedias.fr\/index.php?rest_route=\/wp\/v2\/types\/post"}],"author":[{"embeddable":true,"href":"https:\/\/vpmedias.fr\/index.php?rest_route=\/wp\/v2\/users\/200"}],"replies":[{"embeddable":true,"href":"https:\/\/vpmedias.fr\/index.php?rest_route=%2Fwp%2Fv2%2Fcomments&post=21457"}],"version-history":[{"count":13,"href":"https:\/\/vpmedias.fr\/index.php?rest_route=\/wp\/v2\/posts\/21457\/revisions"}],"predecessor-version":[{"id":21462,"href":"https:\/\/vpmedias.fr\/index.php?rest_route=\/wp\/v2\/posts\/21457\/revisions\/21462"}],"wp:attachment":[{"href":"https:\/\/vpmedias.fr\/index.php?rest_route=%2Fwp%2Fv2%2Fmedia&parent=21457"}],"wp:term":[{"taxonomy":"category","embeddable":true,"href":"https:\/\/vpmedias.fr\/index.php?rest_route=%2Fwp%2Fv2%2Fcategories&post=21457"},{"taxonomy":"post_tag","embeddable":true,"href":"https:\/\/vpmedias.fr\/index.php?rest_route=%2Fwp%2Fv2%2Ftags&post=21457"}],"curies":[{"name":"wp","href":"https:\/\/api.w.org\/{rel}","templated":true}]}}