{"id":21785,"date":"2015-06-24T20:34:50","date_gmt":"2015-06-24T19:34:50","guid":{"rendered":"http:\/\/vpmedias.fr\/?p=21785"},"modified":"2015-06-25T11:47:22","modified_gmt":"2015-06-25T10:47:22","slug":"le-president-ganad-a-lheure-de-la-verite-vraie","status":"publish","type":"post","link":"https:\/\/vpmedias.fr\/?p=21785","title":{"rendered":"Le Pr\u00e9sident Ganad \u00e0 \u00abL&rsquo;Heure de la V\u00e9rit\u00e9 Vraie\u00bb"},"content":{"rendered":"<p style=\"font-family: Arial,Helvetica,sans-serif; text-align: justify;\"><span style=\"color: #000000;\"><em>Retrouvez sur VPM\u00e9dias, notre nouveau concept qui se veut r\u00e9gulier : Une interview sans concession, sans langue de bois d\u2019une personnalit\u00e9 de VPM.<\/em><\/span><\/p>\n<p style=\"font-family: Arial,Helvetica,sans-serif; text-align: justify;\"><span style=\"color: #000000;\">Il est sans nul doute celui dont la place est la plus envi\u00e9e sur VPM, il concentre du coup le plus grand nombre de critiques, il est la plus haute autorit\u00e9 de l\u2019Etat, eh oui chers amis, vous l\u2019avez compris je re\u00e7ois aujourd\u2019hui notre Pr\u00e9sident de la R\u00e9publique.<\/span><\/p>\n<p style=\"font-family: Arial,Helvetica,sans-serif; text-align: justify;\"><span style=\"color: #000000;\">Monsieur le Pr\u00e9sident bonjour, tu es l\u2019invit\u00e9 de notre jeune rubrique, \u00ab L\u2019heure de la V\u00e9rit\u00e9 Vraie \u00bb.\u00a0Bienvenue \u00e0 toi, avant toute chose, le rituel veut que tu l\u00e8ves le pied gauche et que tu jures de dire la v\u00e9rit\u00e9, toute la v\u00e9rit\u00e9, rien que la v\u00e9rit\u00e9 !<\/span><\/p>\n<p style=\"font-family: Arial,Helvetica,sans-serif; color: #0000cd; text-align: justify;\"><span style=\"color: #333399;\">Alors, je l\u00e8ve le pied gauche, m\u00eame le droit si tu veux, et je jure de dire la v\u00e9rit\u00e9 (hum!), toute la v\u00e9rit\u00e9 (oui, bon \u00e7a va !), rien que la v\u00e9rit\u00e9 !<\/span><\/p>\n<p style=\"font-family: Arial,Helvetica,sans-serif; color: #000010; text-align: justify;\">M\u00eame s\u2019ils t\u2019ont \u00e9lu majoritairement et que nos lecteurs te connaissent, peux-tu te pr\u00e9senter en quelques mots ?<\/p>\n<p style=\"font-family: Arial,Helvetica,sans-serif; color: #000010; text-align: justify;\"><span style=\"color: #333399;\">Oui, question judicieuse car il y a eu ces derniers temps pas mal de nouveaux joueurs. En gros, Ganad, ancien, pas vieux, joueur de VPM, actuel pr\u00e9sident et ancien ministre sous Talisman. Je suis S.G des Cancres diplomates et membre de la Communaut\u00e9 de l&rsquo;agneau (j&rsquo;\u00e9tais aussi S.G) et du Parti Orgasmique. En fait, je suis un canard, sans doute le plus connu de VPM. J&rsquo;ai aussi un droit de cuissage sur Sengel.\u00a0<\/span><\/p>\n<p style=\"font-family: Arial,Helvetica,sans-serif; color: #000010; text-align: justify;\">Alors pour les plus jeunes ou les moins au fait du fonctionnement de nos institutions, un Pr\u00e9sident \u00e7a sert \u00e0 quoi sur VPM ?<\/p>\n<p style=\"font-family: Arial,Helvetica,sans-serif; text-align: justify;\"><span style=\"color: #333399;\"> En fait, \u00e0 pas grand-chose. A la base, la pr\u00e9sidentielle est une animation organis\u00e9e par la banane sacr\u00e9e. Les VPMiens, contre 10 cr\u00e9dits, peuvent y participer. Suivent alors plusieurs tours. Apr\u00e8s, le pr\u00e9sident \u00e9lu, peut, s&rsquo;il le souhaite, proposer des animations et offrir des enveloppes. Je dirais que le pr\u00e9sident est un peu celui sur qui on tape, celui qui vient faire quelques animations. Mais c&rsquo;est surtout un titre honorifique. Apr\u00e8s, chacun a sa conception de la chose : les rebelles consid\u00e8rent le poste comme la cl\u00e9 de la vie. Sans cela, ils ne vivent plus. Moi c&rsquo;est l&rsquo;inverse, j&rsquo;ai voulu tenter, j&rsquo;ai r\u00e9ussi, j&rsquo;ai anim\u00e9, j&rsquo;anime toujours&#8230; voil\u00e0. Mais il ne faut pas se prendre la t\u00eate, il y en a toujours qui viennent perturber le d\u00e9roulement de la chose. Mais le pr\u00e9sident ne sert finalement \u00e0 rien.<\/span><\/p>\n<blockquote>\n<p style=\"font-family: Arial,Helvetica,sans-serif; text-align: center;\"><span style=\"font-size: large;\">\u00ab Mes 8 ministres ont d\u00e9montr\u00e9 leur d\u00e9vouement \u00e0 VPM et c\u2019est le plus important.\u00bb<\/span><\/p>\n<\/blockquote>\n<p style=\"font-family: Arial,Helvetica,sans-serif; text-align: justify;\"><span style=\"color: #000000;\">Un Pr\u00e9sident \u00e7a ne sert \u00e0 rien\u00a0? Tu es donc en quelque sorte l\u2019un des derniers rois fain\u00e9ants de notre histoire ?<\/span><\/p>\n<p style=\"font-family: Arial,Helvetica,sans-serif; text-align: justify;\"><span style=\"color: #333399;\">C&rsquo;est un peu \u00e7a. En m\u00eame temps, on anime, on se plaint, on n\u2019anime pas, on se plaint aussi. Alors je prends les enveloppes et je pars aux iles avec :)<\/span><\/p>\n<p style=\"font-family: Arial,Helvetica,sans-serif; text-align: justify;\"><span style=\"color: #000000;\">Beaucoup de critiques fleurissent sur le forum, c\u2019est dur \u00e0 encaisser au plan de l\u2019\u00e9go, r\u00e9ponds avec sinc\u00e9rit\u00e9\u2026.\u00a0?<\/span><\/p>\n<p style=\"font-family: Arial,Helvetica,sans-serif; text-align: justify;\"><span style=\"color: #333399;\">Au d\u00e9but oui, car on a l&rsquo;impression de bien faire les choses. Puis on s&rsquo;aper\u00e7oit qu&rsquo;il y a du rp et du non rp. Beaucoup de joueurs viennent de s&rsquo;inscrire, m&rsquo;\u00e9crivent en priv\u00e9 en d\u00e9clarant leur amour, puis me d\u00e9testent ensuite&#8230; Mais au final, c&rsquo;est amusant car finalement, un pr\u00e9sident VPM, c&rsquo;est \u00e7a. Encaisser et le prendre sur le ton de l&rsquo;humour. Il faut quelques semaines pour s&rsquo;adapter. Il y a aussi beaucoup de jeunes sur VPM qui ne comprennent pas ce que c&rsquo;est un pr\u00e9sident. J&rsquo;ai re\u00e7u une dizaine de mp me demandant de donner ma place \u00e0 Ina ou Kerlinisback. D&rsquo;autres prennent la chose trop au s\u00e9rieux, d&rsquo;autres insultent&#8230; Mais je ne pense pas \u00eatre le pire : Talisman recevait des critiques tous les jours, Mamix, n&rsquo;en parlons pas, Ludu fut le pire&#8230; Bref, pas \u00e9vident. Mais il faut savoir surfer l\u00e0-dessus.<\/span><\/p>\n<blockquote>\n<p style=\"font-family: Arial,Helvetica,sans-serif; text-align: center;\"><span style=\"font-size: large;\"><em>\u00ab Je ne pense pas \u00eatre le pire : Talisman recevait des critiques tous les jours.\u00bb<\/em><\/span><\/p>\n<\/blockquote>\n<p style=\"font-family: Arial,Helvetica,sans-serif; text-align: justify;\"><span style=\"color: #000000;\">Et sur le fond, sur les critiques qui visent ta passivit\u00e9 sur les animations, tu penses qu\u2019elles sont le jeu de tous les pr\u00e9sidents ou qu\u2019elles sont plus sp\u00e9cifiquement adress\u00e9es \u00e0 ton mandat ?<\/span><\/p>\n<p style=\"font-family: Arial,Helvetica,sans-serif; text-align: justify;\"><span style=\"color: #333399;\">N<\/span><span style=\"color: #000000;\"><span style=\"color: #333399;\">on, c&rsquo;est pour tous les mandats malheureusement. Au d\u00e9but du mandat, on me disait qu&rsquo;il y avait trop d&rsquo;animations, maintenant pas assez. Je crois qu&rsquo;il y a des joueurs qui aiment participer en ne faisant rien. Les anims express fonctionnent en g\u00e9n\u00e9ral plut\u00f4t le bien. Sur une moyenne de 20 animations, on a recens\u00e9 max 15 joueurs. Ce n&rsquo;est pas assez et on ne peut rien faire avec. Le manque d&rsquo;investissement de beaucoup \u00e0 affaibli les ministres, et certains ont souhait\u00e9 arr\u00eater. Ce n&rsquo;est pas que de la faute du pr\u00e9sident, mais celle de joueurs qui ne s&rsquo;impliquent pas. J&rsquo;ai fait une animation contre 500 000 plk et un poste de ministre. Seuls Moostach et Sengel ont particip\u00e9.\u00a0N&rsquo;est-ce pas triste ?\u00a0Et puis, il y a quelques irr\u00e9ductibles qui viennent clairement pour foutre le bordel, souvent des joueurs que l&rsquo;on ne voit plus au bout de 2 mois&#8230; et malheureusement, \u00e7a ne donne pas envie de participer<\/span>.<\/span><\/p>\n<p style=\"font-family: Arial,Helvetica,sans-serif; text-align: justify;\"><span style=\"color: #000000;\">D\u2019ailleurs, peux-tu nous annoncer quelles vont \u00eatre tes prochaines animations ou d\u00e9cisions dans les semaines qui viennent ?<\/span><br \/>\n<span style=\"color: #333399;\"> Il y a d\u00e9j\u00e0 quelques animations en cours, de moi ou de mes ministres. D\u00e9but juillet, je lancerai un VPM plage, on terminera mon mandat de mani\u00e8re festive avec des anims express, finalement c&rsquo;est ce que veut une majorit\u00e9 : ne pas se fouler.<\/span><\/p>\n<blockquote>\n<p style=\"font-family: Arial,Helvetica,sans-serif; text-align: center;\"><span style=\"font-size: large;\"><em>\u00ab J&rsquo;ai fait une animation contre 500 000 plakass et un poste de ministre. Seuls Moostach et Sengel ont particip\u00e9.\u00bb<\/em><\/span><\/p>\n<\/blockquote>\n<p style=\"font-family: Arial,Helvetica,sans-serif; text-align: justify;\"><span style=\"color: #000000;\">Bananus a annonc\u00e9 que fin juillet, une nouvelle campagne pr\u00e9sidentielle s\u2019ouvrirait, penses-tu \u00e0 te repr\u00e9senter le matin en te brossant tes plumes devant ta glace ?<\/span><br \/>\n<span style=\"color: #333399;\"> Aucune id\u00e9e, beaucoup me posent la question. Personnellement, je ne peux pas encore dire. Il faut laisser la place \u00e0 des nouveaux.<\/span><\/p>\n<p style=\"font-family: Arial,Helvetica,sans-serif; text-align: justify;\"><span style=\"color: #000000;\">Si tu ne devais pas briguer un second mandat, qui d\u2019apr\u00e8s toi disposerait des qualit\u00e9s suffisantes pour occuper ce poste ?<\/span><br \/>\n<span style=\"color: #333399;\"> Personne pour le moment. Aucun joueur ne se d\u00e9marque.<\/span><\/p>\n<p style=\"font-family: Arial,Helvetica,sans-serif; text-align: justify;\"><span style=\"color: #000000;\">Tu finis ton mandat avec 8 ministres de 8 partis diff\u00e9rents et aux horizons divers, on y trouve m\u00eame ceux qui se revendiquaient il y a peu de l\u2019opposition, une volont\u00e9 d\u2019\u00e9touffer les critiques ou une v\u00e9ritable volont\u00e9 de rassembler le plus largement possible ?<\/span><br \/>\n<span style=\"color: #333399;\">L&rsquo;id\u00e9e est de rassembler pour s&rsquo;amuser. Les critiques, je m&rsquo;en fiche. Ceux qui pensent m&rsquo;atteindre se plantent, cette p\u00e9riode est pass\u00e9e. Et puis, mes 8 ministres ont d\u00e9montr\u00e9 leur d\u00e9vouement \u00e0 VPM et c&rsquo;est le plus important<\/span><\/p>\n<p style=\"font-family: Arial,Helvetica,sans-serif; text-align: justify;\"><span style=\"color: #000000;\">Lorsque tu seras pass\u00e9 \u00e0 la post\u00e9rit\u00e9, qu\u2019est-ce que l\u2019on retiendra du mandat GANAD ?<\/span><br \/>\n<span style=\"color: #333399;\">Aucune id\u00e9e : ma cave \u00e0 vins ? :)<\/span><\/p>\n<p style=\"font-family: Arial,Helvetica,sans-serif; text-align: justify;\"><span style=\"color: #000000;\">Et ton avenir apr\u00e8s la pr\u00e9sidence tu le vois comment, toujours SG des Cancres ou retir\u00e9 de la vie politique&#8230;?<\/span><\/p>\n<p style=\"font-family: Arial,Helvetica,sans-serif; text-align: justify;\"><span style=\"color: #333399;\">Je verrai. Je pense que je vais peu \u00e0 peu me retirer, mais rien n&rsquo;est fait. Si \u00e7a se trouve, je serai encore pr\u00e9sident dans 2 mois :)<\/span><\/p>\n<p style=\"font-family: Arial,Helvetica,sans-serif; text-align: justify;\"><span style=\"color: #333399;\">\u00a0<\/span><br \/>\n<span style=\"color: #000000;\"> Notre interview touche \u00e0 sa fin, l\u2019usage veut que tu d\u00e9dicaces notre \u00e9mission\u2026<\/span><br \/>\n<span style=\"color: #333399;\">A tous les auditeurs et spectateur de la V\u00e9rit\u00e9 vraie, Ganad, pr\u00e9sident Canard !<\/span><\/p>\n<p style=\"font-family: Arial,Helvetica,sans-serif; text-align: justify;\"><span style=\"color: #000000;\">Eh bien merci \u00e0 Ganad,\u00a0Pr\u00e9sident sortant et peut \u00eatre candidat \u00a0\u00e0 un second mandat. Quant \u00e0 nous chers lecteurs nous nous retrouverons dans quelques jours avec un nouvel invit\u00e9 ! Ainsi va la vie sur VPM.<\/span><\/p>\n<p style=\"font-family: Arial,Helvetica,sans-serif; text-align: justify;\">[auteur]<\/p>\n","protected":false},"excerpt":{"rendered":"<p>Face \u00e0 Marengo, il d\u00e9clare tout -de-go : \u00ab Le Pr\u00e9sident ne sert finalement \u00e0 rien&#8230; \u00bb<\/p>\n","protected":false},"author":201,"featured_media":0,"comment_status":"open","ping_status":"open","sticky":false,"template":"","format":"standard","meta":{"site-container-style":"default","site-container-layout":"default","site-sidebar-layout":"default","disable-article-header":"default","disable-site-header":"default","disable-site-footer":"default","disable-content-area-spacing":"default","footnotes":""},"categories":[312,4],"tags":[34,209,54],"class_list":["post-21785","post","type-post","status-publish","format-standard","hentry","category-g-a-la-une","category-2-vpmc","tag-interview","tag-people","tag-president"],"_links":{"self":[{"href":"https:\/\/vpmedias.fr\/index.php?rest_route=\/wp\/v2\/posts\/21785","targetHints":{"allow":["GET"]}}],"collection":[{"href":"https:\/\/vpmedias.fr\/index.php?rest_route=\/wp\/v2\/posts"}],"about":[{"href":"https:\/\/vpmedias.fr\/index.php?rest_route=\/wp\/v2\/types\/post"}],"author":[{"embeddable":true,"href":"https:\/\/vpmedias.fr\/index.php?rest_route=\/wp\/v2\/users\/201"}],"replies":[{"embeddable":true,"href":"https:\/\/vpmedias.fr\/index.php?rest_route=%2Fwp%2Fv2%2Fcomments&post=21785"}],"version-history":[{"count":9,"href":"https:\/\/vpmedias.fr\/index.php?rest_route=\/wp\/v2\/posts\/21785\/revisions"}],"predecessor-version":[{"id":21789,"href":"https:\/\/vpmedias.fr\/index.php?rest_route=\/wp\/v2\/posts\/21785\/revisions\/21789"}],"wp:attachment":[{"href":"https:\/\/vpmedias.fr\/index.php?rest_route=%2Fwp%2Fv2%2Fmedia&parent=21785"}],"wp:term":[{"taxonomy":"category","embeddable":true,"href":"https:\/\/vpmedias.fr\/index.php?rest_route=%2Fwp%2Fv2%2Fcategories&post=21785"},{"taxonomy":"post_tag","embeddable":true,"href":"https:\/\/vpmedias.fr\/index.php?rest_route=%2Fwp%2Fv2%2Ftags&post=21785"}],"curies":[{"name":"wp","href":"https:\/\/api.w.org\/{rel}","templated":true}]}}