{"id":21798,"date":"2015-06-30T20:12:04","date_gmt":"2015-06-30T19:12:04","guid":{"rendered":"http:\/\/vpmedias.fr\/?p=21798"},"modified":"2017-02-01T20:49:51","modified_gmt":"2017-02-01T19:49:51","slug":"linterview-agreable-de-mamix","status":"publish","type":"post","link":"https:\/\/vpmedias.fr\/?p=21798","title":{"rendered":"L\u2019interview agr\u00e9able de Mamix"},"content":{"rendered":"<p style=\"text-align: justify\"><em>Nous recevons dans cet agr\u00e9able bureau un ancien pr\u00e9sident de VPM. Interview r\u00e9alis\u00e9e en f\u00e9vrier dernier.<!--more--><\/em><\/p>\n<p style=\"text-align: justify\"><span style=\"color: #008080\">Manimix : D\u2019abord merci Mamix de m\u2019accorder cette interview. En premier lieu, veux-tu te pr\u00e9senter \u00e0 nous?<\/span><\/p>\n<p style=\"text-align: justify\">Mamix : Bonjour a tous, je te remercie a mon tour de m\u2019accueillir dans tes locaux :).<br \/>\nDonc je m&rsquo;appelle Mamix, je suis le Fondateur et le SG du Front de la R\u00e9bellion et grand sage rebelle, mes multi sont Mamixa des les Gauchos R\u00e9actionnaires et Momix des La Communaut\u00e9 de l&rsquo;Agneau, sur VPM Depuis juillet 2012, et pr\u00e9c\u00e9demment Pr\u00e9sident de VPM ^^ ( \u00e7a en jette je sais :p ).<\/p>\n<p style=\"text-align: justify\"><span style=\"color: #008080\">Manimix : Peut tu nous parler de ton parti bien class\u00e9?<\/span><\/p>\n<p style=\"text-align: justify\">Mamix : Bah c&rsquo;est les efforts de tout une \u00e9quipe, y compris la taupe de Ludu, et on a du m\u00e9rite car a part le fait qu&rsquo;on ne favorise pas l&rsquo;utilisation de cr\u00e9dits, on ne prend aucun FO ^^ !!<br \/>\net a part \u00e7a on reste un parti tr\u00e8s actif, avec une excellente ambiance qui y r\u00e8gne ce qui fait qu&rsquo;on ne se lasse jamais d&rsquo;y \u00eatre ^^!<\/p>\n<p style=\"text-align: justify\"><span style=\"color: #008080\">Manimix : Penses tu avoir tes chance a la maire de Bruxelles?<\/span><\/p>\n<p style=\"text-align: justify\">Mamix : \u00a8Par pour cella vu que je viens d&rsquo;arriver sur place, mais pour les prochaine je compte bien y obtenir quelque chose ^^ !!<\/p>\n<p style=\"text-align: justify\"><span style=\"color: #008080\">Manimix : Te repr\u00e9sentera-tu \u00e0 la prochaine pr\u00e9sidentielle?<\/span><\/p>\n<p style=\"text-align: justify\">Mamix : A l&rsquo;heure actuelle je peux d\u2019ores et d\u00e9j\u00e0 te dire que je ne ferais pas parti des candidats a la prochaine pr\u00e9sidentielle :) !<\/p>\n<p style=\"text-align: justify\"><span style=\"color: #008080\">Manimix : Sinon ton parti se pr\u00e9sentera \u00e0 la prochaine \u00e9lection?<\/span><\/p>\n<p style=\"text-align: justify\">Mamix : Pas mon parti, mais notre mouvement, le grand courant rebelle, aura bien \u00e9videment son candidat \u00e0 la pr\u00e9sidentielle :)<\/p>\n<p style=\"text-align: justify\"><span style=\"color: #008080\">Manimix : Pour le mandat de talisman; tu en pense quoi?<\/span><\/p>\n<p style=\"text-align: justify\">Mamix : Pour le mandat de talis, je tire chapeau a K\u00e9k\u00e9 notre ministre en occurrence Okedoc ou Ganad, qui fait un travail monstre, pour le reste je trouve que la clique de talisman a part de d\u00e9tourner des cr\u00e9dits, ont surtout fait un mandat de cassage de rebelles, sans aucune raison, sur tout par rapport a mon mandat ou tout le monde pouvais participer apporter animer, chacun avec son talent.<\/p>\n<p style=\"text-align: justify\">J&rsquo;ai cru entendre aussi qu&rsquo;il avais dit dans un des interview qu&rsquo;il a donn\u00e9, que la r\u00e9bellion ne participait pas, mais si on vois le forum a part k\u00e9k\u00e9, c&rsquo;est la r\u00e9bellion qui est la, pour animer et r\u00e2ler aussi car c&rsquo;est le jeu vu qu&rsquo;on nous provoque, pour le reste je pr\u00e9cise encore, que les dires de chaque personne appartiens a la personne concern\u00e9 et pas tout un mouvement, ce mouvement rebelle en occurrence a toujours \u0153uvr\u00e9 pour cr\u00e9er une humeur jovial dans la communaut\u00e9.<\/p>\n<p style=\"text-align: justify\"><span style=\"color: #008080\">Manimix : Quelque chose a rajouter pour le mot de la fin?<\/span><\/p>\n<p style=\"text-align: justify\">Mamix : Sinon pour terminer, je vous direz que la r\u00e9bellion est encore la qu&rsquo;on est la pour tout le monde et que tout le monde peut \u00eatre des n\u00f4tres, car la r\u00e9bellion est avant tout un mouvement qui est la pour s&rsquo;amuser :) !<br \/>\net merci a toi pour l&rsquo;interview, a ciao mes ch\u00e8res vpmiens !<\/p>\n<p style=\"text-align: justify\"><em>Auteur : Manimix<\/em><\/p>\n","protected":false},"excerpt":{"rendered":"<p>Nous recevons dans cet agr\u00e9able bureau un ancien pr\u00e9sident de VPM. Interview r\u00e9alis\u00e9e en f\u00e9vrier dernier.<\/p>\n","protected":false},"author":198,"featured_media":0,"comment_status":"open","ping_status":"open","sticky":false,"template":"","format":"standard","meta":{"site-container-style":"default","site-container-layout":"default","site-sidebar-layout":"default","disable-article-header":"default","disable-site-header":"default","disable-site-footer":"default","disable-content-area-spacing":"default","footnotes":""},"categories":[4],"tags":[34,209,54],"class_list":["post-21798","post","type-post","status-publish","format-standard","hentry","category-2-vpmc","tag-interview","tag-people","tag-president"],"_links":{"self":[{"href":"https:\/\/vpmedias.fr\/index.php?rest_route=\/wp\/v2\/posts\/21798","targetHints":{"allow":["GET"]}}],"collection":[{"href":"https:\/\/vpmedias.fr\/index.php?rest_route=\/wp\/v2\/posts"}],"about":[{"href":"https:\/\/vpmedias.fr\/index.php?rest_route=\/wp\/v2\/types\/post"}],"author":[{"embeddable":true,"href":"https:\/\/vpmedias.fr\/index.php?rest_route=\/wp\/v2\/users\/198"}],"replies":[{"embeddable":true,"href":"https:\/\/vpmedias.fr\/index.php?rest_route=%2Fwp%2Fv2%2Fcomments&post=21798"}],"version-history":[{"count":5,"href":"https:\/\/vpmedias.fr\/index.php?rest_route=\/wp\/v2\/posts\/21798\/revisions"}],"predecessor-version":[{"id":34090,"href":"https:\/\/vpmedias.fr\/index.php?rest_route=\/wp\/v2\/posts\/21798\/revisions\/34090"}],"wp:attachment":[{"href":"https:\/\/vpmedias.fr\/index.php?rest_route=%2Fwp%2Fv2%2Fmedia&parent=21798"}],"wp:term":[{"taxonomy":"category","embeddable":true,"href":"https:\/\/vpmedias.fr\/index.php?rest_route=%2Fwp%2Fv2%2Fcategories&post=21798"},{"taxonomy":"post_tag","embeddable":true,"href":"https:\/\/vpmedias.fr\/index.php?rest_route=%2Fwp%2Fv2%2Ftags&post=21798"}],"curies":[{"name":"wp","href":"https:\/\/api.w.org\/{rel}","templated":true}]}}