{"id":21821,"date":"2015-07-06T19:12:38","date_gmt":"2015-07-06T18:12:38","guid":{"rendered":"http:\/\/vpmedias.fr\/?p=21821"},"modified":"2015-07-15T20:31:37","modified_gmt":"2015-07-15T19:31:37","slug":"le-parti-for-ever-dans-les-starting-blocs","status":"publish","type":"post","link":"https:\/\/vpmedias.fr\/?p=21821","title":{"rendered":"Le Parti For Ever dans les starting blocs"},"content":{"rendered":"<p style=\"text-align: justify;\">Nous recevons sur notre plateau, celui qui fut candidat \u00e0 la pr\u00e9sidentielle et ayant r\u00e9colt\u00e9 17% en 2012, de nouveau candidat en 2014 il r\u00e9colte 13%.<!--more--> Entre temps tr\u00e9sorier du Parti For Ever, maire de Villeurbanne, pr\u00e9sident de la r\u00e9gion Rh\u00f4ne-Alpes, il se fait conna\u00eetre sur VPM gr\u00e2ce \u00e0 son opposition au pr\u00e9sident Saphir, j&rsquo;ai nomm\u00e9 : Chochlos.<\/p>\n<p style=\"text-align: justify;\">1) Bonjour Chlochlos, peut tu te pr\u00e9senter\u00a0 ?<\/p>\n<p style=\"text-align: justify;\">-&gt; Hello, merci pour cette interview, et bien moi c&rsquo;est Chlochlos, fan de minions et \u00e9lu \u00e0 la mairie de Villeurbanne. Je suis actuellement au parti for ever.<\/p>\n<p style=\"text-align: justify;\">2) Peut tu nous parl\u00e9s de ton parti ?<\/p>\n<p style=\"text-align: justify;\">-&gt; Mon parti est un grand parti comme aime le dire bananaaaaaa, euh bananus&#8230; Il est dans le top 15 et il y a une super ambiance et a beaucoup d&rsquo;alli\u00e9 c&rsquo;est cool de faire campagne pour ce parti.<\/p>\n<p style=\"text-align: justify;\">3) Comment trouve tu Ganad a la pr\u00e9sidence ?<\/p>\n<p style=\"text-align: justify;\">-&gt; depuis longtemps, j&rsquo;ai un ma\u00eetre mot : ne rien dire durant le mandat et faire les comptes lors de la campagne pr\u00e9sidentielle<\/p>\n<p style=\"text-align: justify;\">4) Est ce que tu te pr\u00e9sentera a la prochaine presi ?<\/p>\n<p style=\"text-align: justify;\">-&gt; Banana !<\/p>\n<p style=\"text-align: justify;\">Je ne peux pas, par respect pour le pr\u00e9sident actuel dire si je serai ou non candidat, simplement, j&rsquo;affirme que le parti for ever pr\u00e9sentera un candidat comme il l&rsquo;a toujours fait depuis 4 pr\u00e9sidentielles et qu&rsquo;en prime ce candidat a \u00e9t\u00e9 d\u00e9sign\u00e9 conjointement avec 8 autres partis<\/p>\n<p style=\"text-align: justify;\">5) Comment trouve tu Vpmedias ? Il y a des chose a chang\u00e9 ou supprimer ?<\/p>\n<p style=\"text-align: justify;\">-&gt; Vpm\u00e9dias est tr\u00e8s bien, mais je pense que nous pouvons encore l&rsquo;am\u00e9liorer, remettre en route une forme de cohue bohu que nous avec plus d&rsquo;humour, plus de concours de journaliste&#8230; bref, le parti for ever donnera ses id\u00e9es en temps et heure voulu&#8230; banana<\/p>\n<p style=\"text-align: justify;\">6) Depuis un moment on te voit moins sur le forum ou sur les march\u00e9s, nous \u00e9tions habitu\u00e9 \u00e0 ton activisme : que se passe &#8211; t&rsquo; il ?<\/p>\n<p style=\"text-align: justify;\">-&gt; J&rsquo;ai \u00e9t\u00e9 tr\u00e8s occup\u00e9, tout d&rsquo;abord en tant que tr\u00e9sorier du parti for ever puis porte &#8211; parole, ma vie IRL ainsi que mes campagne \u00e0 Vileurbanne. Cependant j&rsquo;ai toujours suivi les affaires avec un oeil.<\/p>\n<p style=\"text-align: justify;\">6) Quelle que chose a rajouter ?<\/p>\n<p style=\"text-align: justify;\">BANNNNAAAANAAAAA<\/p>\n","protected":false},"excerpt":{"rendered":"<p>Nous recevons sur notre plateau, celui qui fut candidat \u00e0 la pr\u00e9sidentielle et ayant r\u00e9colt\u00e9 17% en 2012, de nouveau candidat en 2014 il r\u00e9colte 13%.<\/p>\n","protected":false},"author":201,"featured_media":0,"comment_status":"open","ping_status":"open","sticky":false,"template":"","format":"standard","meta":{"site-container-style":"default","site-container-layout":"default","site-sidebar-layout":"default","disable-article-header":"default","disable-site-header":"default","disable-site-footer":"default","disable-content-area-spacing":"default","footnotes":""},"categories":[302],"tags":[34],"class_list":["post-21821","post","type-post","status-publish","format-standard","hentry","category-5-la-tribune-libre","tag-interview"],"_links":{"self":[{"href":"https:\/\/vpmedias.fr\/index.php?rest_route=\/wp\/v2\/posts\/21821","targetHints":{"allow":["GET"]}}],"collection":[{"href":"https:\/\/vpmedias.fr\/index.php?rest_route=\/wp\/v2\/posts"}],"about":[{"href":"https:\/\/vpmedias.fr\/index.php?rest_route=\/wp\/v2\/types\/post"}],"author":[{"embeddable":true,"href":"https:\/\/vpmedias.fr\/index.php?rest_route=\/wp\/v2\/users\/201"}],"replies":[{"embeddable":true,"href":"https:\/\/vpmedias.fr\/index.php?rest_route=%2Fwp%2Fv2%2Fcomments&post=21821"}],"version-history":[{"count":3,"href":"https:\/\/vpmedias.fr\/index.php?rest_route=\/wp\/v2\/posts\/21821\/revisions"}],"predecessor-version":[{"id":21875,"href":"https:\/\/vpmedias.fr\/index.php?rest_route=\/wp\/v2\/posts\/21821\/revisions\/21875"}],"wp:attachment":[{"href":"https:\/\/vpmedias.fr\/index.php?rest_route=%2Fwp%2Fv2%2Fmedia&parent=21821"}],"wp:term":[{"taxonomy":"category","embeddable":true,"href":"https:\/\/vpmedias.fr\/index.php?rest_route=%2Fwp%2Fv2%2Fcategories&post=21821"},{"taxonomy":"post_tag","embeddable":true,"href":"https:\/\/vpmedias.fr\/index.php?rest_route=%2Fwp%2Fv2%2Ftags&post=21821"}],"curies":[{"name":"wp","href":"https:\/\/api.w.org\/{rel}","templated":true}]}}