{"id":22064,"date":"2015-08-02T13:18:20","date_gmt":"2015-08-02T12:18:20","guid":{"rendered":"http:\/\/vpmedias.fr\/?p=22064"},"modified":"2017-02-01T20:49:50","modified_gmt":"2017-02-01T19:49:50","slug":"julienlef-determine-et-attentionne","status":"publish","type":"post","link":"https:\/\/vpmedias.fr\/?p=22064","title":{"rendered":"Julienlef : \u00ab D\u00e9termin\u00e9 et attentionn\u00e9 \u00bb"},"content":{"rendered":"<p style=\"text-align: justify\"><em>A l\u2019occasion de ce premier tour de la 24e \u00e9lection pr\u00e9sidentielle pour lequel il est en lice,\u00a0Julienlef a r\u00e9pondu aux questions que Hotre et Manimix lui ont pos\u00e9s.<br \/>\n<\/em><\/p>\n<p style=\"text-align: justify\"><strong>Hotre: Sois le bienvenu dans nos humbles locaux Julienlef. Nombreux sont ceux qui ont d\u00e9j\u00e0 crois\u00e9 ta route, notamment gr\u00e2ce \u00e0 ton tour des partis, mais une interview n\u2019en est pas une sans une petite pr\u00e9sentation.<\/strong><\/p>\n<p style=\"text-align: justify\">Qui suis-je ? Je suis Julienlef, VPMien depuis 2012. J\u2019ai fr\u00e9quent\u00e9 pas mal de partis, tel que l\u2019Union des Cafards S\u00e9duisants, le Culte Panda, le Parti Orgasmique, les Canards, le Front Ina, Troll and Rock \u2026 notamment \u00e0 travers mes tourn\u00e9es de partis. J\u2019ai \u00e9t\u00e9 journaliste, secr\u00e9taire d\u2019Etat, Ministre,et aujourd\u2019hui je suis candidat \u00e0 l\u2019\u00e9lection Pr\u00e9sidentielle.<\/p>\n<p style=\"text-align: justify\"><strong>Manimix: Comment vis-tu cette campagne ? La trouves-tu anim\u00e9e ?<\/strong><\/p>\n<p style=\"text-align: justify\">La campagne vient de commencer, alors elle ressemble aux autres. M\u00eames les candidats sont identiques ! Et ils osent promettre le chngement, alors qu\u2019ils n\u2019ont m\u00eame pas, pour certains, chang\u00e9 leur slogan. La p\u00e9riode post parrainage va \u00eatre plus anim\u00e9e, du moins je vais tout faire pour.<\/p>\n<p style=\"text-align: justify\"><strong>Hotre: Julienlef, tu es l\u2019un des seuls candidats \u00e0 ne pas avoir post\u00e9 ton programme sur le forum. Y a-t-il une raison particuli\u00e8re \u00e0 cela ? Ou n\u2019as-tu pas de programme ?<\/strong><\/p>\n<p style=\"text-align: justify\">Je pense que cette premi\u00e8re partie de la campagne sert \u00e0 montrer qu\u2019on a des soutiens, c\u2019est un peu \u00ab celui qui a la plus grosse \u00bb pour parler vulgairement. J\u2019ai un programme qui sera d\u00e9voil\u00e9 vendredi, en m\u00eame temps que mon site de campagne. J\u2019ai m\u00eame un meeting de pr\u00e9vu pour samedi ! Oui, il faut un peu d\u2019originalit\u00e9. Je suis content que tu fasses la diff\u00e9rence entre les autres et moi.<\/p>\n<p style=\"text-align: justify\"><strong>Manimix: <\/strong><strong>Qui seront tes ministres en cas de victoire ?<\/strong><\/p>\n<p style=\"text-align: justify\">Je ne r\u00e9pondrais pas \u00e0 cette question. Pourquoi ? Tout simplement parce que \u00e7a me fait penser aux sauvages qui se partagent le bout de gras (quel bout de gras la pr\u00e9sidence de VPM !) de l\u2019entre deux tours avant m\u00eame la fin des parrainages. Je ne suis pas de ceux-l\u00e0. Cette campagne sera celle des surprises.<\/p>\n<p style=\"text-align: justify\"><strong>Hotre: Tu es l\u2019un des premiers \u00e0 avoir atteint le maximum de parrainages, \u00e0 savoir 25. Penses-tu que ton tour des partis y soit pour quelque chose ? Et d\u2019ailleurs, que t\u2019a apport\u00e9 ton tour des partis ? Te sens-tu plus proche des VPmiens que les autres candidats ?<\/strong><\/p>\n<p style=\"text-align: justify\">On me dit souvent que je ne suis pas assez \u00ab Campagnard \u00bb. Mais moi aussi je mets les pieds dans la boue ! Ind\u00e9niablement, mon tour des partis m\u2019a rapproch\u00e9 des VPMiens. On ne peut pas f\u00e9d\u00e9rer si on n\u2019a pas rencontr\u00e9 un maximum de VPMiens. Mais ce n\u2019est pas que de cette tourn\u00e9e que viennent mes parrainages \u2026 Si tous les partis que j\u2019ai visit\u00e9 me soutenait, \u00ab Talis ment \u00bb ne serait pas candidat.<\/p>\n<p style=\"text-align: justify\"><strong>Manimix: Comment animeras-tu le jeu durant ton mandat, si tu venais \u00e0 \u00eatre \u00e9lu bien s\u00fbr.<\/strong><\/p>\n<p style=\"text-align: justify\">J\u2019animerais le forum, \u00e9videment, ainsi que les march\u00e9s, la page Facebook, le Trombinoscope \u2026 la majorit\u00e9 des animations seront courtes, car c\u2019est les vacances. Ce n\u2019est pas le moment pour les animations du type \u00ab Koh-Lanta \u00bb. Je proposerais \u00e9galement des animations en campagne. En effet, depuis quelques mois, je me suis attach\u00e9 \u00e0 cette face du jeu.<\/p>\n<p style=\"text-align: justify\"><strong>\u00a0Hotre:\u00a0Il y a eu quelques modifications pour ces pr\u00e9sidentielles, notamment au niveau des enveloppes. Le Pr\u00e9sident a maintenant le choix de distribuer vingt enveloppes de 500k Plakass en 20 ou 40 jours. Il y a \u00e9galement quelques restrictions sur leur distribution, par exemple, les petits partis constitu\u00e9s d\u2019une seule personne ou ayant moins d\u2019un mois ne peuvent recevoir d\u2019enveloppe. Que penses-tu de cela ?<\/strong><br \/>\n<em> <\/em><\/p>\n<p style=\"text-align: justify\"><em>La distribution sur 40 jours permet d\u2019animer plus longtemps, et pour les restrictions, c\u2019est pour \u00e9viter les d\u00e9tournements. Demandez donc aux autres candidats, des d\u00e9tournements, il y en a eu pas mal !<\/em><br \/>\n<em><\/em><\/p>\n<p style=\"text-align: justify\"><strong>Hotre: Une autre nouveaut\u00e9 concernant les enveloppes, l\u2019attribution d\u2019un budget compl\u00e9mentaire selon la satisfaction des VPmiens. Ton avis ?<\/strong><\/p>\n<p style=\"text-align: justify\"><em>C\u2019est une tr\u00e8s bonne id\u00e9e, il faut questionner les VPMiens. C\u2019est pour cela que je propose des concertations pour les choix musicaux de la JukeBox.<\/em><\/p>\n<p style=\"text-align: justify\"><strong>Manimix: Quels sont les deux adjectifs qui te d\u00e9finissent le mieux ?<\/strong><\/p>\n<p style=\"text-align: justify\"><em>D\u00e9termin\u00e9 et attentionn\u00e9.<\/em><\/p>\n<p style=\"text-align: justify\"><strong>Manimix: Enfin, pourquoi devrait-on voter pour toi et pas un autre ?<\/strong><\/p>\n<p style=\"text-align: justify\"><em>VPM m\u00e9rite mieux que des candidats qui ont d\u00e9j\u00e0 \u00e9t\u00e9 battus, ou qui ont d\u00e9j\u00e0 fait un mandant catastrophique (en tant que ministre ou comme Pr\u00e9sident). Les VPMiens veulent un programme clair, un Pr\u00e9sident exp\u00e9riment\u00e9, populaire et cr\u00e9atif. Pour r\u00e9sumer la question : pr\u00e9f\u00e9rez-vous l\u2019ennui et la monotonie (les autres) ou la nouveaut\u00e9 et l\u2019innovation.<\/em><\/p>\n<p style=\"text-align: justify\"><strong>Manimix et Hotre:\u00a0Merci Julienlef d\u2019avoir accept\u00e9 cette interview.<\/strong><br \/>\nMerci \u00e0 vous de m\u2019avoir invit\u00e9, et n\u2019oubliez pas : marre de se faire avoir ? Il faut leur dire \u00ab au revoir ! \u00bb<\/p>\n<p style=\"text-align: justify\">\n","protected":false},"excerpt":{"rendered":"<p>Julienlef, candidat \u00e0 la pr\u00e9sidentielle de VotezPourMoi r\u00e9pond \u00e0 l&rsquo;\u00e9quipe des journalistes de VPM\u00e9dias.<\/p>\n","protected":false},"author":198,"featured_media":0,"comment_status":"open","ping_status":"open","sticky":false,"template":"","format":"standard","meta":{"site-container-style":"default","site-container-layout":"default","site-sidebar-layout":"default","disable-article-header":"default","disable-site-header":"default","disable-site-footer":"default","disable-content-area-spacing":"default","footnotes":""},"categories":[312,4],"tags":[421,34,644,418],"class_list":["post-22064","post","type-post","status-publish","format-standard","hentry","category-g-a-la-une","category-2-vpmc","tag-candidats","tag-interview","tag-presi-24","tag-presidentielle"],"_links":{"self":[{"href":"https:\/\/vpmedias.fr\/index.php?rest_route=\/wp\/v2\/posts\/22064","targetHints":{"allow":["GET"]}}],"collection":[{"href":"https:\/\/vpmedias.fr\/index.php?rest_route=\/wp\/v2\/posts"}],"about":[{"href":"https:\/\/vpmedias.fr\/index.php?rest_route=\/wp\/v2\/types\/post"}],"author":[{"embeddable":true,"href":"https:\/\/vpmedias.fr\/index.php?rest_route=\/wp\/v2\/users\/198"}],"replies":[{"embeddable":true,"href":"https:\/\/vpmedias.fr\/index.php?rest_route=%2Fwp%2Fv2%2Fcomments&post=22064"}],"version-history":[{"count":15,"href":"https:\/\/vpmedias.fr\/index.php?rest_route=\/wp\/v2\/posts\/22064\/revisions"}],"predecessor-version":[{"id":34086,"href":"https:\/\/vpmedias.fr\/index.php?rest_route=\/wp\/v2\/posts\/22064\/revisions\/34086"}],"wp:attachment":[{"href":"https:\/\/vpmedias.fr\/index.php?rest_route=%2Fwp%2Fv2%2Fmedia&parent=22064"}],"wp:term":[{"taxonomy":"category","embeddable":true,"href":"https:\/\/vpmedias.fr\/index.php?rest_route=%2Fwp%2Fv2%2Fcategories&post=22064"},{"taxonomy":"post_tag","embeddable":true,"href":"https:\/\/vpmedias.fr\/index.php?rest_route=%2Fwp%2Fv2%2Ftags&post=22064"}],"curies":[{"name":"wp","href":"https:\/\/api.w.org\/{rel}","templated":true}]}}