{"id":22316,"date":"2015-08-04T03:38:43","date_gmt":"2015-08-04T02:38:43","guid":{"rendered":"http:\/\/vpmedias.fr\/?p=22316"},"modified":"2015-08-04T03:38:43","modified_gmt":"2015-08-04T02:38:43","slug":"robertchopin-mon-mandat-ce-serait-legerete-delire-et-surtout-explosif","status":"publish","type":"post","link":"https:\/\/vpmedias.fr\/?p=22316","title":{"rendered":"RobertChopin : \u00ab Mon mandat, ce serait l\u00e9g\u00e8ret\u00e9, d\u00e9lire et surtout explosif \u00bb"},"content":{"rendered":"<p>RobertChopin, le tout jeune candidat \u00e0 la pr\u00e9sidentielle de VPM \u00e9tait dans nos locaux il y a quelques heures. C&rsquo;est maintenant \u00e0 lui de nous d\u00e9livrer son programme et ses id\u00e9es !<\/p>\n<p><strong>Magne\u00a0: Bonjour RobertChopin, c&rsquo;est avant tout un grand plaisir pour moi te t&rsquo;accueillir ici. Peux-tu commencer par te pr\u00e9senter pour les joueurs ne te connaissant pas ?<\/strong><\/p>\n<p><em>RobertChopin\u00a0: Bonjour Magne, je suis n\u00e9 en France, mon p\u00e8re \u00e9tait menuisier et ma m\u00e8re femme de m\u00e9nage. N\u00e9anmoins nous avons toujours \u00e9t\u00e9 proches de nos anciennes racines polonaises. Oui mon arri\u00e8re arri\u00e8re-grand-p\u00e8re est Fr\u00e9d\u00e9ric Chopin.<\/em><\/p>\n<p><strong>Et au niveau du jeu, es-tu inscrit depuis longtemps ? Dans quel parti es-tu ?<\/strong><\/p>\n<p><em> Je suis inscris depuis le 08\/05\/15 et je suis le fondateur et actuel secr\u00e9taire g\u00e9n\u00e9ral du parti \u00ab\u00a0Les Chopins D&rsquo;abord\u00a0\u00bb. J&rsquo;ai un multi Jacquesmozart qui va rejoindre Vpmtomtom dans son nouveau parti. Et mon troisi\u00e8me ah \u00e7a c&rsquo;est secret. Et de savoir si je me suis inscris sur le jeu avant cette date-l\u00e0 je laisse le myst\u00e8re entier<\/em><\/p>\n<p><strong>Comment vis-tu cette campagne ? La trouves-tu assez anim\u00e9e ?<\/strong><\/p>\n<p><em>C&rsquo;est ma premi\u00e8re campagne pr\u00e9sidentielle, je la trouve anim\u00e9e en termes de clash entre les soutiens de Julien, Krusty et Talisman. Et sinc\u00e8rement pour le report, je ne me vois pas le donner \u00e0 un de ces trois-l\u00e0. Malgr\u00e9 tout je vois que Talisman essaye de se d\u00e9tacher et s&rsquo;amuser mais il est vite attaqu\u00e9. En tout cas j&rsquo;appr\u00e9cie Maponos, je trouve que c&rsquo;est un bon candidat et de plus marrant. J&rsquo;ai une pens\u00e9e particuli\u00e8re pour Sauvage car je trouve que c&rsquo;est lui qui me repr\u00e9sente le plus entre guillemet bien s\u00fbr tous les deux sapharistes \u00e0 tendance campagnard. Baghera a l&rsquo;air sympa c&rsquo;est s\u00fbr. Apr\u00e8s le candidat Chlochlo il a l&rsquo;air pas malin et je ne sais pas un peu bizarre. En tout cas pour ma part je m&rsquo;\u00e9clate.<\/em><\/p>\n<p><strong>Ne penses-tu pas que ton manque d&rsquo;exp\u00e9rience peut \u00eatre un frein dans cette pr\u00e9sidentielle ?<\/strong><\/p>\n<p><em>Pourquoi le manque d&rsquo;exp\u00e9rience peut \u00eatre un frein ? Je n&rsquo;ai pas besoin d&rsquo;exp\u00e9riences pour distribuer des enveloppes, pour nommer des ministres. C&rsquo;est une animation donc nous n&rsquo;avons pas besoin d&rsquo;avoir fait ses preuves en termes de campagne.<\/em><\/p>\n<p><strong>Comment imagines-tu ton futur mandat, si tu arriverais \u00e0 la t\u00eate de la pr\u00e9sidence de VPM ?<\/strong><\/p>\n<p><em>Ah mon mandat, ce serait l\u00e9g\u00e8ret\u00e9, d\u00e9lire et surtout explosif en terme de choix des ministres m\u00eame eux ne le voudront pas mais haha j&rsquo;aime ce c\u00f4t\u00e9 explosif aussi donc je ne sais pas mais j&rsquo;essayerai de cr\u00e9er un vrai bordel dans la communaut\u00e9 afin de s&rsquo;\u00e9clater et se dire yeahh VPM c&rsquo;est un jeu mais surtout parce que du chopin passerai toutes les heures. Oui je vais un peu loin dans la r\u00e9flexion. En tout cas j&rsquo;irais au feeling. Durant mon mandat je choisirai des ministres et des enveloppes seront distribu\u00e9es (haha de l&rsquo;humour c&rsquo;est mon programme :p)<\/em><\/p>\n<p><strong>Qui comptes-tu nommer dans ton gouvernement ?<\/strong><\/p>\n<p><em>Oh on va rire un peu. J&rsquo;ai pens\u00e9 facilement \u00e0 cr\u00e9er un gouvernement explosif que m\u00eame ce gouvernement se taperait dessus haha. Donc Talisman Krusty Moostach Sauvage Maponos Magne et Bananus et le reste nous verrons.<\/em><\/p>\n<p><strong>Peux-tu nous parler un peu de ton programme\u00a0?<\/strong><\/p>\n<p><em>Moi pr\u00e9sident, je ferais tout pour que l&rsquo;on ait une promotion du jeu dans le journal de 20h sur TF1.<\/em><\/p>\n<p><em>Moi pr\u00e9sident, les nouveaux seront heureux, ils auront 150 euros pour rester deux mois sur le jeu.<\/em><\/p>\n<p><em>Moi pr\u00e9sident, les m\u00e9dias seront heureux car ils seront en vacances ou plut\u00f4t ferm\u00e9s afin de censurer cette libert\u00e9 d&rsquo;expression.<\/em><\/p>\n<p><em>Moi pr\u00e9sident, les enveloppes seront distribu\u00e9es, oui je suis oblig\u00e9 de toute fa\u00e7on.<\/em><\/p>\n<p><em>Moi pr\u00e9sident, je nommerai des ministres avec des pseudos diff\u00e9rents.<\/em><\/p>\n<p><strong>\u00a0Un Dernier Mot pour finir\u00a0?<\/strong><\/p>\n<p><em>Oui votez pour Chopin c&rsquo;est l&rsquo;assurance d&rsquo;un mandat o\u00f9 il branle rien<\/em><\/p>\n<p>Merci \u00e0 lui d&rsquo;avoir bien voulu r\u00e9pondre \u00e0 nos diff\u00e9rentes questions, en ce jour de Premier Tour, Bon Vote \u00e0 tous !<\/p>\n<p>[auteur]<\/p>\n","protected":false},"excerpt":{"rendered":"<p>\u00abMoi Pr\u00e9sident, Je nommerai des ministres avec des pseudos diff\u00e9rents \u00bb<\/p>\n","protected":false},"author":91,"featured_media":0,"comment_status":"open","ping_status":"open","sticky":false,"template":"","format":"standard","meta":{"site-container-style":"default","site-container-layout":"default","site-sidebar-layout":"default","disable-article-header":"default","disable-site-header":"default","disable-site-footer":"default","disable-content-area-spacing":"default","footnotes":""},"categories":[312,4],"tags":[421,34,644,418],"class_list":["post-22316","post","type-post","status-publish","format-standard","hentry","category-g-a-la-une","category-2-vpmc","tag-candidats","tag-interview","tag-presi-24","tag-presidentielle"],"_links":{"self":[{"href":"https:\/\/vpmedias.fr\/index.php?rest_route=\/wp\/v2\/posts\/22316","targetHints":{"allow":["GET"]}}],"collection":[{"href":"https:\/\/vpmedias.fr\/index.php?rest_route=\/wp\/v2\/posts"}],"about":[{"href":"https:\/\/vpmedias.fr\/index.php?rest_route=\/wp\/v2\/types\/post"}],"author":[{"embeddable":true,"href":"https:\/\/vpmedias.fr\/index.php?rest_route=\/wp\/v2\/users\/91"}],"replies":[{"embeddable":true,"href":"https:\/\/vpmedias.fr\/index.php?rest_route=%2Fwp%2Fv2%2Fcomments&post=22316"}],"version-history":[{"count":3,"href":"https:\/\/vpmedias.fr\/index.php?rest_route=\/wp\/v2\/posts\/22316\/revisions"}],"predecessor-version":[{"id":22380,"href":"https:\/\/vpmedias.fr\/index.php?rest_route=\/wp\/v2\/posts\/22316\/revisions\/22380"}],"wp:attachment":[{"href":"https:\/\/vpmedias.fr\/index.php?rest_route=%2Fwp%2Fv2%2Fmedia&parent=22316"}],"wp:term":[{"taxonomy":"category","embeddable":true,"href":"https:\/\/vpmedias.fr\/index.php?rest_route=%2Fwp%2Fv2%2Fcategories&post=22316"},{"taxonomy":"post_tag","embeddable":true,"href":"https:\/\/vpmedias.fr\/index.php?rest_route=%2Fwp%2Fv2%2Ftags&post=22316"}],"curies":[{"name":"wp","href":"https:\/\/api.w.org\/{rel}","templated":true}]}}