{"id":22341,"date":"2015-08-06T09:39:43","date_gmt":"2015-08-06T08:39:43","guid":{"rendered":"http:\/\/vpmedias.fr\/?p=22341"},"modified":"2015-08-06T09:39:43","modified_gmt":"2015-08-06T08:39:43","slug":"vive-le-parlementarisme","status":"publish","type":"post","link":"https:\/\/vpmedias.fr\/?p=22341","title":{"rendered":"Vive le parlementarisme !"},"content":{"rendered":"<p style=\"text-align: justify;\"><strong>Plaidoyer pour une R\u00e9publique parlementaire.<!--more--><\/strong><\/p>\n<p style=\"text-align: justify;\">L&rsquo;heure est bien grave mes chers VPMiennes, VPMiens, \u00e0 l&rsquo;heure o\u00f9 je vous parle notre ch\u00e8re communaut\u00e9 n&rsquo;a pas de parlement et ces jours ci avec les \u00e9lections pr\u00e9sidentielles qui arrivent \u00e0 grands pas nous allons nous appr\u00eater \u00e0 \u00e9lire un nouveau dictateur.<\/p>\n<p style=\"text-align: justify;\">Est-ce donc ce que m\u00e9rite notre nation ?!<\/p>\n<p style=\"text-align: justify;\">Nous le peuple de VPM devons co\u00fbte que co\u00fbte diriger cette nation et prendre le pouvoir ! Oui, car le peuple doit lui-m\u00eame diriger ce pays si prosp\u00e8re et si beau. Un pays qui lui appartient et dont ce dernier doit agir pour pouvoir s&rsquo;\u00e9manciper et aller de l&rsquo;avant !<\/p>\n<p style=\"text-align: justify;\">Nous devons avoir une assembl\u00e9e nationale repr\u00e9sent\u00e9e par pr\u00e8s de 50 \u00e0 100 d\u00e9put\u00e9s issus des milieux populaires et \u00e9lus d\u00e9mocratiquement par le peuple \u00e0 la proportionnelle, avec une prime de majorit\u00e9 de 25% des si\u00e8ges afin d&rsquo;obtenir une majorit\u00e9 stable et performante \u00e0 notre nation.<\/p>\n<p style=\"text-align: justify;\">Peuple de VPM, prenez le pouvoir !!<br \/>\nVive la R\u00e9publique et vive VPM !<\/p>\n<p style=\"text-align: justify;\">Varoufakis,<br \/>\nSecr\u00e9taire national du Parti de la Libert\u00e9.<\/p>\n","protected":false},"excerpt":{"rendered":"<p>Plaidoyer pour une R\u00e9publique parlementaire.<\/p>\n","protected":false},"author":14,"featured_media":0,"comment_status":"open","ping_status":"open","sticky":false,"template":"","format":"standard","meta":{"site-container-style":"default","site-container-layout":"default","site-sidebar-layout":"default","disable-article-header":"default","disable-site-header":"default","disable-site-footer":"default","disable-content-area-spacing":"default","footnotes":""},"categories":[302],"tags":[],"class_list":["post-22341","post","type-post","status-publish","format-standard","hentry","category-5-la-tribune-libre"],"_links":{"self":[{"href":"https:\/\/vpmedias.fr\/index.php?rest_route=\/wp\/v2\/posts\/22341","targetHints":{"allow":["GET"]}}],"collection":[{"href":"https:\/\/vpmedias.fr\/index.php?rest_route=\/wp\/v2\/posts"}],"about":[{"href":"https:\/\/vpmedias.fr\/index.php?rest_route=\/wp\/v2\/types\/post"}],"author":[{"embeddable":true,"href":"https:\/\/vpmedias.fr\/index.php?rest_route=\/wp\/v2\/users\/14"}],"replies":[{"embeddable":true,"href":"https:\/\/vpmedias.fr\/index.php?rest_route=%2Fwp%2Fv2%2Fcomments&post=22341"}],"version-history":[{"count":1,"href":"https:\/\/vpmedias.fr\/index.php?rest_route=\/wp\/v2\/posts\/22341\/revisions"}],"predecessor-version":[{"id":22460,"href":"https:\/\/vpmedias.fr\/index.php?rest_route=\/wp\/v2\/posts\/22341\/revisions\/22460"}],"wp:attachment":[{"href":"https:\/\/vpmedias.fr\/index.php?rest_route=%2Fwp%2Fv2%2Fmedia&parent=22341"}],"wp:term":[{"taxonomy":"category","embeddable":true,"href":"https:\/\/vpmedias.fr\/index.php?rest_route=%2Fwp%2Fv2%2Fcategories&post=22341"},{"taxonomy":"post_tag","embeddable":true,"href":"https:\/\/vpmedias.fr\/index.php?rest_route=%2Fwp%2Fv2%2Ftags&post=22341"}],"curies":[{"name":"wp","href":"https:\/\/api.w.org\/{rel}","templated":true}]}}