{"id":22641,"date":"2015-08-12T07:59:23","date_gmt":"2015-08-12T06:59:23","guid":{"rendered":"http:\/\/vpmedias.fr\/?p=22641"},"modified":"2015-08-12T08:00:27","modified_gmt":"2015-08-12T07:00:27","slug":"lillu-du-mercredi-12-aout-2015","status":"publish","type":"post","link":"https:\/\/vpmedias.fr\/?p=22641","title":{"rendered":"L&rsquo;illu du mercredi | 12 ao\u00fbt 2015"},"content":{"rendered":"<p style=\"text-align: justify;\">Dites le avec des fleurs&#8230; Nous avons tous entendu ce dicton au moins une fois dans notre vie. Eh bien d\u00e9sormais, VPM\u00e9dias le fait sien ! Et rajoute sa sauce : dites le avec des images. Comme d&rsquo;habitude, nous faisons du neuf avec du vieux : exit <a href=\"http:\/\/vpmedias.fr\/?tag=lillu-du-samedi\">L&rsquo;illu du samedi<\/a>, chronique anim\u00e9e r\u00e9guli\u00e8rement dans l&rsquo;irr\u00e9gularit\u00e9 depuis quelques ann\u00e9es, place \u00e0 L&rsquo;illu du mercredi ! S\u00e9rie hebdomadaire dans laquelle les VPMiens seront mis \u00e0 l&rsquo;honneur : un ou deux dessins de l&rsquo;actualit\u00e9 VPMienne, r\u00e9alis\u00e9s par vous, seront publi\u00e9s (vous me les envoyez en MP) !<br \/>\nLes plus beaux feront par la suite l&rsquo;objet d&rsquo;une <strong>publication mensuelle sur la <a href=\"https:\/\/www.facebook.com\/pages\/Votezpourmoi\/120171394671364\">page Facebook de VPM<\/a><\/strong>, et les dessins de presse, s&rsquo;ils sont excellemment bien trouv\u00e9s et dessin\u00e9s, <strong>paraitront dans le journal<\/strong> de vos villes !<\/p>\n<p style=\"text-align: center;\"><a href=\"http:\/\/www.votezpourmoi.com\/jeu\/forum_msg.php?idsujet=27913&amp;id=4&amp;recherche=\">Le d\u00e9tail de l&rsquo;animation ici<\/a><\/p>\n<p style=\"text-align: justify;\">Je vous laisse la plume ! Tout de suite deux dessins pour inaugurer la chronique !<\/p>\n<p style=\"text-align: justify;\"><span style=\"color: #0000ff;\"><strong>Image 1<\/strong><\/span> : Krustyisback se lance dans le commerce \u00e9quitable, en achetant les tomates directement aux producteurs ! &#8211;<em> dessin par Baghera<\/em><\/p>\n<p style=\"text-align: justify;\"><a href=\"http:\/\/vpmedias.fr\/wp-content\/uploads\/2015\/08\/Bagh_illu_1.jpg\"><img loading=\"lazy\" decoding=\"async\" class=\"aligncenter size-large wp-image-22651\" alt=\"Bagh_illu_1\" src=\"http:\/\/vpmedias.fr\/wp-content\/uploads\/2015\/08\/Bagh_illu_1-550x323.jpg\" width=\"550\" height=\"323\" srcset=\"https:\/\/vpmedias.fr\/wp-content\/uploads\/2015\/08\/Bagh_illu_1-550x323.jpg 550w, https:\/\/vpmedias.fr\/wp-content\/uploads\/2015\/08\/Bagh_illu_1-150x88.jpg 150w, https:\/\/vpmedias.fr\/wp-content\/uploads\/2015\/08\/Bagh_illu_1-300x176.jpg 300w\" sizes=\"auto, (max-width: 550px) 100vw, 550px\" \/><\/a><\/p>\n<p style=\"text-align: justify;\"><span style=\"color: #0000ff;\"><strong>Image 2<\/strong><\/span> : Talisman pr\u00f4ne le rassemblement &#8230; contre lui ! <em>&#8211; dessin par Talisman<\/em><\/p>\n<p style=\"text-align: justify;\"><a href=\"http:\/\/vpmedias.fr\/wp-content\/uploads\/2015\/08\/Tal_illu_1.jpg\"><img loading=\"lazy\" decoding=\"async\" class=\"aligncenter size-large wp-image-22652\" alt=\"Tal_illu_1\" src=\"http:\/\/vpmedias.fr\/wp-content\/uploads\/2015\/08\/Tal_illu_1-550x458.jpg\" width=\"550\" height=\"458\" srcset=\"https:\/\/vpmedias.fr\/wp-content\/uploads\/2015\/08\/Tal_illu_1-550x458.jpg 550w, https:\/\/vpmedias.fr\/wp-content\/uploads\/2015\/08\/Tal_illu_1-150x125.jpg 150w, https:\/\/vpmedias.fr\/wp-content\/uploads\/2015\/08\/Tal_illu_1-300x250.jpg 300w, https:\/\/vpmedias.fr\/wp-content\/uploads\/2015\/08\/Tal_illu_1.jpg 1842w\" sizes=\"auto, (max-width: 550px) 100vw, 550px\" \/><\/a><\/p>\n<p style=\"text-align: justify;\">[auteur]<\/p>\n","protected":false},"excerpt":{"rendered":"<p>Tous les mercredis, un dessin, un croquis, une photo vient illuster l\u2019actu VPMienne, par vous et pour vous !<\/p>\n","protected":false},"author":131,"featured_media":0,"comment_status":"open","ping_status":"open","sticky":false,"template":"","format":"standard","meta":{"site-container-style":"default","site-container-layout":"default","site-sidebar-layout":"default","disable-article-header":"default","disable-site-header":"default","disable-site-footer":"default","disable-content-area-spacing":"default","footnotes":""},"categories":[312,4],"tags":[39,647],"class_list":["post-22641","post","type-post","status-publish","format-standard","hentry","category-g-a-la-une","category-2-vpmc","tag-humour","tag-lillu-du-mercredi"],"_links":{"self":[{"href":"https:\/\/vpmedias.fr\/index.php?rest_route=\/wp\/v2\/posts\/22641","targetHints":{"allow":["GET"]}}],"collection":[{"href":"https:\/\/vpmedias.fr\/index.php?rest_route=\/wp\/v2\/posts"}],"about":[{"href":"https:\/\/vpmedias.fr\/index.php?rest_route=\/wp\/v2\/types\/post"}],"author":[{"embeddable":true,"href":"https:\/\/vpmedias.fr\/index.php?rest_route=\/wp\/v2\/users\/131"}],"replies":[{"embeddable":true,"href":"https:\/\/vpmedias.fr\/index.php?rest_route=%2Fwp%2Fv2%2Fcomments&post=22641"}],"version-history":[{"count":18,"href":"https:\/\/vpmedias.fr\/index.php?rest_route=\/wp\/v2\/posts\/22641\/revisions"}],"predecessor-version":[{"id":22665,"href":"https:\/\/vpmedias.fr\/index.php?rest_route=\/wp\/v2\/posts\/22641\/revisions\/22665"}],"wp:attachment":[{"href":"https:\/\/vpmedias.fr\/index.php?rest_route=%2Fwp%2Fv2%2Fmedia&parent=22641"}],"wp:term":[{"taxonomy":"category","embeddable":true,"href":"https:\/\/vpmedias.fr\/index.php?rest_route=%2Fwp%2Fv2%2Fcategories&post=22641"},{"taxonomy":"post_tag","embeddable":true,"href":"https:\/\/vpmedias.fr\/index.php?rest_route=%2Fwp%2Fv2%2Ftags&post=22641"}],"curies":[{"name":"wp","href":"https:\/\/api.w.org\/{rel}","templated":true}]}}