{"id":22732,"date":"2015-08-31T08:13:53","date_gmt":"2015-08-31T07:13:53","guid":{"rendered":"http:\/\/vpmedias.fr\/?p=22732"},"modified":"2015-08-31T10:13:16","modified_gmt":"2015-08-31T09:13:16","slug":"adriop-a-lheure-de-la-verite-vraie","status":"publish","type":"post","link":"https:\/\/vpmedias.fr\/?p=22732","title":{"rendered":"Adriop \u00e0 \u00ab\u00a0L&rsquo;Heure de la V\u00e9rit\u00e9 Vraie\u00a0\u00bb"},"content":{"rendered":"<p><strong><img loading=\"lazy\" decoding=\"async\" class=\"alignleft size-full wp-image-22736\" alt=\"4163924\" src=\"http:\/\/vpmedias.fr\/wp-content\/uploads\/2015\/08\/4163924.jpg\" width=\"137\" height=\"150\" \/><\/strong>Apr\u00e8s quelques jours de cong\u00e9s bien m\u00e9rit\u00e9s, retrouvez sur VPM\u00e9dias, notre concept qui se veut r\u00e9gulier : Une interview sans concession, sans langue de bois d\u2019une personnalit\u00e9 de VPM.<\/p>\n<p style=\"text-align: justify;\">Aujourd\u2019hui\u00a0je re\u00e7ois le <strong>Secr\u00e9taire G\u00e9n\u00e9ral<\/strong> du premier parti de VPM depuis un certain temps, ce joueur<strong> discret et loyal<\/strong>, terriblement efficace, a \u00e9t\u00e9 <strong>Maire de PARIS<\/strong> \u00e0 de nombreuses reprises, chers amis, vous l\u2019avez compris je re\u00e7ois <strong>\u00a0Adriop<\/strong>.<\/p>\n<p>\u00a0<strong>Cher Adriop, tu es l\u2019invit\u00e9 de notre jeune rubrique, \u00abL\u2019heure de la V\u00e9rit\u00e9 Vraie \u00bb. Bienvenu \u00e0 toi, j\u2019ai lu sur WikiVPM que quelqu\u2019un s\u2019\u00e9tait fait passer pour le vrai Adriop, comment puis-je \u00eatre certain que j\u2019ai bien aujourd\u2019hui le vrai en face de moi \u2026.\u00a0?? (<a href=\"http:\/\/wiki.vpmedias.fr\/Mamix\">voir la page WikiVPM de Adriop<\/a>)<\/strong><em><br \/>\n<\/em><\/p>\n<p style=\"text-align: justify;\"><span style=\"color: #000080;\">Bonjour Marengo, il est vrai que\u00a0quelqu\u2019un\u00a0s\u2019\u00e9tait fait pass\u00e9 pour moi de Juin \u00e0 D\u00e9cembre 2013.\u00a0<\/span><br \/>\n<span style=\"color: #000080;\">Certaines personnes qui me connaissaient avant mon retour avaient de toute fa\u00e7on de s\u00e9rieux doutes \u00e0 propos de la r\u00e9elle identit\u00e9 de l\u2019Adriop de l\u2019\u00e9poque. En effet il suffit de regarder les messages post\u00e9s \u00e0 l\u2019\u00e9poque pour se rendre compte que \u00e7a ne pouvait \u00eatre qu\u2019une personne diff\u00e9rente. De plus, il suffit de regarder les r\u00e9sultats de campagne de l\u2019\u00e9poque, ils ne ressemblaient pas non plus aux r\u00e9sultats du vrai Adriop de 2012 et d\u2019aujourd\u2019hui. En effet, il n\u2019arrivait jamais au second tour, chose qui m\u2019arrive tr\u00e8s rarement ;)<\/span><br \/>\n<span style=\"color: #000080;\">Il n\u2019y a pas de preuves tangibles et accessibles par tous les joueurs, cependant de nombreux \u00e9l\u00e9ments concordent pour le d\u00e9montrer si vous vous int\u00e9ressez un peu \u00e0 cette histoire ancienne.\u00a0<\/span><\/p>\n<p><strong><em>Bon allez allons-y je prends le risque, avant toute chose, le rituel veux que tu l\u00e8ves le pied gauche et que tu jures de dire la v\u00e9rit\u00e9, toute la v\u00e9rit\u00e9, rien que la v\u00e9rit\u00e9.<\/em><\/strong><\/p>\n<p style=\"text-align: justify;\"><span style=\"color: #000080;\">(En \u00e9quilibre sur le pied gauche) Je jure de dire la v\u00e9rit\u00e9, toute la v\u00e9rit\u00e9, rien que la v\u00e9rit\u00e9 !\u00a0<\/span><\/p>\n<p style=\"text-align: justify;\"><strong>Peux-tu nous parler de toi en quelques mots\u00a0?<\/strong><\/p>\n<p style=\"text-align: justify;\"><span style=\"color: #000080;\">IRL, je suis un \u00e9tudiant de 21 ans\u00a0fra\u00eechement\u00a0dipl\u00f4m\u00e9 d\u2019un Bachelor d\u2019une \u00e9cole de commerce du Sud de la France. Ce dipl\u00f4me m\u2019a permis de vivre deux ann\u00e9es \u00e0 l\u2019\u00e9tranger dont une en Irlande et une en Australie. Je vais int\u00e9grer d\u00e8s Septembre un Master 2\u00a0sp\u00e9cialis\u00e9 en Analyse Financi\u00e8re Internationale dans l\u2019optique de travailler dans un fond d\u2019investissement par la suite.\u00a0<\/span><br \/>\n<span style=\"color: #000080;\">Sinon, je suis un passionn\u00e9 de voyage, et compte bien faire un tour du monde complet d\u2019un an \u00e0 la fin de mes \u00e9tudes avant de rentrer d\u00e9finitivement sur le march\u00e9 du travail.\u00a0<\/span><br \/>\n<span style=\"color: #000080;\">Je suis \u00e0 la base originaire de la r\u00e9gion parisienne, mais n\u2019y vit plus tout au long de l\u2019ann\u00e9e depuis mes 16 ans.\u00a0<\/span><\/p>\n<p style=\"text-align: justify;\"><strong>Tu es un joueur particuli\u00e8rement discret sur VPM, est ce de la timidit\u00e9, une volont\u00e9 de ne pas trop descendre dans l\u2019ar\u00e8ne ou une volont\u00e9 de concentrer uniquement sur tes campagnes\u00a0?<\/strong><\/p>\n<p style=\"text-align: justify;\"><span style=\"color: #000080;\">Tout simplement, car je n\u2019ai pas l\u2019\u00e9nergie et le temps de passer r\u00e9guli\u00e8rement sur le forum. Ce n\u2019est pas de la timidit\u00e9, mais plus une flemme globale haha. Je n\u2019ai toujours pas le reflex d\u2019aller sur le forum malgr\u00e9 mes nombreuses connections chaque jours.\u00a0<\/span><span style=\"color: #000080;\">De plus, j\u2019aime VPM pour ses campagnes et pour sa strat\u00e9gie. Mon seul objectif est de faire en sorte que le PLH soit le plus souvent possible \u00e0 la premi\u00e8re place du classement g\u00e9n\u00e9ral. Le reste m\u2019int\u00e9resse moins et c\u2019est pourquoi je le consid\u00e8re comme secondaire.\u00a0<\/span><\/p>\n<blockquote>\n<p style=\"text-align: center;\"><em>\u00a0<\/em><span style=\"font-size: large;\">\u00ab\u00a0Je pense juste faire partie des meilleurs joueurs actuels\u00a0\u00bb\u00a0<\/span><\/p>\n<\/blockquote>\n<p style=\"text-align: justify;\"><strong>\u00a0En 2015 tu as re\u00e7u le VPM du meilleur campagnard et en 2012 le VPM Awards du joueur le plus bourrin, lequel te va le mieux\u2026\u00a0?<\/strong><\/p>\n<p style=\"text-align: justify;\">J<span style=\"color: #000080;\">e pense que le VPM Award du joueur le plus bourrin m\u2019allait tr\u00e8s bien pour la p\u00e9riode de 2012, surement moins depuis mon retour. Pour ce qui est de l\u2019award du meilleur campagnard, \u00e7a ne serait pas humble de ma part de dire qu\u2019il me correspond le mieux. Il y\u2019a de nombreux excellents joueurs sur VPM et je ne pense pas \u00eatre LE meilleur, je pense juste faire partie des meilleurs joueurs actuels sans penser \u00eatre meilleur qu\u2019un tel ou un autre.\u00a0<\/span><br \/>\n<span style=\"color: #000080;\">En tout cas, cet Award m\u2019a bien entendu fait \u00e9norm\u00e9ment plaisir et n\u2019a fait que renforcer ma volont\u00e9 de marquer ce jeu autant personnellement que collectivement avec le PLH.\u00a0<\/span><\/p>\n<p style=\"text-align: justify;\"><strong>\u00a0A Paris, tu as accumul\u00e9 11 victoires si mes comptes sont exacts, une sacr\u00e9e performance, pourtant depuis avril tu sembles marquer le pas, une forme de lassitude ou tes concurrents ont-ils trouv\u00e9 une parade \u00e0 ton style de campagne\u00a0?<\/strong><\/p>\n<p style=\"text-align: justify;\"><em>\u00a0<\/em><span style=\"color: #000080;\">Je n\u2019avais plus trop le temps de jouer. En effet, j\u2019\u00e9tais en Australie depuis Juillet 2014, et je devais commencer \u00e0 organiser mon retour. De plus, j\u2019avais des dossiers \u00e0 faire afin de postuler dans des masters ainsi qu\u2019un m\u00e9moire \u00e0 rendre. Du coup, \u00e0 partir du mois de Mai-Juin, je n\u2019allais que tr\u00e8s rarement sur VPM jusqu\u2019\u00e0 ne m\u00eame plus lire mes MP de Juillet \u00e0 mi-Ao\u00fbt.\u00a0<\/span><br \/>\n<span style=\"color: #000080;\">L\u00e0 \u00e7a doit \u00eatre la premi\u00e8re campagne depuis quelques mois ou je peux enfin rejouer avec 100% de mes moyens. Les victoires reviendront ;)\u00a0<\/span><\/p>\n<p style=\"text-align: justify;\"><strong>\u00a0Quel a \u00e9t\u00e9 le secret d\u2019autant de victoires quand on connait la concurrence qu\u2019il y a \u00e0 Paris ?<\/strong><\/p>\n<p style=\"text-align: justify;\"><em><\/em><span style=\"color: #000080;\">J<\/span><span style=\"color: #000080;\">e pense qu\u2019il faut \u00eatre souvent sur le jeu. Se connecter une ou deux fois par jour quand on est \u00e0 Paris ne permet pas, selon moi, de viser la victoire finale. De plus, j\u2019avais souvent de bons th\u00e8mes et de bons z\u00e9niths bien plac\u00e9s. Il faut \u00e9galement remercier le PLH pour me donner les moyens en plakass de jouer cette campagne \u00e0 fond. J\u2019arrive toujours (enfin la plupart du temps) avec au moins 1 million en caisse perso.\u00a0<\/span><br \/>\n<span style=\"color: #000080;\">Apr\u00e8s, je pense qu\u2019il faut avoir de bonnes relations avec tous les joueurs, ce qui \u00e9vite la corruption et quelques d\u00e9sagr\u00e9ments qui peuvent freiner une campagne. Cependant, il n\u2019y a pas de recettes magiques pour gagner Paris malheureusement, tout se joue sur des d\u00e9tails et parfois sur la chance.\u00a0<\/span><\/p>\n<p style=\"text-align: justify;\"><strong>\u00a0Certains \u00ab\u00a0mauvais perdants\u00a0\u00bb se sont plaints de l\u2019affichage massif \u00e0 coup de cr\u00e9dits, une technique comme une autre\u00a0?<\/strong><\/p>\n<p style=\"text-align: justify;\"><span style=\"color: #000080;\">\u00a0Etant donn\u00e9 que je me connecte souvent sur le jeu, j\u2019essaye toujours d\u2019avoir au minimum 4 ou 5 affiches (il y\u2019a 12 emplacements \u00e0 Paris) ce que je ne trouve pas excessif. De plus, d\u00e9sormais gr\u00e2ce \u00e0 la baisse du prix des affiches lorsque l\u2019on a des militants, j\u2019ai pu consid\u00e9rablement baisser mes investissements en cr\u00e9dits en payant mes affiches en plakass, ce qui du coup, d\u00e9range moins. Apr\u00e8s oui, selon moi c\u2019est une tactique comme une autre et j\u2019ai du mal \u00e0 comprendre ceux qui la critiquent.\u00a0Il ne faut pas oublier que c\u2019est Paris, et que Paris sans cr\u00e9dits&#8230; c\u2019est un petit peu compliqu\u00e9 vu le prix des affiches si on n\u2019a pas au moins deux militants (47000 plakass !!).\u00a0<\/span><\/p>\n<p style=\"text-align: justify;\"><span style=\"color: #000080;\">\u00a0<\/span><\/p>\n<blockquote>\n<p style=\"text-align: center;\"><span style=\"font-size: large;\">\u00ab\u00a0Je serai un tr\u00e8s mauvais pr\u00e9sident\u00a0\u00bb<\/span><\/p>\n<\/blockquote>\n<p style=\"text-align: justify;\"><strong>\u00a0Tu n\u2019as pas envie d\u2019un nouveau challenge, la pr\u00e9sidence de la R\u00e9publique par exemple\u00a0?<\/strong><\/p>\n<p style=\"text-align: justify;\"><span style=\"color: #000080;\">\u00a0Etant donn\u00e9 que je m\u2019int\u00e9resse tr\u00e8s peu aux \u00e9l\u00e9ments hors campagne, je serai un tr\u00e8s mauvais pr\u00e9sident. Je suis un pur-campagnard, le reste m\u2019importe peu. Mon challenge pour le moment est de battre le record de victoires \u00e0 Paris, une fois accompli, je verrai bien. Mais ce qui est sure c\u2019est que \u00e7a restera dans le domaine des campagnes et de la conqu\u00eate de nouvelles villes.\u00a0<\/span><\/p>\n<p style=\"text-align: justify;\"><strong>\u00a0A ce propos, comment juges-tu le mandat de Ganad qui s&rsquo;est achev\u00e9\u00a0r\u00e9cemment\u00a0?<\/strong><\/p>\n<p style=\"text-align: justify;\"><span style=\"color: #000080;\">\u00a0Je n\u2019ai pas tous les \u00e9l\u00e9ments pour le juger, \u00e9tant donn\u00e9 que pendant une grande partie de son mandat, je n\u2019avais pas le temps de voir ce qu\u2019il a fait. Cependant, connaissant un peu Ganad du fait qu\u2019il est secr\u00e9taire des Cancres Diplomates, parti alli\u00e9 et ami historique du PLH, je dirai que son mandat a \u00e9t\u00e9 exceptionnel ! ?\u00a0<\/span><\/p>\n<p style=\"text-align: justify;\"><strong>\u00a0Et le d\u00e9but du mandat Talisman : sympa, encourageant, d\u00e9j\u00e0 vu ou insuffisant ?<\/strong><\/p>\n<p style=\"text-align: justify;\"><span style=\"color: #000080;\">Aucune id\u00e9e, je suis revenu \u00e0 100% sur VPM depuis quelques jours, et je n&rsquo;ai par contre pas encore mis les pieds sur le forum. Laissez-moi un peu de temps pour me mettre \u00e0 jour et je pourrai vous dire.\u00a0<\/span><span style=\"color: #000080;\">Cependant, comme pour Ganad, je connais tr\u00e8s bien Talisman, et je ne doute pas qu&rsquo;il fera de tr\u00e8s bonnes choses :)\u00a0<\/span><\/p>\n<p style=\"text-align: justify;\"><strong>Parle nous un peu du PLH \u00e0 pr\u00e9sent, il est en recul au classement g\u00e9n\u00e9ral, en mai il \u00e9tait encore \u00e0 la t\u00eate de 7 des onze plus grandes villes,\u00a0aujourd\u2019hui\u00a0vous n\u2019en avez plus que deux, inqui\u00e9tant non\u00a0? Comment expliquer ce tassement\u00a0?<\/strong><\/p>\n<p style=\"text-align: justify;\"><span style=\"color: #000080;\">On a eu du mal \u00e0 passer le cap des vacances d\u2019\u00e9t\u00e9. En effet, on a eu beaucoup de d\u00e9parts provisoires et d\u00e9finitifs. De plus, comme expliqu\u00e9 au d\u00e9but, je n\u2019avais pas le temps de me connecter tous les jours, donc je n\u2019\u00e9tais pas aussi pr\u00e9sent pour donner les investitures et je ne pouvais donc pas remettre en place une strat\u00e9gie pour garder notre premi\u00e8re place.\u00a0<\/span><\/p>\n<p style=\"text-align: center;\"><em>\u00a0<span style=\"font-size: large;\">\u00ab\u00a0J\u2019esp\u00e8re continuer \u00e0 m\u2019occuper de mon b\u00e9b\u00e9 qui est le PLH\u00a0\u00bb<\/span><\/em><\/p>\n<p style=\"text-align: justify;\"><strong>Ton avenir sur VPM tu l\u2019esp\u00e8res o\u00f9 et comment\u00a0?<\/strong><\/p>\n<p style=\"text-align: justify;\"><span style=\"color: #000080;\">J\u2019esp\u00e8re continuer \u00e0 m\u2019occuper de mon b\u00e9b\u00e9 qui est le PLH. Je ferai tout pour ce que soit le plus grand parti que VPM ait connu. C\u2019est ma priorit\u00e9. Apr\u00e8s sur le plan personnel, une fois que j\u2019aurai battu le record de victoires \u00e0 Paris ou que je m\u2019en serai lass\u00e9. Je me vois bien donner les cl\u00e9s de la ville \u00e0 quelqu\u2019un d\u2019autre du parti afin de prendre une retraite bien m\u00e9rit\u00e9e dans une ville de province. Ca me permettrait d\u2019avoir plus de temps pour m\u2019occuper du parti ainsi que d\u2019essayer de m\u2019int\u00e9resser un peu plus aux \u00e9l\u00e9ments hors campagnes comme le forum, les animations, les m\u00e9dias etc&#8230;\u00a0<\/span><\/p>\n<p style=\"text-align: justify;\"><strong>Et bien, notre interview touche \u00e0 sa fin, l\u2019usage veut que tu d\u00e9dicaces notre \u00e9mission\u2026<\/strong><\/p>\n<p style=\"text-align: justify;\"><span style=\"color: #000080;\">Je vais d\u00e9dicacer cette interview \u00e0 Sengel qui a fait et fait toujours un travail formidable dans le parti. D\u2019ailleurs, allez jeter un \u0153il \u00e0 la nouvelle fiche du PLH, la pr\u00e9sentation et les dessins ont enti\u00e8rement \u00e9t\u00e9 faits par elle et personnellement je trouve que \u00e7a claque !\u00a0<\/span><span style=\"color: #000080;\">De plus, je tiens \u00e0 remercier Alexendreleglan qui nous fait l\u2019honneur de revenir sur le jeu, alors qu\u2019il avait pr\u00e9vu de raccrocher d\u00e9finitivement les gants. Sa pr\u00e9sence sera un grand plus pour le parti et nous permettra de revenir au sommet plus facilement.\u00a0<\/span><\/p>\n<p style=\"text-align: justify;\">Et bien merci \u00e0 Adriop \u00ab\u00a0ce papa poule du PLH\u00a0\u00bb pour cette interview fort s\u00e9rieuse. Quant \u00e0 nous chers lecteurs nous nous retrouverons dans quelques jours avec un nouvel invit\u00e9 ! Ainsi va la vie sur VPM\u2026<\/p>\n","protected":false},"excerpt":{"rendered":"<p>\u00abJ\u2019aime VPM pour ses campagnes et pour sa strat\u00e9gie.\u00bb<\/p>\n","protected":false},"author":201,"featured_media":0,"comment_status":"open","ping_status":"open","sticky":false,"template":"","format":"standard","meta":{"site-container-style":"default","site-container-layout":"default","site-sidebar-layout":"default","disable-article-header":"default","disable-site-header":"default","disable-site-footer":"default","disable-content-area-spacing":"default","footnotes":""},"categories":[312,4],"tags":[34,209],"class_list":["post-22732","post","type-post","status-publish","format-standard","hentry","category-g-a-la-une","category-2-vpmc","tag-interview","tag-people"],"_links":{"self":[{"href":"https:\/\/vpmedias.fr\/index.php?rest_route=\/wp\/v2\/posts\/22732","targetHints":{"allow":["GET"]}}],"collection":[{"href":"https:\/\/vpmedias.fr\/index.php?rest_route=\/wp\/v2\/posts"}],"about":[{"href":"https:\/\/vpmedias.fr\/index.php?rest_route=\/wp\/v2\/types\/post"}],"author":[{"embeddable":true,"href":"https:\/\/vpmedias.fr\/index.php?rest_route=\/wp\/v2\/users\/201"}],"replies":[{"embeddable":true,"href":"https:\/\/vpmedias.fr\/index.php?rest_route=%2Fwp%2Fv2%2Fcomments&post=22732"}],"version-history":[{"count":43,"href":"https:\/\/vpmedias.fr\/index.php?rest_route=\/wp\/v2\/posts\/22732\/revisions"}],"predecessor-version":[{"id":22753,"href":"https:\/\/vpmedias.fr\/index.php?rest_route=\/wp\/v2\/posts\/22732\/revisions\/22753"}],"wp:attachment":[{"href":"https:\/\/vpmedias.fr\/index.php?rest_route=%2Fwp%2Fv2%2Fmedia&parent=22732"}],"wp:term":[{"taxonomy":"category","embeddable":true,"href":"https:\/\/vpmedias.fr\/index.php?rest_route=%2Fwp%2Fv2%2Fcategories&post=22732"},{"taxonomy":"post_tag","embeddable":true,"href":"https:\/\/vpmedias.fr\/index.php?rest_route=%2Fwp%2Fv2%2Ftags&post=22732"}],"curies":[{"name":"wp","href":"https:\/\/api.w.org\/{rel}","templated":true}]}}