{"id":22853,"date":"2015-09-02T09:03:28","date_gmt":"2015-09-02T08:03:28","guid":{"rendered":"http:\/\/vpmedias.fr\/?p=22853"},"modified":"2015-09-02T21:50:25","modified_gmt":"2015-09-02T20:50:25","slug":"lillu-du-mercredi-02-septembre-2015","status":"publish","type":"post","link":"https:\/\/vpmedias.fr\/?p=22853","title":{"rendered":"L&rsquo;illu du mercredi | 02 septembre 2015"},"content":{"rendered":"<p style=\"text-align: justify;\">Un \u00e2ne qui s&rsquo;enfile des bananes, cela ne vous a vraisemblablement pas inspir\u00e9 ! Pourtant, quand on sait que notre \u00e2ne national est mod\u00e9rateur depuis d\u00e9j\u00e0 5 ans, on imagine bien qu&rsquo;il a d\u00fb en avaler des tonnes, des bananes. Heureusement, une contribution de derni\u00e8re minute est venue sauver la publication du jour ! Dens appr\u00e9ciera certainement &#8230;<\/p>\n<p style=\"text-align: justify;\">La vainqueur de la semaine est \u2026\u00a0<strong>Sengel<\/strong>\u00a0! Un \u00e2ne, une banane, et un coup de pinceau sans \u00e9gal. Voil\u00e0 une oeuvre qui fera assur\u00e9ment date !<a href=\"http:\/\/vpmedias.fr\/wp-content\/uploads\/2015\/09\/Sengel_Illu_2.jpg\"><img loading=\"lazy\" decoding=\"async\" class=\"aligncenter size-large wp-image-22857\" alt=\"Sengel_Illu_2\" src=\"http:\/\/vpmedias.fr\/wp-content\/uploads\/2015\/09\/Sengel_Illu_2-550x412.jpg\" width=\"550\" height=\"412\" srcset=\"https:\/\/vpmedias.fr\/wp-content\/uploads\/2015\/09\/Sengel_Illu_2-550x412.jpg 550w, https:\/\/vpmedias.fr\/wp-content\/uploads\/2015\/09\/Sengel_Illu_2-150x112.jpg 150w, https:\/\/vpmedias.fr\/wp-content\/uploads\/2015\/09\/Sengel_Illu_2-300x225.jpg 300w, https:\/\/vpmedias.fr\/wp-content\/uploads\/2015\/09\/Sengel_Illu_2.jpg 2048w\" sizes=\"auto, (max-width: 550px) 100vw, 550px\" \/><\/a><\/p>\n<p style=\"text-align: justify;\"><strong>Analyse de la moutonne : <\/strong>Dens se satisfait toujours du n\u00e9cessaire. Une banane, deux bananes, trois bananes&#8230; Cette oeuvre, \u00e0 la fronti\u00e8re du figuratif et de l&rsquo;abstraction hom\u00e9rique, rend sans aucun doute hommage \u00e0 un h\u00e9ros shakespearien. Un h\u00e9ros de l&rsquo;ombre, \u00e9ternel \u00e9talon, qui non content de fr\u00e9quenter chaque jour un fruit jaune prend \u00e0 coeur de lui faire d\u00e9couvrir de nouveaux mondes, color\u00e9s et naus\u00e9abonds. Certains y verront l&rsquo;amiti\u00e9 profonde qui lie les deux individus, d&rsquo;autres une v\u00e9ritable soumission de l&rsquo;\u00e2ne. La v\u00e9rit\u00e9 est peut-\u00eatre un m\u00e9lange des deux. Mais quoiqu&rsquo;il en soit, l&rsquo;oeuvre prouve une chose : si la banane doit chaque jour se d\u00e9merder pour innover, faire vivre VPM, et mettre au point de nouvelles id\u00e9es, c&rsquo;est peut-\u00eatre parce que c&rsquo;est la faute \u00e0 Dens&#8230;<\/p>\n<p style=\"text-align: right;\">Prix de vente : d\u00e9j\u00e0 achet\u00e9 par Dens.<\/p>\n<p style=\"text-align: justify;\"><em>On se retrouve tr\u00e8s bient\u00f4t pour le hors s\u00e9rie du mois d&rsquo;ao\u00fbt !<\/em><\/p>\n<p style=\"text-align: justify;\">[auteur]<\/p>\n","protected":false},"excerpt":{"rendered":"<p>Tous les mercredis, un dessin, un croquis, une photo vient illuster l\u2019actu VPMienne, par vous et pour vous !<\/p>\n","protected":false},"author":131,"featured_media":0,"comment_status":"open","ping_status":"open","sticky":false,"template":"","format":"standard","meta":{"site-container-style":"default","site-container-layout":"default","site-sidebar-layout":"default","disable-article-header":"default","disable-site-header":"default","disable-site-footer":"default","disable-content-area-spacing":"default","footnotes":""},"categories":[312,4],"tags":[39,647],"class_list":["post-22853","post","type-post","status-publish","format-standard","hentry","category-g-a-la-une","category-2-vpmc","tag-humour","tag-lillu-du-mercredi"],"_links":{"self":[{"href":"https:\/\/vpmedias.fr\/index.php?rest_route=\/wp\/v2\/posts\/22853","targetHints":{"allow":["GET"]}}],"collection":[{"href":"https:\/\/vpmedias.fr\/index.php?rest_route=\/wp\/v2\/posts"}],"about":[{"href":"https:\/\/vpmedias.fr\/index.php?rest_route=\/wp\/v2\/types\/post"}],"author":[{"embeddable":true,"href":"https:\/\/vpmedias.fr\/index.php?rest_route=\/wp\/v2\/users\/131"}],"replies":[{"embeddable":true,"href":"https:\/\/vpmedias.fr\/index.php?rest_route=%2Fwp%2Fv2%2Fcomments&post=22853"}],"version-history":[{"count":11,"href":"https:\/\/vpmedias.fr\/index.php?rest_route=\/wp\/v2\/posts\/22853\/revisions"}],"predecessor-version":[{"id":22890,"href":"https:\/\/vpmedias.fr\/index.php?rest_route=\/wp\/v2\/posts\/22853\/revisions\/22890"}],"wp:attachment":[{"href":"https:\/\/vpmedias.fr\/index.php?rest_route=%2Fwp%2Fv2%2Fmedia&parent=22853"}],"wp:term":[{"taxonomy":"category","embeddable":true,"href":"https:\/\/vpmedias.fr\/index.php?rest_route=%2Fwp%2Fv2%2Fcategories&post=22853"},{"taxonomy":"post_tag","embeddable":true,"href":"https:\/\/vpmedias.fr\/index.php?rest_route=%2Fwp%2Fv2%2Ftags&post=22853"}],"curies":[{"name":"wp","href":"https:\/\/api.w.org\/{rel}","templated":true}]}}