{"id":22927,"date":"2015-09-14T12:57:42","date_gmt":"2015-09-14T11:57:42","guid":{"rendered":"http:\/\/vpmedias.fr\/?p=22927"},"modified":"2015-09-14T12:57:42","modified_gmt":"2015-09-14T11:57:42","slug":"fondation-du-premier-journal-officiel-dopposition","status":"publish","type":"post","link":"https:\/\/vpmedias.fr\/?p=22927","title":{"rendered":"Fondation du premier journal officiel d&rsquo;opposition"},"content":{"rendered":"<p style=\"text-align: justify;\">Salut \u00e0 tous!<br \/>\nJe vous annonce la fondation et la future parution d&rsquo;un journal hebdomadaire dominical d&rsquo;opposition \u00e0 la pr\u00e9sidence de la r\u00e9publique.<!--more--> Ce journal, nomm\u00e9 l&rsquo;Alternative Dictatus se veut proche des VPMiens qui peuvent contacter Dictatus (r\u00e9dacteur en chef) afin de faire passer des messages \u00e0 leurs concitoyens, \u00e0 la pr\u00e9sidence, au gouvernement ou a toute personne qui daignera nous lire. J&rsquo;invite donc tout lecteur de VPM\u00e9dia d\u00e9sirant s&rsquo;exprimer dans mon journal \u00e0 me contacter par MP<br \/>\nBien entendu et pour le plaisir de tous, ce journal sera organis\u00e9 de mani\u00e8re binaire (c&rsquo;est l\u00e0 que l&rsquo;on reconnais l&rsquo;\u00e9tudiant de droit format\u00e9 que je suis ^^)<br \/>\nLa section premi\u00e8re concernera l&rsquo;opposition b\u00eate et m\u00e9chante et la seconde sera plus argument\u00e9e et r\u00e9fl\u00e9chie! Le tout \u00e9tant fait pour tenter d&rsquo;interpeller le gouvernement et surtout la pr\u00e9sidence sur les r\u00e9formes n\u00e9cessaires \u00e0 faire concernant le bon fonctionnement de VPM<br \/>\nComme il est donc dit plus haut, le journal para\u00eetra tous les dimanches n\u00e9anmoins, pour vous faire patienter jusqu&rsquo;\u00e0 demain voici le titre de notre prochaine Une:<br \/>\n<em>L&rsquo;Alternative Dictatus:<\/em><br \/>\n<em> Enfin une ligne d&rsquo;opposition cr\u00e9dible?<\/em><\/p>\n<p style=\"text-align: justify;\">Le changement et l&rsquo;opposition sont en marche, rien ne saurai les arr\u00eater!<\/p>\n<p style=\"text-align: justify;\">A demain!<\/p>\n<p style=\"text-align: justify;\">Auteur: Dictatus<\/p>\n","protected":false},"excerpt":{"rendered":"<p>Salut \u00e0 tous! Je vous annonce la fondation et la future parution d&rsquo;un journal hebdomadaire dominical d&rsquo;opposition \u00e0 la pr\u00e9sidence de la r\u00e9publique.<\/p>\n","protected":false},"author":14,"featured_media":0,"comment_status":"open","ping_status":"open","sticky":false,"template":"","format":"standard","meta":{"site-container-style":"default","site-container-layout":"default","site-sidebar-layout":"default","disable-article-header":"default","disable-site-header":"default","disable-site-footer":"default","disable-content-area-spacing":"default","footnotes":""},"categories":[302],"tags":[],"class_list":["post-22927","post","type-post","status-publish","format-standard","hentry","category-5-la-tribune-libre"],"_links":{"self":[{"href":"https:\/\/vpmedias.fr\/index.php?rest_route=\/wp\/v2\/posts\/22927","targetHints":{"allow":["GET"]}}],"collection":[{"href":"https:\/\/vpmedias.fr\/index.php?rest_route=\/wp\/v2\/posts"}],"about":[{"href":"https:\/\/vpmedias.fr\/index.php?rest_route=\/wp\/v2\/types\/post"}],"author":[{"embeddable":true,"href":"https:\/\/vpmedias.fr\/index.php?rest_route=\/wp\/v2\/users\/14"}],"replies":[{"embeddable":true,"href":"https:\/\/vpmedias.fr\/index.php?rest_route=%2Fwp%2Fv2%2Fcomments&post=22927"}],"version-history":[{"count":2,"href":"https:\/\/vpmedias.fr\/index.php?rest_route=\/wp\/v2\/posts\/22927\/revisions"}],"predecessor-version":[{"id":22930,"href":"https:\/\/vpmedias.fr\/index.php?rest_route=\/wp\/v2\/posts\/22927\/revisions\/22930"}],"wp:attachment":[{"href":"https:\/\/vpmedias.fr\/index.php?rest_route=%2Fwp%2Fv2%2Fmedia&parent=22927"}],"wp:term":[{"taxonomy":"category","embeddable":true,"href":"https:\/\/vpmedias.fr\/index.php?rest_route=%2Fwp%2Fv2%2Fcategories&post=22927"},{"taxonomy":"post_tag","embeddable":true,"href":"https:\/\/vpmedias.fr\/index.php?rest_route=%2Fwp%2Fv2%2Ftags&post=22927"}],"curies":[{"name":"wp","href":"https:\/\/api.w.org\/{rel}","templated":true}]}}