{"id":23103,"date":"2015-10-12T16:32:18","date_gmt":"2015-10-12T15:32:18","guid":{"rendered":"http:\/\/vpmedias.fr\/?p=23103"},"modified":"2015-10-12T16:32:18","modified_gmt":"2015-10-12T15:32:18","slug":"edition-exeptionnelle-de-lalternative","status":"publish","type":"post","link":"https:\/\/vpmedias.fr\/?p=23103","title":{"rendered":"Edition exeptionnelle de l&rsquo;Alternative"},"content":{"rendered":"<p style=\"text-align: center;\"><strong>L\u2019Alternative N\u00b03<\/strong><\/p>\n<p style=\"text-align: center;\"><em>De temps \u00e0 autre, Dictatus votre serviteur vous propose son point de vue d\u00e9cal\u00e9 et sans aucune langue de bois sur l\u2019actualit\u00e9 de VPM.<\/em><\/p>\n<p style=\"text-align: justify;\">Salut \u00e0 tous\u00a0! Une \u00e9dition un peu particuli\u00e8re aujourd\u2019hui puisque sous un autre format que l\u2019habituel\u00a0!<\/p>\n<p style=\"text-align: justify;\"><strong>LE FLOP !<\/strong> Apr\u00e8s avoir putscher Dictatus du parti l\u2019Alternative, thierryrobert se fait l\u00e2cher par sa tr\u00e9sori\u00e8re et unique membre de son parti. Il renomme ce dernier Mouvement R\u00e9unionnais (on comprendra tous la vanne pas dr\u00f4le) mais que r\u00e9unit-il mis \u00e0 part sa petite personne\u00a0? C\u2019est le flop de la semaine\u00a0!<\/p>\n<p style=\"text-align: justify;\"><strong>AU TOP<\/strong> ! Kropo<br \/>\nApr\u00e8s avoir \u00e9vinc\u00e9 Sengel de la mairie de Bruxelles, Kropo tente de rempiler pour un second mandat\u00a0! Attention mon pote, le mouton va s\u2019\u00e9nerver\u00a0!<\/p>\n<p style=\"text-align: justify;\"><strong>Actualit\u00e9 Vpmienne en vrac\u00a0:<\/strong><br \/>\n&#8211; Gr\u00e2ce \u00e0 ce faussaire de Krusty, une rumeur cours sur VPM\u00a0: le pr\u00e9sident serait pr\u00eat \u00e0 d\u00e9missionner etc, etc. C\u2019est bon les gars\u00a0! On nous \u00e0 d\u00e9j\u00e0 fait le coup sous Kerlinn<br \/>\n&#8211; En outre, Vptomtom pr\u00e9pare toujours sa candidature \u00e0 la pr\u00e9sidentielle\u00a0! On se demande comment se koala immonde et bouffeur d\u2019eucalyptus ose encore pr\u00e9tendre se pr\u00e9senter \u00e0 la pr\u00e9sidentielle puisqu\u2019il porte les couleurs de Krusty qui s\u2019est d\u00e9j\u00e0 r\u00e9tam\u00e9 3 fois \u00e0 l\u2019\u00e9lection si ma m\u00e9moire est bonne\u00a0! Allons, arr\u00eate Vptomtom\u00a0! Cela ne sert toujours \u00e0 rien\u00a0!<br \/>\n&#8211; Une nouvelle page d\u2019actualit\u00e9 \u00e0 \u00e9t\u00e9 incorpor\u00e9e \u00e0 VPM\u00a0! N\u2019h\u00e9sitez pas \u00e0 nous dire ce que vous en pensez\u00a0!<\/p>\n<p style=\"text-align: justify;\"><strong>Interview d\u2019un VPMien qui \u00e0 tenu \u00e0 garder son anonymat\u00a0:<\/strong><br \/>\nSalut *****, aujourd\u2019hui, la r\u00e9daction te propose de donner ton point de vue g\u00e9n\u00e9ral sur l\u2019actualit\u00e9 de VPM, l\u2019animation du forum etc !<br \/>\nTout d\u2019abord, merci\u00a0! Je voudrais tout d\u2019abord dire que je soutien Sengel pour cette nouvelle \u00e9lection \u00e0 la mairie de Bruxelles malgr\u00e9 le fait qu\u2019\u00e0 cause de sa d\u00e9faite, J\u2019AI PERDU 100000 PLAKASS au bookmaker\u00a0! Ensuite je voudrais dire que j\u2019en ai assez de Krusty qui pollue le forum. Sa t\u00eate de clown \u00e0 d\u00e9faut de m\u2019amuser me donner des boutons\u00a0! Et c\u2019est pareil pour Vptomtom\u00a0! Il faudrait vraiment arr\u00eater de se prendre trop au s\u00e9rieux\u00a0! Non mais sans rire\u00a0! C&rsquo;est un jeu bordel8<br \/>\nMerci ***** pour ton t\u00e9moignage tr\u00e8s\u2026 Ou plut\u00f4t sans\u2026 Concessions\u00a0!<\/p>\n<p style=\"text-align: justify;\"><strong>Pour finir et comme \u00e0 notre habitude, notre divin r\u00e9dacteur en chef, Dictatus, va nous parler de VPM\u00a0!<\/strong><br \/>\nSalut \u00e0 tous\u00a0!<br \/>\nAujourd\u2019hui je voudrais parler de l\u2019engouement susciter ces derniers temps par l\u2019\u00e9lection pr\u00e9sidentielle qui n\u2019aura lieu que dans 2 mois\u00a0! comme il est dit sur VPM\u00e9dias, la pr\u00e9sidentielle se joue elle maintenant\u00a0? Ma r\u00e9ponse est NON. La pr\u00e9sidentielle se joue 15 jours \u00e0 l\u2019avance et je serais gr\u00e9 aux autres joueurs de remballer leur ambition parce que franchement leur omnipr\u00e9sente campagne sur le forum devient tr\u00e8s lourde\u00a0!!<br \/>\nAussi, plut\u00f4t que de d\u00e9noncer leurs actions et ne rien faire en contrepartie, je vais rentrer dans leur jeu, qu\u2019ils voient ce que cela fait\u00a0! J\u2019annonce donc ma candidature d\u00e9cal\u00e9e \u00e0 l\u2019\u00e9lection pr\u00e9sidentielle de d\u00e9cembre.<br \/>\nContrairement \u00e0 eux, je ne fais pas cela par pure et simple ambition mais par amour du jeu et pour les emp\u00eacher de fanfaronner pendant leur future pr\u00e9sidence\u00a0!<br \/>\nChers Vpmiens, cher tous\u00a0:<br \/>\nJe ne d\u00e9cide pas de me pr\u00e9senter \u00e0 la pr\u00e9sidentielle juste pour les gonfler (mais \u00e7a me motive c\u2019est certain\u00a0! Je suis le vrai candidat antisyst\u00e8me\u00a0! J\u2019aime ce jeu et je veux qu\u2019il se renouvelle, qu\u2019il reprenne de sa vigueur, que les joueurs redeviennent plus actifs etc. Je ne pensais sinc\u00e8rement pas me pr\u00e9senter un jour mais maintenant, il le faut\u00a0! Je ne me raccroche pas au fil manipulateur de certains autres candidats qui attendent &lt;&gt;. Ma parole est libre et je dis ce que je veux quand je veux, sans me soucier des \u00e9ventuelles r\u00e9percussions que cela pourrais avoir. Je me d\u00e9clare maintenant et s\u2019il m\u2019estime digne, le peuple Vpmien m\u2019\u00e9lira. Certains rient d\u00e9j\u00e0 derri\u00e8re leur \u00e9cran en me traitant d\u2019abruti quand d\u2019autres se disent &lt;&gt;. Mon mandat sera celui de la diversit\u00e9 et de l\u2019int\u00e9gration des nouveaux joueurs avec les anciens car disons le, il existe sur VPM une &lt;&gt; entre jeunes et anciens. Durant mon mandat, le forum sera vivant\u00a0: une activit\u00e9 tous les 2 jours, ce qui poussera les joueurs \u00e0 se connecter plus souvent, et ce qui fluidifiera le forum. Les r\u00e9compenses de ces animations se feront en plakass d\u2019une part, MAIS comme sous mon mandat, l\u2019imp\u00f4t sera de 5% (taux minimum), les r\u00e9compenses d\u2019animations seront des postes de ministre, de secr\u00e9taire d\u2019Etat, de cr\u00e9dits, ou d\u2019aide \u00e0 l\u2019\u00e9lection\u00a0! Ainsi, les vieux joueurs touchant des enveloppes quand ils n\u2019en ont pas besoin pourront les convertir autrement\u00a0! Chacun y trouvera son compte\u00a0!<\/p>\n<p style=\"text-align: justify;\">Aussi je vais maintenant publier mon programme qui sera applicable au lendemain de ma possible \u00e9lection\u00a0: Il est \u00e9vident que pour chaque proposition s\u2019entend le tr\u00e8s cordial &lt;&gt;<br \/>\n&#8211; Abrogation de toutes les lois Vpmiennes ant\u00e9rieures \u00e0 mon mandat<br \/>\n&#8211; Baisse des imp\u00f4ts<br \/>\n&#8211; 1 animation tous les 2 jours<br \/>\n&#8211; Cr\u00e9ation d\u2019un secr\u00e9tariat d\u2019Etat pour donner leur chance aux jeunes joueurs<br \/>\n&#8211; Un cahier de dol\u00e9ance\/boite \u00e0 id\u00e9es en lien direct avec le pr\u00e9sident<br \/>\n&#8211; Maintien de certaines anciennes animations comme le bookmaker (investir une enveloppe pour faire monter les cours), le dictateur \u00e0 abattre etc\u2026`<br \/>\n&#8211; Renouveau des VPM d\u2019or<br \/>\n&#8211; Cr\u00e9ation\/am\u00e9lioration d\u2019animations (apologie \u00e0 la pr\u00e9sidence\u00a0; cluedo am\u00e9lior\u00e9\u00a0; concours du meilleur descriptif de parti\u00a0; concours du meilleur slogan\u00a0; plus belle lettre de demande de financement pr\u00e9sidentiel\u00a0; qui veut gagner des plakass (un remake avec un certain jean pierre)\u00a0; etc etc.<\/p>\n<p style=\"text-align: justify;\">Voil\u00e0 en quelques lignes la teneure de mon programme. Cette liste est non exhaustive mais elle vous permettra surement de saisir la teneure de ma ligne politique<\/p>\n<p style=\"text-align: justify;\">N\u2019h\u00e9sitez pas\u00a0! Si vous voulez prendre votre carte \u00e0 l\u2019Alternative ou si vous voulez donner votre contribution au journal, il suffit de mp Dictatus ou d\u2019\u00e9crire un mail \u00e0\u00a0: alternativedictatus(at)gmail(point)com<br \/>\nSi vous voulez m\u2019envoyer un petit mot de soutien cela fait toujours plaisir aussi\u00a0!<\/p>\n<p style=\"text-align: justify;\">Auteur: Dictatus<\/p>\n","protected":false},"excerpt":{"rendered":"<p>De temps \u00e0 autre, Dictatus vous propose son point de vue d\u00e9cal\u00e9 et sans aucune langue de bois sur l\u2019actualit\u00e9 de VPM.<\/p>\n","protected":false},"author":14,"featured_media":0,"comment_status":"open","ping_status":"open","sticky":false,"template":"","format":"standard","meta":{"site-container-style":"default","site-container-layout":"default","site-sidebar-layout":"default","disable-article-header":"default","disable-site-header":"default","disable-site-footer":"default","disable-content-area-spacing":"default","footnotes":""},"categories":[302],"tags":[],"class_list":["post-23103","post","type-post","status-publish","format-standard","hentry","category-5-la-tribune-libre"],"_links":{"self":[{"href":"https:\/\/vpmedias.fr\/index.php?rest_route=\/wp\/v2\/posts\/23103","targetHints":{"allow":["GET"]}}],"collection":[{"href":"https:\/\/vpmedias.fr\/index.php?rest_route=\/wp\/v2\/posts"}],"about":[{"href":"https:\/\/vpmedias.fr\/index.php?rest_route=\/wp\/v2\/types\/post"}],"author":[{"embeddable":true,"href":"https:\/\/vpmedias.fr\/index.php?rest_route=\/wp\/v2\/users\/14"}],"replies":[{"embeddable":true,"href":"https:\/\/vpmedias.fr\/index.php?rest_route=%2Fwp%2Fv2%2Fcomments&post=23103"}],"version-history":[{"count":2,"href":"https:\/\/vpmedias.fr\/index.php?rest_route=\/wp\/v2\/posts\/23103\/revisions"}],"predecessor-version":[{"id":23132,"href":"https:\/\/vpmedias.fr\/index.php?rest_route=\/wp\/v2\/posts\/23103\/revisions\/23132"}],"wp:attachment":[{"href":"https:\/\/vpmedias.fr\/index.php?rest_route=%2Fwp%2Fv2%2Fmedia&parent=23103"}],"wp:term":[{"taxonomy":"category","embeddable":true,"href":"https:\/\/vpmedias.fr\/index.php?rest_route=%2Fwp%2Fv2%2Fcategories&post=23103"},{"taxonomy":"post_tag","embeddable":true,"href":"https:\/\/vpmedias.fr\/index.php?rest_route=%2Fwp%2Fv2%2Ftags&post=23103"}],"curies":[{"name":"wp","href":"https:\/\/api.w.org\/{rel}","templated":true}]}}