{"id":23185,"date":"2015-11-30T19:25:33","date_gmt":"2015-11-30T18:25:33","guid":{"rendered":"http:\/\/vpmedias.fr\/?p=23185"},"modified":"2017-02-01T20:49:17","modified_gmt":"2017-02-01T19:49:17","slug":"linterview-agreable-de-chlochlos","status":"publish","type":"post","link":"https:\/\/vpmedias.fr\/?p=23185","title":{"rendered":"L\u2019interview agr\u00e9able de Chlochlos"},"content":{"rendered":"<p style=\"text-align: justify\"><strong>1) Bonjour Chlochlos,veux tu te pr\u00e9senter \u00e0 ceux qui ne te connaissent pas ?<\/strong><\/p>\n<p style=\"text-align: justify\"><em>Bonjour, je suis actuellement porte parole du parti For ever, Maire de Grenoble, ministre de la R\u00e9publique et jusqu&rsquo;\u00e0 hier pr\u00e9sident de R\u00e9gion.<\/em><\/p>\n<p style=\"text-align: justify\"><strong>2) Quels sont tes multis et quels sont leur partis ?<\/strong><\/p>\n<p style=\"text-align: justify\"><em>Mes multis sont Jordanallory et Emtec pr\u00e9sent au PCD et Un soir de Juillet<\/em><\/p>\n<p style=\"text-align: justify\"><strong>3<\/strong><strong>) As tu des ambitions pour la prochaine pr\u00e9sidentielle ?<\/strong><\/p>\n<p style=\"text-align: justify\"><em>Et bien, je pense qu&rsquo;il faut le dire, je suis candidat \u00e0 la primaire de mon parti, et avec mon \u00e9quipe nous allons l&#8217;emporter. Cette premi\u00e8re phase est une base solide pour concourir \u00e0 la pr\u00e9sidentielle. Je suis \u00e9galement en pourparler avec diff\u00e9rents partis pour avoir leur soutien.. Je peux donc dire que Krusty et Visiondiff\u00e9rente me compterons sur le top d\u00e9part !<\/em><\/p>\n<p style=\"text-align: justify\"><strong>4) As tu des ennemis sur le jeu ?<\/strong><\/p>\n<p style=\"text-align: justify\"><em>Il faudrait leur poser la question<\/em><\/p>\n<p style=\"text-align: justify\"><strong>5) Comment trouves-tu Talisman a la pr\u00e9sidence ? Son gouvernement ?<\/strong><\/p>\n<p style=\"text-align: justify\"><em>Talisman est un bon pr\u00e9sent et le gouvernement auquel je fais partit est un gouvernement qui prend son r\u00f4le tr\u00e8s \u00e0 c\u0153ur<\/em><\/p>\n<p style=\"text-align: justify\"><strong>6) Quels sont tes projet pour tes partis ?<\/strong><\/p>\n<p style=\"text-align: justify\"><em>Mes projets&#8230; qu&rsquo;ils prosp\u00e8rent et je fais le v\u0153ux qu&rsquo;il arrive dans le top 3<\/em><\/p>\n<p style=\"text-align: justify\"><strong>7) Quelle chose faut il changer ou supprimer sur VPM ?<\/strong><\/p>\n<p style=\"text-align: justify\">S<em>ur VPM il faut mettre un place un r\u00e9el r\u00f4le pour les pr\u00e9sidents de r\u00e9gions comme nous avions r\u00e9former le statut de porte parole, il faut \u00e9galement revoir en profondeur l&rsquo;accueille des jeunes joueurs enfin il faut encadrer la corruption<\/em><\/p>\n<p style=\"text-align: justify\"><strong>9) Quelles sont tes ambitions de ministre, que veux-tu faire sue VPM en tant que ministre ?<br \/>\n<\/strong><\/p>\n<p style=\"text-align: justify\"><em>Mes ambitions en tant que ministre simplement redynamiser VPM chose que nous avons bien commencer \u00e0 faire<\/em><\/p>\n<p style=\"text-align: justify\"><strong>1<\/strong><strong>0) Quelque chose \u00e0 rajouter ?<\/strong><\/p>\n<p style=\"text-align: justify\"><em>\u00a0<\/em><em>Enfin je veux rajouter rien du tout :d<\/em><\/p>\n<p style=\"text-align: justify\"><em>Interview r\u00e9alis\u00e9e le 22 octobre 2015.<\/em><\/p>\n","protected":false},"excerpt":{"rendered":"<p>\u00ab\u00a0Talisman est un bon pr\u00e9sent et le gouvernement auquel je fais partit est un gouvernement qui prend son r\u00f4le tr\u00e8s \u00e0 c\u0153ur\u00a0\u00bb<\/p>\n","protected":false},"author":198,"featured_media":0,"comment_status":"open","ping_status":"open","sticky":false,"template":"","format":"standard","meta":{"site-container-style":"default","site-container-layout":"default","site-sidebar-layout":"default","disable-article-header":"default","disable-site-header":"default","disable-site-footer":"default","disable-content-area-spacing":"default","footnotes":""},"categories":[312,4],"tags":[34,649,640,209],"class_list":["post-23185","post","type-post","status-publish","format-standard","hentry","category-g-a-la-une","category-2-vpmc","tag-interview","tag-interview-agreable","tag-interview-express","tag-people"],"_links":{"self":[{"href":"https:\/\/vpmedias.fr\/index.php?rest_route=\/wp\/v2\/posts\/23185","targetHints":{"allow":["GET"]}}],"collection":[{"href":"https:\/\/vpmedias.fr\/index.php?rest_route=\/wp\/v2\/posts"}],"about":[{"href":"https:\/\/vpmedias.fr\/index.php?rest_route=\/wp\/v2\/types\/post"}],"author":[{"embeddable":true,"href":"https:\/\/vpmedias.fr\/index.php?rest_route=\/wp\/v2\/users\/198"}],"replies":[{"embeddable":true,"href":"https:\/\/vpmedias.fr\/index.php?rest_route=%2Fwp%2Fv2%2Fcomments&post=23185"}],"version-history":[{"count":26,"href":"https:\/\/vpmedias.fr\/index.php?rest_route=\/wp\/v2\/posts\/23185\/revisions"}],"predecessor-version":[{"id":34075,"href":"https:\/\/vpmedias.fr\/index.php?rest_route=\/wp\/v2\/posts\/23185\/revisions\/34075"}],"wp:attachment":[{"href":"https:\/\/vpmedias.fr\/index.php?rest_route=%2Fwp%2Fv2%2Fmedia&parent=23185"}],"wp:term":[{"taxonomy":"category","embeddable":true,"href":"https:\/\/vpmedias.fr\/index.php?rest_route=%2Fwp%2Fv2%2Fcategories&post=23185"},{"taxonomy":"post_tag","embeddable":true,"href":"https:\/\/vpmedias.fr\/index.php?rest_route=%2Fwp%2Fv2%2Ftags&post=23185"}],"curies":[{"name":"wp","href":"https:\/\/api.w.org\/{rel}","templated":true}]}}