{"id":23203,"date":"2015-11-08T09:35:39","date_gmt":"2015-11-08T08:35:39","guid":{"rendered":"http:\/\/vpmedias.fr\/?p=23203"},"modified":"2017-02-01T20:49:18","modified_gmt":"2017-02-01T19:49:18","slug":"linterview-agreable-de-pierrelouis","status":"publish","type":"post","link":"https:\/\/vpmedias.fr\/?p=23203","title":{"rendered":"Interview de Pierrelouis"},"content":{"rendered":"<p style=\"text-align: justify\"><strong>1) Bonjour Pierrelouis, peux-tu te pr\u00e9senter \u00e0 nos lecteurs ?<\/strong><br \/>\n<em>Bonjour \u00e0 tous, je me pr\u00e9sente, je m&rsquo;appelle Pierrelouis, je suis joueur de VPM depuis 2013.<\/em><\/p>\n<p style=\"text-align: justify\"><img loading=\"lazy\" decoding=\"async\" class=\"alignright\" alt=\"\" src=\"http:\/\/www.votezpourmoi.com\/photos\/6398130.jpg\" width=\"150\" height=\"210\" \/><\/p>\n<p style=\"text-align: justify\"><!--more--><em>J&rsquo;ai \u00e9t\u00e9 secr\u00e9taire d&rsquo;\u00e9tat \u00e0 la jeunesse et au baratin sous Mamix, puis juge sous talisman et enfin procureur sous Ganad et jusqu&rsquo;\u00e0 aujourd&rsquo;hui. Je suis tr\u00e8s engag\u00e9 dans la communaut\u00e9 essentiellement dans l&rsquo;actualit\u00e9 puisque j&rsquo;ai ouvert en janvier 2015 le NEW MEDIA consacr\u00e9 essentiellement sur l&rsquo;actualit\u00e9 pr\u00e9sidentiel, c&rsquo;est un journal neutre.\u00a0<\/em><\/p>\n<p style=\"text-align: justify\"><strong>2) Parle-nous de ton parcours politique ?<\/strong><\/p>\n<p style=\"text-align: justify\"><em>Je ne pensais pas r\u00e9ussir ma premi\u00e8re campagne du premier coup. Je m&rsquo;\u00e9tait pr\u00e9sent\u00e9 \u00e0 la mairie de Dinan, apr\u00e8s 10 jours de campagnes intense et de d\u00e9couvertes du jeu, j&rsquo;ai \u00e9t\u00e9 \u00e9lu maire de Dinan avec 64 % des voix, le message \u00e9tait clair, je devais continuer ma vie politique sur VPM.\u00a0<\/em><\/p>\n<p style=\"text-align: justify\"><strong>3) Parle-nous de ton parti ?<\/strong><\/p>\n<p style=\"text-align: justify\"><em>Je suis actuellement au Parti D\u00e9terministre, je pense que ce parti a plus \u00e0 m\u00e9riter : la preuve par le classement.<\/em><\/p>\n<p style=\"text-align: justify\"><strong>4) Que pense tu des 2 mandats de Talisman ?<\/strong><\/p>\n<p style=\"text-align: justify\"><em>Je pense qu&rsquo;il est temps de faire du m\u00e9nage \u00e0 l&rsquo;Elys\u00e9e. Ses deux mandats ont \u00e9t\u00e9 catastrophique. C&rsquo;est le pr\u00e9sident le plus impopulaire de VPM. J&rsquo;esp\u00e8re qu&rsquo;au prochaines \u00e9lections pr\u00e9sidentielles que le peuple Vpmiens fera un choix intelligent et judicieux.<\/em><\/p>\n<p style=\"text-align: justify\"><strong>5) Que pense-tu des personnes comme Visiondiderrente ou Abdet ?<\/strong><\/p>\n<p style=\"text-align: justify\"><em>J&rsquo;ai vu derni\u00e8rement que Visiondifferente \u00e9tait impliqu\u00e9 dans un proc\u00e8s voulu par Chlochlos. En tout, 14 accusations contre lui&#8230;. il est fort ce joueur&#8230;. tr\u00e8s fort.<\/em><\/p>\n<p style=\"text-align: justify\"><strong>6) Que pense tu de la r\u00e9volution sur VPM ?<\/strong><\/p>\n<p style=\"text-align: justify\"><em>C&rsquo;est pas trop t\u00f4t, depuis le temps que\u00a0\u00e7a\u00a0germe dans la t\u00eate des Vpmiens. Dens \u00e0 eu les cou****les de lancer le mouvement. Cette nouveaut\u00e9 est en train d&rsquo;entrer dans\u00a0l&rsquo;Histoire de VPM, un grand changement dans la moralit\u00e9 des joueurs s&rsquo;op\u00e8re en ce moment, la preuve ils se r\u00e9voltent contre Talisman, ils en ont marre des incomp\u00e9tents.<\/em><\/p>\n<p style=\"text-align: justify\"><strong>7) Es-tu partisan de la r\u00e9volution ?<\/strong><\/p>\n<p style=\"text-align: justify\"><em>Bien s\u00fbr, et \u00e7a ne date pas d&rsquo;hier.<\/em><\/p>\n<p style=\"text-align: justify\">[auteur]<\/p>\n","protected":false},"excerpt":{"rendered":"<p>J&rsquo;ai \u00e9t\u00e9 secr\u00e9taire d&rsquo;\u00e9tat \u00e0 la jeunesse et au baratin sous Mamix, puis juge sous talisman et enfin procureur sous Ganad et jusqu&rsquo;\u00e0 aujourd&rsquo;hui.<\/p>\n","protected":false},"author":198,"featured_media":0,"comment_status":"open","ping_status":"open","sticky":false,"template":"","format":"standard","meta":{"site-container-style":"default","site-container-layout":"default","site-sidebar-layout":"default","disable-article-header":"default","disable-site-header":"default","disable-site-footer":"default","disable-content-area-spacing":"default","footnotes":""},"categories":[312,4],"tags":[34,209,49],"class_list":["post-23203","post","type-post","status-publish","format-standard","hentry","category-g-a-la-une","category-2-vpmc","tag-interview","tag-people","tag-portrait"],"_links":{"self":[{"href":"https:\/\/vpmedias.fr\/index.php?rest_route=\/wp\/v2\/posts\/23203","targetHints":{"allow":["GET"]}}],"collection":[{"href":"https:\/\/vpmedias.fr\/index.php?rest_route=\/wp\/v2\/posts"}],"about":[{"href":"https:\/\/vpmedias.fr\/index.php?rest_route=\/wp\/v2\/types\/post"}],"author":[{"embeddable":true,"href":"https:\/\/vpmedias.fr\/index.php?rest_route=\/wp\/v2\/users\/198"}],"replies":[{"embeddable":true,"href":"https:\/\/vpmedias.fr\/index.php?rest_route=%2Fwp%2Fv2%2Fcomments&post=23203"}],"version-history":[{"count":21,"href":"https:\/\/vpmedias.fr\/index.php?rest_route=\/wp\/v2\/posts\/23203\/revisions"}],"predecessor-version":[{"id":34077,"href":"https:\/\/vpmedias.fr\/index.php?rest_route=\/wp\/v2\/posts\/23203\/revisions\/34077"}],"wp:attachment":[{"href":"https:\/\/vpmedias.fr\/index.php?rest_route=%2Fwp%2Fv2%2Fmedia&parent=23203"}],"wp:term":[{"taxonomy":"category","embeddable":true,"href":"https:\/\/vpmedias.fr\/index.php?rest_route=%2Fwp%2Fv2%2Fcategories&post=23203"},{"taxonomy":"post_tag","embeddable":true,"href":"https:\/\/vpmedias.fr\/index.php?rest_route=%2Fwp%2Fv2%2Ftags&post=23203"}],"curies":[{"name":"wp","href":"https:\/\/api.w.org\/{rel}","templated":true}]}}